{"id":43065,"date":"2018-01-11T09:23:00","date_gmt":"2018-01-11T12:23:00","guid":{"rendered":"http:\/\/www.simepe.com.br\/novo\/?p=43065"},"modified":"2018-01-11T09:23:00","modified_gmt":"2018-01-11T12:23:00","slug":"perguntas-e-respostas-sobre-febre-amarela-infeccao-vacinacao-e-sintoma","status":"publish","type":"post","link":"https:\/\/www.simepe.com.br\/novo\/perguntas-e-respostas-sobre-febre-amarela-infeccao-vacinacao-e-sintoma\/","title":{"rendered":"Perguntas e respostas sobre febre amarela: infec\u00e7\u00e3o, vacina\u00e7\u00e3o e sintoma"},"content":{"rendered":"<p style=\"text-align: justify;\">Pessoas que moram ou v\u00e3o viajar para regi\u00f5es silvestres, rurais ou de mata dentro das \u00e1reas de risco, no Brasil ou no exterior, devem se vacinar<\/p>\n<p style=\"text-align: justify;\">O Minist\u00e9rio da Sa\u00fade anunciou uma campanha emergencial de vacina\u00e7\u00e3o para conter o avan\u00e7o da febre amarela em S\u00e3o Paulo, na Bahia e no Rio de Janeiro, e em \u00e1reas que at\u00e9 ent\u00e3o n\u00e3o tinham recomenda\u00e7\u00e3o para imuniza\u00e7\u00e3o contra a doen\u00e7a. Nos tr\u00eas Estados, a meta ser\u00e1 a de alcan\u00e7ar 19,7 milh\u00f5es de pessoas. A seguir, tire suas d\u00favidas sobre vacina\u00e7\u00e3o, sintomas e infec\u00e7\u00e3o da febre amarela.<\/p>\n<p style=\"text-align: justify;\"><strong>Preven\u00e7\u00e3o (Vacina\u00e7\u00e3o):<\/strong><\/p>\n<p style=\"text-align: justify;\">\n&#8211; Crian\u00e7as: a partir dos 9 meses (6 meses em \u00e1reas de risco);<br \/>\n&#8211; Adultos n\u00e3o vacinados: uma dose.<\/p>\n<p style=\"text-align: justify;\"><strong>Para evitar picadas:<\/strong><\/p>\n<p style=\"text-align: justify;\">\n&#8211; Usar repelente (evitar os que tamb\u00e9m t\u00eam protetor solar);<br \/>\n&#8211; Aplicar o protetor antes do repelente;<br \/>\n&#8211; N\u00e3o usar repelentes em crian\u00e7as com menos de 2 meses;<br \/>\n&#8211; Evitar perfume em \u00e1reas de mata;<br \/>\n&#8211; Vestir roupas compridas e claras (ou com permetrina);<br \/>\n&#8211; Usar mosqueteiros e telas.<\/p>\n<p style=\"text-align: justify;\">\n<strong>Controle do mosquito:<\/strong><\/p>\n<p style=\"text-align: justify;\">\n&#8211; Evitar \u00e1gua parada e tomar os mesmos cuidados da dengue, porque h\u00e1 risco de a doen\u00e7a ser contra\u00edda pelo Aedes aegypti (o que n\u00e3o acontece no Brasil desde 1942).<br \/>\nDist\u00e2ncia de \u00e1reas de risco:<br \/>\n&#8211; Evitar \u00e1reas de mata com registros da doen\u00e7a; caso v\u00e1 viajar a esses locais, tome a vacina ao menos dez dias antes.<\/p>\n<p style=\"text-align: justify;\"><strong>Tratamento<\/strong><\/p>\n<p style=\"text-align: justify;\">\n&#8211; \u00c9 apenas sintom\u00e1tico, com antit\u00e9rmicos e analg\u00e9sicos (anti-inflamat\u00f3rios e salicilatos como AAS n\u00e3o devem ser usados);<br \/>\n&#8211; Hospitaliza\u00e7\u00e3o quando necess\u00e1rio, com reposi\u00e7\u00e3o de l\u00edquidos e perdas sangu\u00edneas;<br \/>\n&#8211; Uso de tela, por exemplo, para evitar o contato do doente com mosquitos.<\/p>\n<p style=\"text-align: justify;\"><strong>Perguntas e respostas:<\/strong><\/p>\n<p style=\"text-align: justify;\">\n<strong>&#8211; Como se prevenir contra a febre amarela?<\/strong><\/p>\n<p style=\"text-align: justify;\">\nA vacina\u00e7\u00e3o \u00e9 a principal medida de preven\u00e7\u00e3o e controle.<\/p>\n<p style=\"text-align: justify;\"><strong>&#8211; Quem deve se vacinar?<\/strong><\/p>\n<p style=\"text-align: justify;\">\nPessoas que moram ou v\u00e3o viajar para regi\u00f5es silvestres, rurais ou de mata dentro das \u00e1reas de risco, no Brasil ou no exterior -a imuniza\u00e7\u00e3o deve ser feita dez dias antes da viagem. A lista de cidades com recomenda\u00e7\u00e3o pode ser consultada em <a href=\"http:\/\/portalms.saude.gov.br\/saude-de-a-z\/febre-amarela\">saude.gov.br\/febreamarela<\/a>.<\/p>\n<p style=\"text-align: justify;\"><strong>&#8211; As crian\u00e7as podem receber a vacina da febre amarela junto com outras vacinas?<\/strong><\/p>\n<p style=\"text-align: justify;\">\nSim, exceto com a tr\u00edplice viral (contra sarampo, rub\u00e9ola e caxumba) ou a tetra viral (contra sarampo, rub\u00e9ola, caxumba e varicela). Se a crian\u00e7a n\u00e3o recebeu nenhuma das tr\u00eas e for atualizar a vacina\u00e7\u00e3o, ela deve tomar a de febre amarela e agendar a tr\u00edplice ou a tetra para 30 dias depois.<\/p>\n<p style=\"text-align: justify;\"><strong>&#8211; J\u00e1 tive febre amarela, preciso me vacinar?<\/strong><\/p>\n<p style=\"text-align: justify;\">\nA infec\u00e7\u00e3o provoca imunidade bastante duradoura.<\/p>\n<p style=\"text-align: justify;\"><strong>&#8211; A vacina \u00e9 100% eficiente? \u00c9 segura?<\/strong><\/p>\n<p style=\"text-align: justify;\">\nA efic\u00e1cia chega a 90% e ela \u00e9 bastante segura. Pode causar rea\u00e7\u00f5es adversas, como qualquer medicamento, mas casos graves s\u00e3o raros. Dores no corpo, de cabe\u00e7a e febre podem afetar entre 2% e 5% dos vacinados.<\/p>\n<p style=\"text-align: justify;\"><strong>&#8211; Onde ela est\u00e1 dispon\u00edvel?<\/strong><\/p>\n<p style=\"text-align: justify;\">\nNa rede p\u00fablica, pode ser encontrada gratuitamente em unidades b\u00e1sicas de sa\u00fade. Na particular, custa cerca de R$ 250.<\/p>\n<p style=\"text-align: justify;\"><strong>&#8211; Quantas doses \u00e9 preciso tomar?<\/strong><\/p>\n<p style=\"text-align: justify;\">\nUma dose \u00e9 suficiente para a vida toda, segundo o Minist\u00e9rio da Sa\u00fade e da OMS (Organiza\u00e7\u00e3o Mundial de Sa\u00fade). No caso das crian\u00e7as, ela pode ser tomada a partir dos nove meses de idade (seis meses para as que vivem em \u00e1reas de risco).<\/p>\n<p style=\"text-align: justify;\"><strong>&#8211; Quem n\u00e3o pode tomar a vacina?<\/strong><\/p>\n<p style=\"text-align: justify;\">\nBeb\u00eas com menos de 6 meses (e mulheres que amamentam crian\u00e7as at\u00e9 essa idade), al\u00e9rgicos a ovo e pessoas imunodeprimidas em raz\u00e3o de doen\u00e7a ou tratamento. No caso de gestantes, pessoas com doen\u00e7as autoimunes ou com mais de 60 anos, a vacina\u00e7\u00e3o deve ser analisada por um m\u00e9dico.<\/p>\n<p style=\"text-align: justify;\"><strong>&#8211; Tenho indica\u00e7\u00e3o para vacina, mas perdi meu cart\u00e3o de vacina\u00e7\u00e3o e n\u00e3o sei se tomei a dose. O que fazer?<\/strong><\/p>\n<p style=\"text-align: justify;\">\nProcure o servi\u00e7o de sa\u00fade que costuma frequentar e tente resgatar seu hist\u00f3rico. Caso n\u00e3o seja poss\u00edvel, a recomenda\u00e7\u00e3o \u00e9 fazer a vacina\u00e7\u00e3o normalmente.<\/p>\n<p style=\"text-align: justify;\"><strong>&#8211; Ap\u00f3s a infec\u00e7\u00e3o pelo v\u00edrus, em quanto tempo a doen\u00e7a se manifesta?<\/strong><\/p>\n<p style=\"text-align: justify;\">\nOs sintomas iniciais aparecem de tr\u00eas a seis dias depois.<\/p>\n<p style=\"text-align: justify;\"><strong>&#8211; Quais s\u00e3o os sintomas?<\/strong><\/p>\n<p style=\"text-align: justify;\">\nInicialmente, febre, calafrios, dores no corpo, n\u00e1useas e v\u00f4mitos. A maioria das pessoas melhora ap\u00f3s os sintomas iniciais, mas cerca de 15% desenvolvem sintomas mais graves, como hemorragia, que podem levar \u00e0 morte.<\/p>\n<p style=\"text-align: justify;\">\n<p style=\"text-align: justify;\">Fonte: Folha de Pernambuco<\/p>\n","protected":false},"excerpt":{"rendered":"<p>Pessoas que moram ou v\u00e3o viajar para regi\u00f5es silvestres, rurais ou de mata dentro das \u00e1reas de risco, no Brasil ou no exterior, devem se vacinar O Minist\u00e9rio da Sa\u00fade anunciou uma campanha emergencial de vacina\u00e7\u00e3o para conter o avan\u00e7o da febre amarela em S\u00e3o Paulo, na Bahia e no Rio de Janeiro, e em [&hellip;]<\/p>\n","protected":false},"author":1,"featured_media":0,"comment_status":"open","ping_status":"open","sticky":false,"template":"","format":"standard","meta":{"ocean_post_layout":"","ocean_both_sidebars_style":"","ocean_both_sidebars_content_width":0,"ocean_both_sidebars_sidebars_width":0,"ocean_sidebar":"","ocean_second_sidebar":"","ocean_disable_margins":"enable","ocean_add_body_class":"","ocean_shortcode_before_top_bar":"","ocean_shortcode_after_top_bar":"","ocean_shortcode_before_header":"","ocean_shortcode_after_header":"","ocean_has_shortcode":"","ocean_shortcode_after_title":"","ocean_shortcode_before_footer_widgets":"","ocean_shortcode_after_footer_widgets":"","ocean_shortcode_before_footer_bottom":"","ocean_shortcode_after_footer_bottom":"","ocean_display_top_bar":"default","ocean_display_header":"default","ocean_header_style":"","ocean_center_header_left_menu":"","ocean_custom_header_template":"","ocean_custom_logo":0,"ocean_custom_retina_logo":0,"ocean_custom_logo_max_width":0,"ocean_custom_logo_tablet_max_width":0,"ocean_custom_logo_mobile_max_width":0,"ocean_custom_logo_max_height":0,"ocean_custom_logo_tablet_max_height":0,"ocean_custom_logo_mobile_max_height":0,"ocean_header_custom_menu":"","ocean_menu_typo_font_family":"","ocean_menu_typo_font_subset":"","ocean_menu_typo_font_size":0,"ocean_menu_typo_font_size_tablet":0,"ocean_menu_typo_font_size_mobile":0,"ocean_menu_typo_font_size_unit":"px","ocean_menu_typo_font_weight":"","ocean_menu_typo_font_weight_tablet":"","ocean_menu_typo_font_weight_mobile":"","ocean_menu_typo_transform":"","ocean_menu_typo_transform_tablet":"","ocean_menu_typo_transform_mobile":"","ocean_menu_typo_line_height":0,"ocean_menu_typo_line_height_tablet":0,"ocean_menu_typo_line_height_mobile":0,"ocean_menu_typo_line_height_unit":"","ocean_menu_typo_spacing":0,"ocean_menu_typo_spacing_tablet":0,"ocean_menu_typo_spacing_mobile":0,"ocean_menu_typo_spacing_unit":"","ocean_menu_link_color":"","ocean_menu_link_color_hover":"","ocean_menu_link_color_active":"","ocean_menu_link_background":"","ocean_menu_link_hover_background":"","ocean_menu_link_active_background":"","ocean_menu_social_links_bg":"","ocean_menu_social_hover_links_bg":"","ocean_menu_social_links_color":"","ocean_menu_social_hover_links_color":"","ocean_disable_title":"default","ocean_disable_heading":"default","ocean_post_title":"","ocean_post_subheading":"","ocean_post_title_style":"","ocean_post_title_background_color":"","ocean_post_title_background":0,"ocean_post_title_bg_image_position":"","ocean_post_title_bg_image_attachment":"","ocean_post_title_bg_image_repeat":"","ocean_post_title_bg_image_size":"","ocean_post_title_height":0,"ocean_post_title_bg_overlay":0.5,"ocean_post_title_bg_overlay_color":"","ocean_disable_breadcrumbs":"default","ocean_breadcrumbs_color":"","ocean_breadcrumbs_separator_color":"","ocean_breadcrumbs_links_color":"","ocean_breadcrumbs_links_hover_color":"","ocean_display_footer_widgets":"default","ocean_display_footer_bottom":"default","ocean_custom_footer_template":"","ocean_post_oembed":"","ocean_post_self_hosted_media":"","ocean_post_video_embed":"","ocean_link_format":"","ocean_link_format_target":"self","ocean_quote_format":"","ocean_quote_format_link":"post","ocean_gallery_link_images":"on","ocean_gallery_id":[]},"categories":[9],"tags":[],"acf":[],"_links":{"self":[{"href":"https:\/\/www.simepe.com.br\/novo\/wp-json\/wp\/v2\/posts\/43065"}],"collection":[{"href":"https:\/\/www.simepe.com.br\/novo\/wp-json\/wp\/v2\/posts"}],"about":[{"href":"https:\/\/www.simepe.com.br\/novo\/wp-json\/wp\/v2\/types\/post"}],"author":[{"embeddable":true,"href":"https:\/\/www.simepe.com.br\/novo\/wp-json\/wp\/v2\/users\/1"}],"replies":[{"embeddable":true,"href":"https:\/\/www.simepe.com.br\/novo\/wp-json\/wp\/v2\/comments?post=43065"}],"version-history":[{"count":1,"href":"https:\/\/www.simepe.com.br\/novo\/wp-json\/wp\/v2\/posts\/43065\/revisions"}],"predecessor-version":[{"id":43066,"href":"https:\/\/www.simepe.com.br\/novo\/wp-json\/wp\/v2\/posts\/43065\/revisions\/43066"}],"wp:attachment":[{"href":"https:\/\/www.simepe.com.br\/novo\/wp-json\/wp\/v2\/media?parent=43065"}],"wp:term":[{"taxonomy":"category","embeddable":true,"href":"https:\/\/www.simepe.com.br\/novo\/wp-json\/wp\/v2\/categories?post=43065"},{"taxonomy":"post_tag","embeddable":true,"href":"https:\/\/www.simepe.com.br\/novo\/wp-json\/wp\/v2\/tags?post=43065"}],"curies":[{"name":"wp","href":"https:\/\/api.w.org\/{rel}","templated":true}]}}