{"id":43075,"date":"2018-01-11T10:48:21","date_gmt":"2018-01-11T13:48:21","guid":{"rendered":"http:\/\/www.simepe.com.br\/novo\/?p=43075"},"modified":"2018-01-11T10:48:21","modified_gmt":"2018-01-11T13:48:21","slug":"postos-de-saude-do-recife-em-situacao-precaria","status":"publish","type":"post","link":"https:\/\/www.simepe.com.br\/novo\/postos-de-saude-do-recife-em-situacao-precaria\/","title":{"rendered":"Postos de Sa\u00fade do Recife em situa\u00e7\u00e3o prec\u00e1ria"},"content":{"rendered":"<p style=\"text-align: justify;\">O presidente do Sindicato dos M\u00e9dicos de Pernambuco diz que os Pet Shops da cidade est\u00e3o melhores do que as Unidades de Sa\u00fade<\/p>\n<p style=\"text-align: justify;\">Os m\u00e9dicos da prefeitura do Recife iniciaram na manh\u00e3 de segunda-feira (8) uma paralisa\u00e7\u00e3o. Um ato como &#8220;forma de protesto contra os descasos da gest\u00e3o da prefeitura do Recife com a sa\u00fade p\u00fablica&#8221;, at\u00e9 a sexta-feira (12). As cr\u00edticas s\u00e3o in\u00fameras e a falta de estrutura para se trabalhar dignamente \u00e9 um dos pontos mais combatidos. Na comunidade do Alto Santa Terezinha, por exemplo, na Zona Norte do Recife, um posto de sa\u00fade est\u00e1 com a constru\u00e7\u00e3o para ser finalizada h\u00e1 sete anos; seus atendimentos t\u00eam sido remanejados para uma casa de primeiro andar, que fica a alguns metros da obra.<\/p>\n<p style=\"text-align: justify;\">Segundo informado pela moradora local Ana L\u00facia, 35 anos, que estava tentando marcar uma consulta para a sua filha, o espa\u00e7o para onde o posto de sa\u00fade foi encaminhado, desde que desativaram o \u2018Posto do Alto do Pascoal\u2019, (comunidade que fica ao lado) \u00e9 \u201cuma casa improvisada. Por conta disso, s\u00e3o cerca de 30 fichas distribu\u00eddas por dia para atender tanto o Terezinha como o Pascoal. A gente, pra conseguir uma ficha, tem que chegar bem cedo\u201d, afirmou. Ela, juntamente com outras pessoas que estavam no local, reclamam da demora para conseguir ser consultado pelos m\u00e9dicos. \u201cS\u00f3 para marcar a consulta \u00e9 mais de 1 m\u00eas, dependendo do caso\u201d, afirmou Ninha, como prefer ser chamada. Alguns dos moradores, que preferiram n\u00e3o se identificar, afirmam que se fosse no \u2018Posto do Pascoal\u2019, seria melhor.<\/p>\n<p style=\"text-align: justify;\">Matos ao redor, constru\u00e7\u00e3o caindo, lixos amontoados, barro, buracos e um seguran\u00e7a para cuidar de todo o espa\u00e7o da constru\u00e7\u00e3o que, segundo Veridiana Sizino, l\u00edder comunit\u00e1ria, vem se arrastando desde 2011, quando derrubaram a antiga Unidade de Sa\u00fade da Fam\u00edlia, para construir uma Upinha. \u201cAgora j\u00e1 vamos para a terceira empresa que ser\u00e1 respons\u00e1vel pela constru\u00e7\u00e3o desse espa\u00e7o. A prefeitura diz que toda vez que a empresa respons\u00e1vel desiste, tem que se fazer uma nova licita\u00e7\u00e3o, e isso j\u00e1 dura 7 anos\u201d, informa. Vera, como \u00e9 conhecida, informou, tamb\u00e9m, que a \u00faltima vez que o representante da prefeitura foi l\u00e1 para se reunir com a comunidade, foi no dia 7 de novembro de 2017. \u201cFalaram que iriam dar continuidade \u00e0s obras e, agora no m\u00eas de mar\u00e7o, (2018) a obra seria conclu\u00edda. S\u00f3 que a gente passa por l\u00e1 e n\u00e3o v\u00ea ningu\u00e9m trabalhando\u201d, pondera.<\/p>\n<p style=\"text-align: justify;\">Moradores denunciam que quando o espa\u00e7o, a &#8220;casa de improviso&#8221;, est\u00e1 cheio de gente, \u00e9 insuport\u00e1vel, ficando dif\u00edcil at\u00e9 para os profissionais. O &#8220;posto de improviso&#8221; conta hoje com tr\u00eas m\u00e9dicos que atendem gestantes, crian\u00e7as, jovens e idosos.<\/p>\n<p style=\"text-align: justify;\"><strong>Abandono Generalizado<\/strong><\/p>\n<p style=\"text-align: justify;\">Esse caso no bairro de \u00c1gua Fria, segundo informado pelo presidente do Sindicato dos M\u00e9dicos de Pernambuco (Simepe), Tadeu Calheiros, n\u00e3o \u00e9 um caso isolado. H\u00e1 Postos de Sa\u00fade da Fam\u00edlia (PSFs) e Centros de Aten\u00e7\u00e3o Psicossocial (CAPs) funcionando de forma \u201cimprovisada em toda regi\u00e3o do Recife&#8221;. Tadeu conta que na V\u00e1rzea, Zona Oeste da capital, a Unidade de Sa\u00fade da Fam\u00edlia Campo do Banco est\u00e1 funcionando num container. \u201cEsse ato \u00e9 uma forma de chamar a aten\u00e7\u00e3o da sociedade e do prefeito, para que ele possa dar prioridade para a sa\u00fade do munic\u00edpio, porque os Pet Shops da cidade est\u00e3o melhores do que as PSFs\u201d, confirma.<\/p>\n<p style=\"text-align: justify;\">Segundo o representante dos m\u00e9dicos em Pernambuco, o Sindicato j\u00e1 realizou v\u00e1rias reuni\u00f5es com a secretaria de sa\u00fade do Recife, na tentativa de viabilizar um melhor tratamento para essa \u00e1rea e seus profissionais &#8211; mas tudo indica que at\u00e9 o momento n\u00e3o tiveram sucesso. At\u00e9 a seguran\u00e7a nos Postos e Centros de sa\u00fade est\u00e1, segundo o presidente, defasada. \u201cTiraram os seguran\u00e7as das unidades e v\u00e3o colocar c\u00e2meras de seguran\u00e7a. Tudo isso sem, se quer, um monitoramento online\u201d, afirma.<\/p>\n<p style=\"text-align: justify;\">O Simepe acentua que j\u00e1 pediu para conversar diretamente com o prefeito Geraldo J\u00falio, que nega o encontro e informa ser poss\u00edvel apenas com a Secretaria de Sa\u00fade do Recife. \u201dNa pr\u00e1tica n\u00e3o \u00e9 como se v\u00ea na televis\u00e3o (na propaganda de gest\u00e3o). N\u00e3o est\u00e1 tendo uma prioriza\u00e7\u00e3o da sa\u00fade por parte da gest\u00e3o do atual prefeito. Ano passado, os profissionais da \u00e1rea tiveram um reajuste de 0%; falta pessoal e condi\u00e7\u00e3o humana para atendimento da popula\u00e7\u00e3o\u201d, lamenta Tadeu Calheiros.<\/p>\n<p style=\"text-align: justify;\">\nOs m\u00e9dicos da prefeitura do Recife iniciaram na manh\u00e3 de segunda-feira (8) uma paralisa\u00e7\u00e3o. Um ato como &#8220;forma de protesto contra os descasos da gest\u00e3o da prefeitura do Recife com a sa\u00fade p\u00fablica&#8221;, at\u00e9 a sexta-feira (12). As cr\u00edticas s\u00e3o in\u00fameras e a falta de estrutura para se trabalhar dignamente \u00e9 um dos pontos mais combatidos. Na comunidade do Alto Santa Terezinha, por exemplo, na Zona Norte do Recife, um posto de sa\u00fade est\u00e1 com a constru\u00e7\u00e3o para ser finalizada h\u00e1 sete anos; seus atendimentos t\u00eam sido remanejados para uma casa de primeiro andar, que fica a alguns metros da obra.<\/p>\n<p style=\"text-align: justify;\">Segundo informado pela moradora local Ana L\u00facia, 35 anos, que estava tentando marcar uma consulta para a sua filha, o espa\u00e7o para onde o posto de sa\u00fade foi encaminhado, desde que desativaram o \u2018Posto do Alto do Pascoal\u2019, (comunidade que fica ao lado) \u00e9 \u201cuma casa improvisada. Por conta disso, s\u00e3o cerca de 30 fichas distribu\u00eddas por dia para atender tanto o Terezinha como o Pascoal. A gente, pra conseguir uma ficha, tem que chegar bem cedo\u201d, afirmou. Ela, juntamente com outras pessoas que estavam no local, reclamam da demora para conseguir ser consultado pelos m\u00e9dicos. \u201cS\u00f3 para marcar a consulta \u00e9 mais de 1 m\u00eas, dependendo do caso\u201d, afirmou Ninha, como prefer ser chamada. Alguns dos moradores, que preferiram n\u00e3o se identificar, afirmam que se fosse no \u2018Posto do Pascoal\u2019, seria melhor.<\/p>\n<p style=\"text-align: justify;\">Matos ao redor, constru\u00e7\u00e3o caindo, lixos amontoados, barro, buracos e um seguran\u00e7a para cuidar de todo o espa\u00e7o da constru\u00e7\u00e3o que, segundo Veridiana Sizino, l\u00edder comunit\u00e1ria, vem se arrastando desde 2011, quando derrubaram a antiga Unidade de Sa\u00fade da Fam\u00edlia, para construir uma Upinha. \u201cAgora j\u00e1 vamos para a terceira empresa que ser\u00e1 respons\u00e1vel pela constru\u00e7\u00e3o desse espa\u00e7o. A prefeitura diz que toda vez que a empresa respons\u00e1vel desiste, tem que se fazer uma nova licita\u00e7\u00e3o, e isso j\u00e1 dura 7 anos\u201d, informa. Vera, como \u00e9 conhecida, informou, tamb\u00e9m, que a \u00faltima vez que o representante da prefeitura foi l\u00e1 para se reunir com a comunidade, foi no dia 7 de novembro de 2017. \u201cFalaram que iriam dar continuidade \u00e0s obras e, agora no m\u00eas de mar\u00e7o, (2018) a obra seria conclu\u00edda. S\u00f3 que a gente passa por l\u00e1 e n\u00e3o v\u00ea ningu\u00e9m trabalhando\u201d, pondera.<\/p>\n<p style=\"text-align: justify;\">Moradores denunciam que quando o espa\u00e7o, a &#8220;casa de improviso&#8221;, est\u00e1 cheio de gente, \u00e9 insuport\u00e1vel, ficando dif\u00edcil at\u00e9 para os profissionais. O &#8220;posto de improviso&#8221; conta hoje com tr\u00eas m\u00e9dicos que atendem gestantes, crian\u00e7as, jovens e idosos.<\/p>\n<p style=\"text-align: justify;\"><strong>Abandono Generalizado<\/strong><\/p>\n<p style=\"text-align: justify;\">Esse caso no bairro de \u00c1gua Fria, segundo informado pelo presidente do Sindicato dos M\u00e9dicos de Pernambuco (Simepe), Tadeu Calheiros, n\u00e3o \u00e9 um caso isolado. H\u00e1 Postos de Sa\u00fade da Fam\u00edlia (PSFs) e Centros de Aten\u00e7\u00e3o Psicossocial (CAPs) funcionando de forma \u201cimprovisada em toda regi\u00e3o do Recife&#8221;. Tadeu conta que na V\u00e1rzea, Zona Oeste da capital, a Unidade de Sa\u00fade da Fam\u00edlia Campo do Banco est\u00e1 funcionando num container. \u201cEsse ato \u00e9 uma forma de chamar a aten\u00e7\u00e3o da sociedade e do prefeito, para que ele possa dar prioridade para a sa\u00fade do munic\u00edpio, porque os Pet Shops da cidade est\u00e3o melhores do que as PSFs\u201d, confirma.<\/p>\n<p style=\"text-align: justify;\">Segundo o representante dos m\u00e9dicos em Pernambuco, o Sindicato j\u00e1 realizou v\u00e1rias reuni\u00f5es com a secretaria de sa\u00fade do Recife, na tentativa de viabilizar um melhor tratamento para essa \u00e1rea e seus profissionais &#8211; mas tudo indica que at\u00e9 o momento n\u00e3o tiveram sucesso. At\u00e9 a seguran\u00e7a nos Postos e Centros de sa\u00fade est\u00e1, segundo o presidente, defasada. \u201cTiraram os seguran\u00e7as das unidades e v\u00e3o colocar c\u00e2meras de seguran\u00e7a. Tudo isso sem, se quer, um monitoramento online\u201d, afirma.<\/p>\n<p style=\"text-align: justify;\">O Simepe acentua que j\u00e1 pediu para conversar diretamente com o prefeito Geraldo J\u00falio, que nega o encontro e informa ser poss\u00edvel apenas com a Secretaria de Sa\u00fade do Recife. \u201dNa pr\u00e1tica n\u00e3o \u00e9 como se v\u00ea na televis\u00e3o (na propaganda de gest\u00e3o). N\u00e3o est\u00e1 tendo uma prioriza\u00e7\u00e3o da sa\u00fade por parte da gest\u00e3o do atual prefeito. Ano passado, os profissionais da \u00e1rea tiveram um reajuste de 0%; falta pessoal e condi\u00e7\u00e3o humana para atendimento da popula\u00e7\u00e3o\u201d, lamenta Tadeu Calheiros.<\/p>\n<p style=\"text-align: justify;\">\n<p style=\"text-align: justify;\"><strong>O que diz a prefeitura?<\/strong><\/p>\n<p style=\"text-align: justify;\">Atrav\u00e9s de nota oficial, a Secretaria de Sa\u00fade do Recife informa que, &#8220;no per\u00edodo de 2013 at\u00e9 agora, foram investidos cerca de R$ 40 milh\u00f5es na reforma de 170 unidades. Mais oito unidades de sa\u00fade est\u00e3o em processo de requalifica\u00e7\u00e3o&#8221;. Em rela\u00e7\u00e3o \u00e0 Unidade de Sa\u00fade da Fam\u00edlia Campo do Banco, situada na V\u00e1rzea, a Ger\u00eancia do Distrito Sanit\u00e1rio IV explica que o im\u00f3vel que abrigava a USF est\u00e1 com a estrutura comprometida.<\/p>\n<p style=\"text-align: justify;\">&#8220;A Ger\u00eancia esclarece que tem se reunido com a comunidade para tratar da situa\u00e7\u00e3o, e ficou acordado que, enquanto procura outro im\u00f3vel na \u00e1rea, os moradores cadastrados, para n\u00e3o terem prejudicado seu acesso \u00e0 Sa\u00fade, ser\u00e3o atendidos provisoriamente pelas duas Equipes de Sa\u00fade da Fam\u00edlia em cont\u00eaineres. Servi\u00e7os de odontologia e curativos est\u00e3o sendo feitos no Centro de Sa\u00fade Olinto de Oliveira, no mesmo bairro&#8221;.<\/p>\n<p style=\"text-align: justify;\">J\u00e1 em rela\u00e7\u00e3o \u00e0 obra da Upinha Alto do Pascoal, cuja ordem de servi\u00e7o foi assinada em 2015, a Prefeitura diz que &#8220;est\u00e1 em andamento com previs\u00e3o de entrega ainda no primeiro semestre deste ano&#8221;.<\/p>\n<p style=\"text-align: justify;\">Em rela\u00e7\u00e3o \u00e0s fraldas geri\u00e1tricas, a Secretaria de Sa\u00fade do Recife esclarece que a &#8220;distribui\u00e7\u00e3o de fraldas descart\u00e1veis n\u00e3o est\u00e1 prevista na lista da assist\u00eancia farmac\u00eautica do Minist\u00e9rio da Sa\u00fade, portanto n\u00e3o \u00e9 financiada pelo Sistema \u00danico de Sa\u00fade. O Recife, inclusive, \u00e9 uma das poucas cidades do pa\u00eds que tem um programa de distribui\u00e7\u00e3o de fraldas. Com a atual escassez de recursos, gerada devido a crise econ\u00f4mica dos \u00faltimos 3 anos, o munic\u00edpio tem sido obrigado a priorizar os compromissos obrigat\u00f3rios previstos em lei. Entendendo a relev\u00e2ncia social do tema, a Secretaria de Sa\u00fade do Recife estuda a viabilidade de novas aquisi\u00e7\u00f5es em 2018&#8221;.<\/p>\n<p style=\"text-align: justify;\"><img src=\"http:\/\/www.leiaja.com\/sites\/default\/files\/field\/image\/noticias\/topo\/2018\/01\/_lja5192.jpg\" alt=\"Paulo Uch\u00f4a\/LeiaJ\u00e1Imagens\" \/><\/p>\n<p style=\"text-align: justify;\"><img src=\"http:\/\/www.leiaja.com\/sites\/default\/files\/imagens\/2018\/_lja5226.jpg\" alt=\"\" \/><\/p>\n<p style=\"text-align: justify;\"><img src=\"http:\/\/www.leiaja.com\/sites\/default\/files\/imagens\/2018\/_lja5183.jpg\" alt=\"Casa que abriga a Unidade de Sa\u00fade desde o in\u00edcio da constru\u00e7\u00e3o da futura Upinha, em 2011\" \/><\/p>\n<p style=\"text-align: justify;\">Fonte: Leia J\u00e1<\/p>\n","protected":false},"excerpt":{"rendered":"<p>O presidente do Sindicato dos M\u00e9dicos de Pernambuco diz que os Pet Shops da cidade est\u00e3o melhores do que as Unidades de Sa\u00fade Os m\u00e9dicos da prefeitura do Recife iniciaram na manh\u00e3 de segunda-feira (8) uma paralisa\u00e7\u00e3o. Um ato como &#8220;forma de protesto contra os descasos da gest\u00e3o da prefeitura do Recife com a sa\u00fade [&hellip;]<\/p>\n","protected":false},"author":1,"featured_media":0,"comment_status":"open","ping_status":"open","sticky":false,"template":"","format":"standard","meta":{"ocean_post_layout":"","ocean_both_sidebars_style":"","ocean_both_sidebars_content_width":0,"ocean_both_sidebars_sidebars_width":0,"ocean_sidebar":"","ocean_second_sidebar":"","ocean_disable_margins":"enable","ocean_add_body_class":"","ocean_shortcode_before_top_bar":"","ocean_shortcode_after_top_bar":"","ocean_shortcode_before_header":"","ocean_shortcode_after_header":"","ocean_has_shortcode":"","ocean_shortcode_after_title":"","ocean_shortcode_before_footer_widgets":"","ocean_shortcode_after_footer_widgets":"","ocean_shortcode_before_footer_bottom":"","ocean_shortcode_after_footer_bottom":"","ocean_display_top_bar":"default","ocean_display_header":"default","ocean_header_style":"","ocean_center_header_left_menu":"","ocean_custom_header_template":"","ocean_custom_logo":0,"ocean_custom_retina_logo":0,"ocean_custom_logo_max_width":0,"ocean_custom_logo_tablet_max_width":0,"ocean_custom_logo_mobile_max_width":0,"ocean_custom_logo_max_height":0,"ocean_custom_logo_tablet_max_height":0,"ocean_custom_logo_mobile_max_height":0,"ocean_header_custom_menu":"","ocean_menu_typo_font_family":"","ocean_menu_typo_font_subset":"","ocean_menu_typo_font_size":0,"ocean_menu_typo_font_size_tablet":0,"ocean_menu_typo_font_size_mobile":0,"ocean_menu_typo_font_size_unit":"px","ocean_menu_typo_font_weight":"","ocean_menu_typo_font_weight_tablet":"","ocean_menu_typo_font_weight_mobile":"","ocean_menu_typo_transform":"","ocean_menu_typo_transform_tablet":"","ocean_menu_typo_transform_mobile":"","ocean_menu_typo_line_height":0,"ocean_menu_typo_line_height_tablet":0,"ocean_menu_typo_line_height_mobile":0,"ocean_menu_typo_line_height_unit":"","ocean_menu_typo_spacing":0,"ocean_menu_typo_spacing_tablet":0,"ocean_menu_typo_spacing_mobile":0,"ocean_menu_typo_spacing_unit":"","ocean_menu_link_color":"","ocean_menu_link_color_hover":"","ocean_menu_link_color_active":"","ocean_menu_link_background":"","ocean_menu_link_hover_background":"","ocean_menu_link_active_background":"","ocean_menu_social_links_bg":"","ocean_menu_social_hover_links_bg":"","ocean_menu_social_links_color":"","ocean_menu_social_hover_links_color":"","ocean_disable_title":"default","ocean_disable_heading":"default","ocean_post_title":"","ocean_post_subheading":"","ocean_post_title_style":"","ocean_post_title_background_color":"","ocean_post_title_background":0,"ocean_post_title_bg_image_position":"","ocean_post_title_bg_image_attachment":"","ocean_post_title_bg_image_repeat":"","ocean_post_title_bg_image_size":"","ocean_post_title_height":0,"ocean_post_title_bg_overlay":0.5,"ocean_post_title_bg_overlay_color":"","ocean_disable_breadcrumbs":"default","ocean_breadcrumbs_color":"","ocean_breadcrumbs_separator_color":"","ocean_breadcrumbs_links_color":"","ocean_breadcrumbs_links_hover_color":"","ocean_display_footer_widgets":"default","ocean_display_footer_bottom":"default","ocean_custom_footer_template":"","ocean_post_oembed":"","ocean_post_self_hosted_media":"","ocean_post_video_embed":"","ocean_link_format":"","ocean_link_format_target":"self","ocean_quote_format":"","ocean_quote_format_link":"post","ocean_gallery_link_images":"on","ocean_gallery_id":[]},"categories":[9],"tags":[],"acf":[],"_links":{"self":[{"href":"https:\/\/www.simepe.com.br\/novo\/wp-json\/wp\/v2\/posts\/43075"}],"collection":[{"href":"https:\/\/www.simepe.com.br\/novo\/wp-json\/wp\/v2\/posts"}],"about":[{"href":"https:\/\/www.simepe.com.br\/novo\/wp-json\/wp\/v2\/types\/post"}],"author":[{"embeddable":true,"href":"https:\/\/www.simepe.com.br\/novo\/wp-json\/wp\/v2\/users\/1"}],"replies":[{"embeddable":true,"href":"https:\/\/www.simepe.com.br\/novo\/wp-json\/wp\/v2\/comments?post=43075"}],"version-history":[{"count":1,"href":"https:\/\/www.simepe.com.br\/novo\/wp-json\/wp\/v2\/posts\/43075\/revisions"}],"predecessor-version":[{"id":43076,"href":"https:\/\/www.simepe.com.br\/novo\/wp-json\/wp\/v2\/posts\/43075\/revisions\/43076"}],"wp:attachment":[{"href":"https:\/\/www.simepe.com.br\/novo\/wp-json\/wp\/v2\/media?parent=43075"}],"wp:term":[{"taxonomy":"category","embeddable":true,"href":"https:\/\/www.simepe.com.br\/novo\/wp-json\/wp\/v2\/categories?post=43075"},{"taxonomy":"post_tag","embeddable":true,"href":"https:\/\/www.simepe.com.br\/novo\/wp-json\/wp\/v2\/tags?post=43075"}],"curies":[{"name":"wp","href":"https:\/\/api.w.org\/{rel}","templated":true}]}}