{"id":43194,"date":"2018-01-16T09:01:57","date_gmt":"2018-01-16T12:01:57","guid":{"rendered":"http:\/\/www.simepe.com.br\/novo\/?p=43194"},"modified":"2018-01-16T09:02:00","modified_gmt":"2018-01-16T12:02:00","slug":"sobe-para-11-o-numero-de-mortos-por-febre-amarela-em-minas-gerais","status":"publish","type":"post","link":"https:\/\/www.simepe.com.br\/novo\/sobe-para-11-o-numero-de-mortos-por-febre-amarela-em-minas-gerais\/","title":{"rendered":"Sobe para 11 o n\u00famero de mortos por febre amarela em Minas Gerais"},"content":{"rendered":"<p style=\"text-align: justify;\">O governador de Minas, Fernando Pimentel (PT), decretou situa\u00e7\u00e3o de emerg\u00eancia em sa\u00fade p\u00fablica nas \u00e1reas do Estado atingidas pela doen\u00e7a<\/p>\n<p style=\"text-align: justify;\">O governo de Minas Gerais confirmou nesta segunda-feira (15) que mais duas pessoas morreram depois de contra\u00edrem o v\u00edrus da febre amarela no Estado. Com isso, subiu para 11 o n\u00famero de \u00f3bitos em decorr\u00eancia da doen\u00e7a, entre 2017 e os primeiros dias de 2018. Dos 12 resultados positivos para febre amarela confirmados no Estado, 11 deles resultaram em \u00f3bito. At\u00e9 o momento, apenas um morador de Brumadinho conseguiu se curar da doen\u00e7a.<\/p>\n<p style=\"text-align: justify;\">Segundo a Secretaria de Estado da Sa\u00fade (SES), as \u00faltimas duas mortes ocorreram em Goian\u00e1, na Zona da Mata, e Nova Lima, na Regi\u00e3o Metropolitana, que registrou o maior n\u00famero de v\u00edtimas -quatro, ao todo. As outras mortes foram registradas em Brumadinho (1), Mariana (2), Carmo da Mata (1), Mar de Espanha (1) e Barra Longa (1). Outros 34 casos de suspeita da doen\u00e7a continuam sob investiga\u00e7\u00e3o pelas autoridades de sa\u00fade de Minas.<\/p>\n<p style=\"text-align: justify;\"><strong>Emerg\u00eancia<\/strong><\/p>\n<p style=\"text-align: justify;\">Na \u00faltima sexta (13), o governador de Minas, Fernando Pimentel (PT), decretou situa\u00e7\u00e3o de emerg\u00eancia em sa\u00fade p\u00fablica nas \u00e1reas do Estado atingidas pela doen\u00e7a. O decreto vale por 180 dias e abrange 152 munic\u00edpios do leste de Minas. Publicado no &#8220;Di\u00e1rio Oficial&#8221; de Minas, o dispositivo permite que o governo dispense licita\u00e7\u00f5es para a compra de medicamentos e fa\u00e7a contrata\u00e7\u00f5es tempor\u00e1rias de pessoal para conter o avan\u00e7o da febre e tratar os doentes.<\/p>\n<p style=\"text-align: justify;\">\n<p style=\"text-align: justify;\">Fonte: Folha de Pernambuco<\/p>\n","protected":false},"excerpt":{"rendered":"<p>O governador de Minas, Fernando Pimentel (PT), decretou situa\u00e7\u00e3o de emerg\u00eancia em sa\u00fade p\u00fablica nas \u00e1reas do Estado atingidas pela doen\u00e7a O governo de Minas Gerais confirmou nesta segunda-feira (15) que mais duas pessoas morreram depois de contra\u00edrem o v\u00edrus da febre amarela no Estado. Com isso, subiu para 11 o n\u00famero de \u00f3bitos em [&hellip;]<\/p>\n","protected":false},"author":1,"featured_media":0,"comment_status":"open","ping_status":"open","sticky":false,"template":"","format":"standard","meta":{"ocean_post_layout":"","ocean_both_sidebars_style":"","ocean_both_sidebars_content_width":0,"ocean_both_sidebars_sidebars_width":0,"ocean_sidebar":"","ocean_second_sidebar":"","ocean_disable_margins":"enable","ocean_add_body_class":"","ocean_shortcode_before_top_bar":"","ocean_shortcode_after_top_bar":"","ocean_shortcode_before_header":"","ocean_shortcode_after_header":"","ocean_has_shortcode":"","ocean_shortcode_after_title":"","ocean_shortcode_before_footer_widgets":"","ocean_shortcode_after_footer_widgets":"","ocean_shortcode_before_footer_bottom":"","ocean_shortcode_after_footer_bottom":"","ocean_display_top_bar":"default","ocean_display_header":"default","ocean_header_style":"","ocean_center_header_left_menu":"","ocean_custom_header_template":"","ocean_custom_logo":0,"ocean_custom_retina_logo":0,"ocean_custom_logo_max_width":0,"ocean_custom_logo_tablet_max_width":0,"ocean_custom_logo_mobile_max_width":0,"ocean_custom_logo_max_height":0,"ocean_custom_logo_tablet_max_height":0,"ocean_custom_logo_mobile_max_height":0,"ocean_header_custom_menu":"","ocean_menu_typo_font_family":"","ocean_menu_typo_font_subset":"","ocean_menu_typo_font_size":0,"ocean_menu_typo_font_size_tablet":0,"ocean_menu_typo_font_size_mobile":0,"ocean_menu_typo_font_size_unit":"px","ocean_menu_typo_font_weight":"","ocean_menu_typo_font_weight_tablet":"","ocean_menu_typo_font_weight_mobile":"","ocean_menu_typo_transform":"","ocean_menu_typo_transform_tablet":"","ocean_menu_typo_transform_mobile":"","ocean_menu_typo_line_height":0,"ocean_menu_typo_line_height_tablet":0,"ocean_menu_typo_line_height_mobile":0,"ocean_menu_typo_line_height_unit":"","ocean_menu_typo_spacing":0,"ocean_menu_typo_spacing_tablet":0,"ocean_menu_typo_spacing_mobile":0,"ocean_menu_typo_spacing_unit":"","ocean_menu_link_color":"","ocean_menu_link_color_hover":"","ocean_menu_link_color_active":"","ocean_menu_link_background":"","ocean_menu_link_hover_background":"","ocean_menu_link_active_background":"","ocean_menu_social_links_bg":"","ocean_menu_social_hover_links_bg":"","ocean_menu_social_links_color":"","ocean_menu_social_hover_links_color":"","ocean_disable_title":"default","ocean_disable_heading":"default","ocean_post_title":"","ocean_post_subheading":"","ocean_post_title_style":"","ocean_post_title_background_color":"","ocean_post_title_background":0,"ocean_post_title_bg_image_position":"","ocean_post_title_bg_image_attachment":"","ocean_post_title_bg_image_repeat":"","ocean_post_title_bg_image_size":"","ocean_post_title_height":0,"ocean_post_title_bg_overlay":0.5,"ocean_post_title_bg_overlay_color":"","ocean_disable_breadcrumbs":"default","ocean_breadcrumbs_color":"","ocean_breadcrumbs_separator_color":"","ocean_breadcrumbs_links_color":"","ocean_breadcrumbs_links_hover_color":"","ocean_display_footer_widgets":"default","ocean_display_footer_bottom":"default","ocean_custom_footer_template":"","ocean_post_oembed":"","ocean_post_self_hosted_media":"","ocean_post_video_embed":"","ocean_link_format":"","ocean_link_format_target":"self","ocean_quote_format":"","ocean_quote_format_link":"post","ocean_gallery_link_images":"on","ocean_gallery_id":[]},"categories":[9],"tags":[],"acf":[],"_links":{"self":[{"href":"https:\/\/www.simepe.com.br\/novo\/wp-json\/wp\/v2\/posts\/43194"}],"collection":[{"href":"https:\/\/www.simepe.com.br\/novo\/wp-json\/wp\/v2\/posts"}],"about":[{"href":"https:\/\/www.simepe.com.br\/novo\/wp-json\/wp\/v2\/types\/post"}],"author":[{"embeddable":true,"href":"https:\/\/www.simepe.com.br\/novo\/wp-json\/wp\/v2\/users\/1"}],"replies":[{"embeddable":true,"href":"https:\/\/www.simepe.com.br\/novo\/wp-json\/wp\/v2\/comments?post=43194"}],"version-history":[{"count":1,"href":"https:\/\/www.simepe.com.br\/novo\/wp-json\/wp\/v2\/posts\/43194\/revisions"}],"predecessor-version":[{"id":43195,"href":"https:\/\/www.simepe.com.br\/novo\/wp-json\/wp\/v2\/posts\/43194\/revisions\/43195"}],"wp:attachment":[{"href":"https:\/\/www.simepe.com.br\/novo\/wp-json\/wp\/v2\/media?parent=43194"}],"wp:term":[{"taxonomy":"category","embeddable":true,"href":"https:\/\/www.simepe.com.br\/novo\/wp-json\/wp\/v2\/categories?post=43194"},{"taxonomy":"post_tag","embeddable":true,"href":"https:\/\/www.simepe.com.br\/novo\/wp-json\/wp\/v2\/tags?post=43194"}],"curies":[{"name":"wp","href":"https:\/\/api.w.org\/{rel}","templated":true}]}}