{"id":43196,"date":"2018-01-16T09:04:41","date_gmt":"2018-01-16T12:04:41","guid":{"rendered":"http:\/\/www.simepe.com.br\/novo\/?p=43196"},"modified":"2018-01-16T09:04:41","modified_gmt":"2018-01-16T12:04:41","slug":"morador-de-sp-morre-em-salvador-em-decorrencia-da-febre-amarela","status":"publish","type":"post","link":"https:\/\/www.simepe.com.br\/novo\/morador-de-sp-morre-em-salvador-em-decorrencia-da-febre-amarela\/","title":{"rendered":"Morador de SP morre em Salvador em decorr\u00eancia da febre amarela"},"content":{"rendered":"<p style=\"text-align: justify;\">No dia 5, deu entrada na UPA (Unidade de Pronto Atendimento) do munic\u00edpio com os sintomas da doen\u00e7a, onde permaneceu at\u00e9 o dia 9<\/p>\n<p style=\"text-align: justify;\">Um morador de Tabo\u00e3o da Serra (Grande SP) de 49 anos morreu neste domingo (14) depois de contrair o v\u00edrus da febre amarela. O paciente sofreu uma parada card\u00edaca depois de cinco dias internado no hospital Couto Maia, em Salvador.<\/p>\n<p style=\"text-align: justify;\">Antes de ser transferido para a capital baiana, a v\u00edtima Osmar Ramos havia passado alguns dias em Itaberaba -a 290 km de Salvador. Ele estava na cidade desde o in\u00edcio do ano em visita \u00e0 fam\u00edlia. No dia 5, deu entrada na UPA (Unidade de Pronto Atendimento) do munic\u00edpio com os sintomas da doen\u00e7a, onde permaneceu at\u00e9 o dia 9.<\/p>\n<p style=\"text-align: justify;\">Segundo nota da Prefeitura de Itaberaba, &#8220;o diagn\u00f3stico foi confirmado pelo Laborat\u00f3rio Central, em Salvador (Lacem)&#8221;. A Prefeitura de Tabo\u00e3o da Serra (SP), onde Ramos morava, diz que est\u00e1 investigando o caso e acredita que Ramos n\u00e3o tenha sido contaminado na cidade. &#8220;A \u00e1rea de moradia do paciente \u00e9 densamente urbanizada n\u00e3o possui \u00e1rea rural nem presen\u00e7a de vetores da febre amarela silvestre&#8221;, afirmou em nota o coordenador de Vigil\u00e2ncia Epidemiol\u00f3gica do munic\u00edpio, Milton Parron Junior.<\/p>\n<p style=\"text-align: justify;\">O local prov\u00e1vel da infec\u00e7\u00e3o est\u00e1 sendo monitorado, segundo a prefeitura de Tabo\u00e3o, por meio do hist\u00f3rico de deslocamentos do homem durante as festividades de final de ano. Jornais locais dizem que Ramos passou o R\u00e9veillon em Itapecerica da Serra (SP), cidade da regi\u00e3o metropolitana de S\u00e3o Paulo que j\u00e1 registrou a morte de dez macacos por febre amarela.<\/p>\n<p style=\"text-align: justify;\">&#8220;A Secretaria de Sa\u00fade n\u00e3o pode afirmar [que o homem tenha sido contaminado em Itapecerica da Serra]. O resultado da necr\u00f3psia ser\u00e1 determinante para toda a elucida\u00e7\u00e3o diagn\u00f3stica do caso&#8221;, afirma a nota do munic\u00edpio.<\/p>\n<p style=\"text-align: justify;\"><strong>Vacina\u00e7\u00e3o<\/strong><\/p>\n<p style=\"text-align: justify;\">\nAp\u00f3s a confirma\u00e7\u00e3o do caso importado, ou seja, que n\u00e3o teve origem na Bahia, a Prefeitura de Itaberaba intensificou as a\u00e7\u00f5es no fim de semana com a aplica\u00e7\u00e3o de 3.500 vacinas.<\/p>\n<p style=\"text-align: justify;\">O campanha de imuniza\u00e7\u00e3o no Estado acontecer\u00e1 entre 19 de fevereiro e 9 de mar\u00e7o. Oito cidades, incluindo Salvador, receber\u00e3o a dose fracionada, que tem um quinto do volume da dose tradicional e vale por cerca de oito anos.<\/p>\n<p style=\"text-align: justify;\">Outros 97 munic\u00edpios em \u00e1reas de risco receber\u00e3o a dose integral, que vale para a vida toda. A meta \u00e9 vacinar ao menos 95% da popula\u00e7\u00e3o dessas cidades, selecionadas por terem hist\u00f3rico de febre amarela em macacos em 2017.<\/p>\n<p style=\"text-align: justify;\">O chamado dia D, quando h\u00e1 maior mobiliza\u00e7\u00e3o nos postos de sa\u00fade, est\u00e1 marcado para 24 de fevereiro no Estado nordestino -assim como em S\u00e3o Paulo e no Rio de Janeiro. O surto de febre amarela que atingiu o Brasil no ano passado foi o maior desde 1980 em humanos. De julho de 2016 a junho de 2017 (per\u00edodo considerado por causa da sazonalidade da doen\u00e7a), foram confirmados 777 casos e 261 mortes no pa\u00eds. Em setembro, o governo federal deu o surto como encerrado. O \u00faltimo caso havia sido registrado em junho, no Esp\u00edrito Santo.<\/p>\n<p style=\"text-align: justify;\">Desde ent\u00e3o, foram confirmados 11 casos e 4 \u00f3bitos, segundo o Minist\u00e9rio da Sa\u00fade, que tem dados menos atualizados que as secretarias estaduais de sa\u00fade. S\u00e3o Paulo tem o maior n\u00famero de ocorr\u00eancias em humanos (8 casos e 4 mortes), seguido pelo Distrito Federal, Rio e Minas Gerais.<\/p>\n<p style=\"text-align: justify;\">\n<p style=\"text-align: justify;\">Fonte: Folha de Pernambuco<\/p>\n","protected":false},"excerpt":{"rendered":"<p>No dia 5, deu entrada na UPA (Unidade de Pronto Atendimento) do munic\u00edpio com os sintomas da doen\u00e7a, onde permaneceu at\u00e9 o dia 9 Um morador de Tabo\u00e3o da Serra (Grande SP) de 49 anos morreu neste domingo (14) depois de contrair o v\u00edrus da febre amarela. O paciente sofreu uma parada card\u00edaca depois de [&hellip;]<\/p>\n","protected":false},"author":1,"featured_media":0,"comment_status":"open","ping_status":"open","sticky":false,"template":"","format":"standard","meta":{"ocean_post_layout":"","ocean_both_sidebars_style":"","ocean_both_sidebars_content_width":0,"ocean_both_sidebars_sidebars_width":0,"ocean_sidebar":"","ocean_second_sidebar":"","ocean_disable_margins":"enable","ocean_add_body_class":"","ocean_shortcode_before_top_bar":"","ocean_shortcode_after_top_bar":"","ocean_shortcode_before_header":"","ocean_shortcode_after_header":"","ocean_has_shortcode":"","ocean_shortcode_after_title":"","ocean_shortcode_before_footer_widgets":"","ocean_shortcode_after_footer_widgets":"","ocean_shortcode_before_footer_bottom":"","ocean_shortcode_after_footer_bottom":"","ocean_display_top_bar":"default","ocean_display_header":"default","ocean_header_style":"","ocean_center_header_left_menu":"","ocean_custom_header_template":"","ocean_custom_logo":0,"ocean_custom_retina_logo":0,"ocean_custom_logo_max_width":0,"ocean_custom_logo_tablet_max_width":0,"ocean_custom_logo_mobile_max_width":0,"ocean_custom_logo_max_height":0,"ocean_custom_logo_tablet_max_height":0,"ocean_custom_logo_mobile_max_height":0,"ocean_header_custom_menu":"","ocean_menu_typo_font_family":"","ocean_menu_typo_font_subset":"","ocean_menu_typo_font_size":0,"ocean_menu_typo_font_size_tablet":0,"ocean_menu_typo_font_size_mobile":0,"ocean_menu_typo_font_size_unit":"px","ocean_menu_typo_font_weight":"","ocean_menu_typo_font_weight_tablet":"","ocean_menu_typo_font_weight_mobile":"","ocean_menu_typo_transform":"","ocean_menu_typo_transform_tablet":"","ocean_menu_typo_transform_mobile":"","ocean_menu_typo_line_height":0,"ocean_menu_typo_line_height_tablet":0,"ocean_menu_typo_line_height_mobile":0,"ocean_menu_typo_line_height_unit":"","ocean_menu_typo_spacing":0,"ocean_menu_typo_spacing_tablet":0,"ocean_menu_typo_spacing_mobile":0,"ocean_menu_typo_spacing_unit":"","ocean_menu_link_color":"","ocean_menu_link_color_hover":"","ocean_menu_link_color_active":"","ocean_menu_link_background":"","ocean_menu_link_hover_background":"","ocean_menu_link_active_background":"","ocean_menu_social_links_bg":"","ocean_menu_social_hover_links_bg":"","ocean_menu_social_links_color":"","ocean_menu_social_hover_links_color":"","ocean_disable_title":"default","ocean_disable_heading":"default","ocean_post_title":"","ocean_post_subheading":"","ocean_post_title_style":"","ocean_post_title_background_color":"","ocean_post_title_background":0,"ocean_post_title_bg_image_position":"","ocean_post_title_bg_image_attachment":"","ocean_post_title_bg_image_repeat":"","ocean_post_title_bg_image_size":"","ocean_post_title_height":0,"ocean_post_title_bg_overlay":0.5,"ocean_post_title_bg_overlay_color":"","ocean_disable_breadcrumbs":"default","ocean_breadcrumbs_color":"","ocean_breadcrumbs_separator_color":"","ocean_breadcrumbs_links_color":"","ocean_breadcrumbs_links_hover_color":"","ocean_display_footer_widgets":"default","ocean_display_footer_bottom":"default","ocean_custom_footer_template":"","ocean_post_oembed":"","ocean_post_self_hosted_media":"","ocean_post_video_embed":"","ocean_link_format":"","ocean_link_format_target":"self","ocean_quote_format":"","ocean_quote_format_link":"post","ocean_gallery_link_images":"on","ocean_gallery_id":[]},"categories":[9],"tags":[],"acf":[],"_links":{"self":[{"href":"https:\/\/www.simepe.com.br\/novo\/wp-json\/wp\/v2\/posts\/43196"}],"collection":[{"href":"https:\/\/www.simepe.com.br\/novo\/wp-json\/wp\/v2\/posts"}],"about":[{"href":"https:\/\/www.simepe.com.br\/novo\/wp-json\/wp\/v2\/types\/post"}],"author":[{"embeddable":true,"href":"https:\/\/www.simepe.com.br\/novo\/wp-json\/wp\/v2\/users\/1"}],"replies":[{"embeddable":true,"href":"https:\/\/www.simepe.com.br\/novo\/wp-json\/wp\/v2\/comments?post=43196"}],"version-history":[{"count":1,"href":"https:\/\/www.simepe.com.br\/novo\/wp-json\/wp\/v2\/posts\/43196\/revisions"}],"predecessor-version":[{"id":43197,"href":"https:\/\/www.simepe.com.br\/novo\/wp-json\/wp\/v2\/posts\/43196\/revisions\/43197"}],"wp:attachment":[{"href":"https:\/\/www.simepe.com.br\/novo\/wp-json\/wp\/v2\/media?parent=43196"}],"wp:term":[{"taxonomy":"category","embeddable":true,"href":"https:\/\/www.simepe.com.br\/novo\/wp-json\/wp\/v2\/categories?post=43196"},{"taxonomy":"post_tag","embeddable":true,"href":"https:\/\/www.simepe.com.br\/novo\/wp-json\/wp\/v2\/tags?post=43196"}],"curies":[{"name":"wp","href":"https:\/\/api.w.org\/{rel}","templated":true}]}}