{"id":43201,"date":"2018-01-16T09:08:45","date_gmt":"2018-01-16T12:08:45","guid":{"rendered":"http:\/\/www.simepe.com.br\/novo\/?p=43201"},"modified":"2018-01-16T09:08:45","modified_gmt":"2018-01-16T12:08:45","slug":"medicos-do-recife-deflagram-greve-e-convocam-prefeito-para-reuniao","status":"publish","type":"post","link":"https:\/\/www.simepe.com.br\/novo\/medicos-do-recife-deflagram-greve-e-convocam-prefeito-para-reuniao\/","title":{"rendered":"M\u00e9dicos do Recife deflagram greve e convocam prefeito para reuni\u00e3o"},"content":{"rendered":"<p style=\"text-align: justify;\">Paralisa\u00e7\u00e3o come\u00e7a quinta. Categoria reclama da falta de negocia\u00e7\u00e3o sobre campanha salarial e problemas de infraestrutura<\/p>\n<p style=\"text-align: justify;\">Alegando esperar h\u00e1 mais de dois meses sem qualquer resposta da prefeitura sobre a campanha salarial, os m\u00e9dicos da rede municipal do Recife cruzam os bra\u00e7os por tempo indeterminado a partir da pr\u00f3xima quinta-feira (18). A decis\u00e3o, tomada na \u00faltima sexta-feira (12), ocorre ap\u00f3s o cumprimento do prazo legal de 72h e a comunica\u00e7\u00e3o \u00e0 gest\u00e3o da cidade. A greve ir\u00e1 afetar a rede ambulatorial, os Postos de Sa\u00fade da Fam\u00edlia (PSF) e os Centros de Aten\u00e7\u00e3o Psicossocial.<\/p>\n<p style=\"text-align: justify;\">Segundo o presidente do Sindicato dos M\u00e9dicos de Pernambuco (Simepe), Tadeu Calheiros, hoje cerca de mil m\u00e9dicos atuam no munic\u00edpio, mas somente 50% ir\u00e3o para os postos garantir o funcionamento apenas de urg\u00eancia, emerg\u00eancia e maternidades. Para aumentar a pol\u00eamica, a categoria est\u00e1 fazendo circular nas redes sociais e m\u00eddias impressas uma convocat\u00f3ria para conseguir audi\u00eancia com o prefeito Geraldo Julio.<\/p>\n<p style=\"text-align: justify;\">\u201cTivemos v\u00e1rias rodadas de negocia\u00e7\u00e3o. Come\u00e7ou ainda no primeiro trimestre de 2017. Os secret\u00e1rios de Sa\u00fade e Administra\u00e7\u00e3o sempre educados e corteses, mas sem efetividade. S\u00f3 escutam, mas n\u00e3o tem proposta nenhuma. Por isso esgotou. Se eles n\u00e3o t\u00eam proposta quem tem? O prefeito? Ent\u00e3o vamos buscar o prefeito. Ou se d\u00ea autonomia para os secret\u00e1rios avan\u00e7arem nas negocia\u00e7\u00f5es\u201d, criticou Tadeu Calheiros. Segundo dele, o \u00faltimo encontro com a gest\u00e3o aconteceu em outubro do ano passado.<\/p>\n<p style=\"text-align: justify;\">Com a insatisfa\u00e7\u00e3o na condu\u00e7\u00e3o da campanha salarial se arrastando h\u00e1 meses, o Simepe iniciou uma s\u00e9rie de paralisa\u00e7\u00f5es rel\u00e2mpago nos servi\u00e7os, denuncias de irregularidades nas infraestruturas e mais recentemente cartas aberta a popula\u00e7\u00e3o. A \u00faltima aponta que \u201cn\u00e3o adianta Carnaval bonito, se o povo que necessita de sa\u00fade n\u00e3o tem\u201d e ainda que \u201cna guerra as condi\u00e7\u00f5es de atendimento s\u00e3o melhores que as do munic\u00edpio do Recife\u201d.<\/p>\n<p style=\"text-align: justify;\">Na pauta da campanha da categoria s\u00e3o destaques: a volta integral dos vigilantes \u00e0s unidades de sa\u00fade, a revis\u00e3o de abastecimento de insumos, a requalifica\u00e7\u00e3o de algumas unidades e o reajuste salarial de pelo menos 6%. \u201cEstamos h\u00e1 quase 16 meses sem qualquer aumento e a proposta deles ainda \u00e9 de 0%\u201d, disse o presidente do sindicato.<\/p>\n<p style=\"text-align: justify;\">A Prefeitura do Recife, em nota, informou que realizou diversas reuni\u00f5es de negocia\u00e7\u00e3o com o Sindicato dos M\u00e9dicos de Pernambuco (Simepe) e continua aberta ao di\u00e1logo. Os m\u00e9dicos servidores do munic\u00edpio tiveram ganhos cerca de 10% acima da infla\u00e7\u00e3o desde 2013. Foram nomeados 767 novos m\u00e9dicos no per\u00edodo. Com rela\u00e7\u00e3o \u00e0s condi\u00e7\u00f5es de trabalho, a Prefeitura realizou, em apenas cinco anos, R$ 200 milh\u00f5es de investimentos nas unidades de sa\u00fade, o que \u00e9 mais do que os dez anos anteriores.<\/p>\n<p style=\"text-align: justify;\">\n<p style=\"text-align: justify;\">Fonte: Folha de Pernambuco<\/p>\n","protected":false},"excerpt":{"rendered":"<p>Paralisa\u00e7\u00e3o come\u00e7a quinta. Categoria reclama da falta de negocia\u00e7\u00e3o sobre campanha salarial e problemas de infraestrutura Alegando esperar h\u00e1 mais de dois meses sem qualquer resposta da prefeitura sobre a campanha salarial, os m\u00e9dicos da rede municipal do Recife cruzam os bra\u00e7os por tempo indeterminado a partir da pr\u00f3xima quinta-feira (18). A decis\u00e3o, tomada na [&hellip;]<\/p>\n","protected":false},"author":1,"featured_media":0,"comment_status":"open","ping_status":"open","sticky":false,"template":"","format":"standard","meta":{"ocean_post_layout":"","ocean_both_sidebars_style":"","ocean_both_sidebars_content_width":0,"ocean_both_sidebars_sidebars_width":0,"ocean_sidebar":"","ocean_second_sidebar":"","ocean_disable_margins":"enable","ocean_add_body_class":"","ocean_shortcode_before_top_bar":"","ocean_shortcode_after_top_bar":"","ocean_shortcode_before_header":"","ocean_shortcode_after_header":"","ocean_has_shortcode":"","ocean_shortcode_after_title":"","ocean_shortcode_before_footer_widgets":"","ocean_shortcode_after_footer_widgets":"","ocean_shortcode_before_footer_bottom":"","ocean_shortcode_after_footer_bottom":"","ocean_display_top_bar":"default","ocean_display_header":"default","ocean_header_style":"","ocean_center_header_left_menu":"","ocean_custom_header_template":"","ocean_custom_logo":0,"ocean_custom_retina_logo":0,"ocean_custom_logo_max_width":0,"ocean_custom_logo_tablet_max_width":0,"ocean_custom_logo_mobile_max_width":0,"ocean_custom_logo_max_height":0,"ocean_custom_logo_tablet_max_height":0,"ocean_custom_logo_mobile_max_height":0,"ocean_header_custom_menu":"","ocean_menu_typo_font_family":"","ocean_menu_typo_font_subset":"","ocean_menu_typo_font_size":0,"ocean_menu_typo_font_size_tablet":0,"ocean_menu_typo_font_size_mobile":0,"ocean_menu_typo_font_size_unit":"px","ocean_menu_typo_font_weight":"","ocean_menu_typo_font_weight_tablet":"","ocean_menu_typo_font_weight_mobile":"","ocean_menu_typo_transform":"","ocean_menu_typo_transform_tablet":"","ocean_menu_typo_transform_mobile":"","ocean_menu_typo_line_height":0,"ocean_menu_typo_line_height_tablet":0,"ocean_menu_typo_line_height_mobile":0,"ocean_menu_typo_line_height_unit":"","ocean_menu_typo_spacing":0,"ocean_menu_typo_spacing_tablet":0,"ocean_menu_typo_spacing_mobile":0,"ocean_menu_typo_spacing_unit":"","ocean_menu_link_color":"","ocean_menu_link_color_hover":"","ocean_menu_link_color_active":"","ocean_menu_link_background":"","ocean_menu_link_hover_background":"","ocean_menu_link_active_background":"","ocean_menu_social_links_bg":"","ocean_menu_social_hover_links_bg":"","ocean_menu_social_links_color":"","ocean_menu_social_hover_links_color":"","ocean_disable_title":"default","ocean_disable_heading":"default","ocean_post_title":"","ocean_post_subheading":"","ocean_post_title_style":"","ocean_post_title_background_color":"","ocean_post_title_background":0,"ocean_post_title_bg_image_position":"","ocean_post_title_bg_image_attachment":"","ocean_post_title_bg_image_repeat":"","ocean_post_title_bg_image_size":"","ocean_post_title_height":0,"ocean_post_title_bg_overlay":0.5,"ocean_post_title_bg_overlay_color":"","ocean_disable_breadcrumbs":"default","ocean_breadcrumbs_color":"","ocean_breadcrumbs_separator_color":"","ocean_breadcrumbs_links_color":"","ocean_breadcrumbs_links_hover_color":"","ocean_display_footer_widgets":"default","ocean_display_footer_bottom":"default","ocean_custom_footer_template":"","ocean_post_oembed":"","ocean_post_self_hosted_media":"","ocean_post_video_embed":"","ocean_link_format":"","ocean_link_format_target":"self","ocean_quote_format":"","ocean_quote_format_link":"post","ocean_gallery_link_images":"on","ocean_gallery_id":[]},"categories":[9],"tags":[],"acf":[],"_links":{"self":[{"href":"https:\/\/www.simepe.com.br\/novo\/wp-json\/wp\/v2\/posts\/43201"}],"collection":[{"href":"https:\/\/www.simepe.com.br\/novo\/wp-json\/wp\/v2\/posts"}],"about":[{"href":"https:\/\/www.simepe.com.br\/novo\/wp-json\/wp\/v2\/types\/post"}],"author":[{"embeddable":true,"href":"https:\/\/www.simepe.com.br\/novo\/wp-json\/wp\/v2\/users\/1"}],"replies":[{"embeddable":true,"href":"https:\/\/www.simepe.com.br\/novo\/wp-json\/wp\/v2\/comments?post=43201"}],"version-history":[{"count":1,"href":"https:\/\/www.simepe.com.br\/novo\/wp-json\/wp\/v2\/posts\/43201\/revisions"}],"predecessor-version":[{"id":43202,"href":"https:\/\/www.simepe.com.br\/novo\/wp-json\/wp\/v2\/posts\/43201\/revisions\/43202"}],"wp:attachment":[{"href":"https:\/\/www.simepe.com.br\/novo\/wp-json\/wp\/v2\/media?parent=43201"}],"wp:term":[{"taxonomy":"category","embeddable":true,"href":"https:\/\/www.simepe.com.br\/novo\/wp-json\/wp\/v2\/categories?post=43201"},{"taxonomy":"post_tag","embeddable":true,"href":"https:\/\/www.simepe.com.br\/novo\/wp-json\/wp\/v2\/tags?post=43201"}],"curies":[{"name":"wp","href":"https:\/\/api.w.org\/{rel}","templated":true}]}}