{"id":43251,"date":"2018-01-17T10:45:34","date_gmt":"2018-01-17T13:45:34","guid":{"rendered":"http:\/\/www.simepe.com.br\/novo\/?p=43251"},"modified":"2018-01-17T10:53:39","modified_gmt":"2018-01-17T13:53:39","slug":"oms-inclui-sp-e-regioes-do-rio-bahia-e-espirito-santo-em-area-de-risco-de-febre-amarela","status":"publish","type":"post","link":"https:\/\/www.simepe.com.br\/novo\/oms-inclui-sp-e-regioes-do-rio-bahia-e-espirito-santo-em-area-de-risco-de-febre-amarela\/","title":{"rendered":"OMS inclui SP e regi\u00f5es do Rio, Bahia e Esp\u00edrito Santo em \u00e1rea de risco de febre amarela"},"content":{"rendered":"<p style=\"text-align: justify;\">Decis\u00e3o foi tomada ap\u00f3s o aumento da atividade do v\u00edrus em todo o estado<\/p>\n<p style=\"text-align: justify;\">A Organiza\u00e7\u00e3o Mundial da Sa\u00fade (OMS) passou a considerar, nesta ter\u00e7a-feira (16), como \u00e1rea de risco de febre amarela todo o estado de S\u00e3o Paulo, al\u00e9m da por\u00e7\u00e3o norte do Rio de Janeiro, o sul da Bahia e todo o Esp\u00edrito Santo. A decis\u00e3o foi tomada ap\u00f3s o aumento da atividade do v\u00edrus.<\/p>\n<p style=\"text-align: justify;\">J\u00e1 estavam nessa lista todos os Estados do Norte e do Centro-Oeste, al\u00e9m de Maranh\u00e3o, Minas Gerais, e partes dos Estados da regi\u00e3o Sul, S\u00e3o Paulo, Bahia e Piau\u00ed. S\u00e3o Paulo receber\u00e1, de imediato, um milh\u00e3o doses da vacina visando garantir a preven\u00e7\u00e3o da doen\u00e7a e o abastecimento das salas de vacina at\u00e9 o in\u00edcio da campanha contra a febre, que acontecer\u00e1 em fevereiro. O acerto ocorreu entre o governador Geraldo Alckmin e o ministro da Sa\u00fade, Ricardo Barros.<\/p>\n<p style=\"text-align: justify;\">Assim, em S\u00e3o Paulo, o potencial de pessoas que receber\u00e3o a imuniza\u00e7\u00e3o sobe para 7,3 milh\u00f5es, em 53 munic\u00edpios, incluindo a capital. A mudan\u00e7a de status mexeu com os planos do governo de Geraldo Alckmin (PSDB), que resolveu antecipar a campanha emergencial de vacina\u00e7\u00e3o contra a doen\u00e7a no Estado.<\/p>\n<p style=\"text-align: justify;\">Em vez do dia 3 de fevereiro, doses fracionadas da vacina ser\u00e3o aplicadas a partir do dia 29 deste m\u00eas em 53 cidades paulistas que est\u00e3o em \u00e1reas de risco. Na pr\u00e1tica, a entidade endureceu as recomenda\u00e7\u00f5es para os viajantes estrangeiros que pretendem visitar o Estado. Agora, os turistas ser\u00e3o orientados a se vacinar contra a doen\u00e7a ao menos dez dias antes da viagem. Antes, n\u00e3o havia essa recomenda\u00e7\u00e3o.<\/p>\n<p style=\"text-align: justify;\">Dose fracionada &#8211; Atualmente, o Minist\u00e9rio da Sa\u00fade utiliza a dose padr\u00e3o da vacina de febre amarela, com 0,5 mL. J\u00e1 para a dose fracionada s\u00e3o aplicados 0,1 mL, o que representa 1\/5 da dose padr\u00e3o. Um frasco com 5 doses da vacina de febre amarela, por exemplo, pode vacinar 25 pessoas e um frasco com 10 doses pode vacinar 50 pessoas.<\/p>\n<p style=\"text-align: justify;\">Estudo recente realizado por Bio-Manguinhos\/Fiocruz aponta a presen\u00e7a de anticorpos contra febre amarela, ap\u00f3s 8 anos, na dose fracionada, semelhante ao observado com a dose padr\u00e3o neste mesmo per\u00edodo. Estudos em andamento continuar\u00e3o a avaliar a prote\u00e7\u00e3o posterior a esse per\u00edodo.<\/p>\n<p style=\"text-align: justify;\">Dessa forma, os resultados d\u00e3o suporte ao uso de doses fracionadas da vacina de febre amarela. A estrat\u00e9gia j\u00e1 foi utilizada anteriormente no controle da epidemia na Rep\u00fablica Democr\u00e1tica do Congo pela OMS, que utilizou 1\/5 da dose Padr\u00e3o da Vacina de Febre Amarela de Bio-Manguinhos\/Fiocruz. Na ocasi\u00e3o, 7,8 milh\u00f5es de pessoas foram vacinadas em 15 dias.<\/p>\n<p style=\"text-align: justify;\">Fonte: Folha de Pernambuco<\/p>\n","protected":false},"excerpt":{"rendered":"<p>Decis\u00e3o foi tomada ap\u00f3s o aumento da atividade do v\u00edrus em todo o estado A Organiza\u00e7\u00e3o Mundial da Sa\u00fade (OMS) passou a considerar, nesta ter\u00e7a-feira (16), como \u00e1rea de risco de febre amarela todo o estado de S\u00e3o Paulo, al\u00e9m da por\u00e7\u00e3o norte do Rio de Janeiro, o sul da Bahia e todo o Esp\u00edrito [&hellip;]<\/p>\n","protected":false},"author":1,"featured_media":0,"comment_status":"open","ping_status":"open","sticky":false,"template":"","format":"standard","meta":{"ocean_post_layout":"","ocean_both_sidebars_style":"","ocean_both_sidebars_content_width":0,"ocean_both_sidebars_sidebars_width":0,"ocean_sidebar":"","ocean_second_sidebar":"","ocean_disable_margins":"enable","ocean_add_body_class":"","ocean_shortcode_before_top_bar":"","ocean_shortcode_after_top_bar":"","ocean_shortcode_before_header":"","ocean_shortcode_after_header":"","ocean_has_shortcode":"","ocean_shortcode_after_title":"","ocean_shortcode_before_footer_widgets":"","ocean_shortcode_after_footer_widgets":"","ocean_shortcode_before_footer_bottom":"","ocean_shortcode_after_footer_bottom":"","ocean_display_top_bar":"default","ocean_display_header":"default","ocean_header_style":"","ocean_center_header_left_menu":"","ocean_custom_header_template":"","ocean_custom_logo":0,"ocean_custom_retina_logo":0,"ocean_custom_logo_max_width":0,"ocean_custom_logo_tablet_max_width":0,"ocean_custom_logo_mobile_max_width":0,"ocean_custom_logo_max_height":0,"ocean_custom_logo_tablet_max_height":0,"ocean_custom_logo_mobile_max_height":0,"ocean_header_custom_menu":"","ocean_menu_typo_font_family":"","ocean_menu_typo_font_subset":"","ocean_menu_typo_font_size":0,"ocean_menu_typo_font_size_tablet":0,"ocean_menu_typo_font_size_mobile":0,"ocean_menu_typo_font_size_unit":"px","ocean_menu_typo_font_weight":"","ocean_menu_typo_font_weight_tablet":"","ocean_menu_typo_font_weight_mobile":"","ocean_menu_typo_transform":"","ocean_menu_typo_transform_tablet":"","ocean_menu_typo_transform_mobile":"","ocean_menu_typo_line_height":0,"ocean_menu_typo_line_height_tablet":0,"ocean_menu_typo_line_height_mobile":0,"ocean_menu_typo_line_height_unit":"","ocean_menu_typo_spacing":0,"ocean_menu_typo_spacing_tablet":0,"ocean_menu_typo_spacing_mobile":0,"ocean_menu_typo_spacing_unit":"","ocean_menu_link_color":"","ocean_menu_link_color_hover":"","ocean_menu_link_color_active":"","ocean_menu_link_background":"","ocean_menu_link_hover_background":"","ocean_menu_link_active_background":"","ocean_menu_social_links_bg":"","ocean_menu_social_hover_links_bg":"","ocean_menu_social_links_color":"","ocean_menu_social_hover_links_color":"","ocean_disable_title":"default","ocean_disable_heading":"default","ocean_post_title":"","ocean_post_subheading":"","ocean_post_title_style":"","ocean_post_title_background_color":"","ocean_post_title_background":0,"ocean_post_title_bg_image_position":"","ocean_post_title_bg_image_attachment":"","ocean_post_title_bg_image_repeat":"","ocean_post_title_bg_image_size":"","ocean_post_title_height":0,"ocean_post_title_bg_overlay":0.5,"ocean_post_title_bg_overlay_color":"","ocean_disable_breadcrumbs":"default","ocean_breadcrumbs_color":"","ocean_breadcrumbs_separator_color":"","ocean_breadcrumbs_links_color":"","ocean_breadcrumbs_links_hover_color":"","ocean_display_footer_widgets":"default","ocean_display_footer_bottom":"default","ocean_custom_footer_template":"","ocean_post_oembed":"","ocean_post_self_hosted_media":"","ocean_post_video_embed":"","ocean_link_format":"","ocean_link_format_target":"self","ocean_quote_format":"","ocean_quote_format_link":"post","ocean_gallery_link_images":"on","ocean_gallery_id":[]},"categories":[9],"tags":[],"acf":[],"_links":{"self":[{"href":"https:\/\/www.simepe.com.br\/novo\/wp-json\/wp\/v2\/posts\/43251"}],"collection":[{"href":"https:\/\/www.simepe.com.br\/novo\/wp-json\/wp\/v2\/posts"}],"about":[{"href":"https:\/\/www.simepe.com.br\/novo\/wp-json\/wp\/v2\/types\/post"}],"author":[{"embeddable":true,"href":"https:\/\/www.simepe.com.br\/novo\/wp-json\/wp\/v2\/users\/1"}],"replies":[{"embeddable":true,"href":"https:\/\/www.simepe.com.br\/novo\/wp-json\/wp\/v2\/comments?post=43251"}],"version-history":[{"count":2,"href":"https:\/\/www.simepe.com.br\/novo\/wp-json\/wp\/v2\/posts\/43251\/revisions"}],"predecessor-version":[{"id":43260,"href":"https:\/\/www.simepe.com.br\/novo\/wp-json\/wp\/v2\/posts\/43251\/revisions\/43260"}],"wp:attachment":[{"href":"https:\/\/www.simepe.com.br\/novo\/wp-json\/wp\/v2\/media?parent=43251"}],"wp:term":[{"taxonomy":"category","embeddable":true,"href":"https:\/\/www.simepe.com.br\/novo\/wp-json\/wp\/v2\/categories?post=43251"},{"taxonomy":"post_tag","embeddable":true,"href":"https:\/\/www.simepe.com.br\/novo\/wp-json\/wp\/v2\/tags?post=43251"}],"curies":[{"name":"wp","href":"https:\/\/api.w.org\/{rel}","templated":true}]}}