{"id":43261,"date":"2018-01-17T11:30:29","date_gmt":"2018-01-17T14:30:29","guid":{"rendered":"http:\/\/www.simepe.com.br\/novo\/?p=43261"},"modified":"2018-01-17T11:30:29","modified_gmt":"2018-01-17T14:30:29","slug":"pernambuco-registra-2o-caso-suspeito-de-febre-amarela","status":"publish","type":"post","link":"https:\/\/www.simepe.com.br\/novo\/pernambuco-registra-2o-caso-suspeito-de-febre-amarela\/","title":{"rendered":"Pernambuco registra 2\u00ba caso suspeito de febre amarela"},"content":{"rendered":"<p style=\"text-align: justify;\">O paciente \u00e9 um morador de Bras\u00edlia, que passou recentemente por uma \u00e1rea de risco na Bahia, e veio at\u00e9 o Recife de f\u00e9rias. Ele foi atendido e liberado, mas exames complementares ir\u00e3o avaliar o caso<\/p>\n<p style=\"text-align: justify;\">Pernambuco registrou nesta quarta-feira (17) o segundo caso suspeito de febre amarela. O paciente \u00e9 um morador de Bras\u00edlia, passou pela Bahia recentemente, considerada \u00e1rea de risco pela Organiza\u00e7\u00e3o Mundial de Sa\u00fade, e estava de f\u00e9rias no Recife. O homem, que n\u00e3o teve a idade divulgada, foi atendido em uma unidade de sa\u00fade da capital nessa ter\u00e7a (16) e afirmou que havia se vacinado contra a doen\u00e7a antes da viagem.<\/p>\n<p style=\"text-align: justify;\">A Secretaria Estadual de Sa\u00fade informou que o paciente, que apresentou sintomas como febre e dores de cabe\u00e7a e no corpo, foi liberado ainda na ter\u00e7a-feira. O \u00f3rg\u00e3o refor\u00e7ou que, apesar de ele estar imunizado contra a doen\u00e7a e n\u00e3o se encaixar na defini\u00e7\u00e3o do Minist\u00e9rio da Sa\u00fade para caso suspeito, o paciente foi notificado pela unidade de sa\u00fade por ter passado por uma \u00e1rea de risco. Amostras laboratoriais foram coletadas e ser\u00e3o analisadas por um laborat\u00f3rio de refer\u00eancia nacional.<\/p>\n<p style=\"text-align: justify;\">\n<strong>Vacina\u00e7\u00e3o<\/strong><\/p>\n<p style=\"text-align: justify;\">\nA SES destaca que, por n\u00e3o haver risco de transmiss\u00e3o da doen\u00e7a no Estado, o Minist\u00e9rio da Sa\u00fade considera Pernambuco como \u00e1rea sem recomenda\u00e7\u00e3o de vacina. Sendo assim, n\u00e3o h\u00e1 a necessidade de vacina\u00e7\u00e3o para seus residentes e para os turistas que visitam o Estado. A vacina s\u00f3 \u00e9 indicada para aqueles que moram ou viajar\u00e3o, por motivo de f\u00e9rias ou trabalho, para as \u00e1reas com recomenda\u00e7\u00e3o de vacina devido ao risco de transmiss\u00e3o.<\/p>\n<p style=\"text-align: justify;\"><img src=\"http:\/\/www.fatiaimagem.com.br\/img\/5BB676AD\/imgs_0.jpg\" alt=\"\" \/><\/p>\n<p style=\"text-align: justify;\"><img src=\"http:\/\/www.fatiaimagem.com.br\/img\/5BB676AD\/imgs_1.jpg\" alt=\"\" \/><\/p>\n<p style=\"text-align: justify;\">\n<p style=\"text-align: justify;\">Fonte: Jornal do Commercio<\/p>\n","protected":false},"excerpt":{"rendered":"<p>O paciente \u00e9 um morador de Bras\u00edlia, que passou recentemente por uma \u00e1rea de risco na Bahia, e veio at\u00e9 o Recife de f\u00e9rias. Ele foi atendido e liberado, mas exames complementares ir\u00e3o avaliar o caso Pernambuco registrou nesta quarta-feira (17) o segundo caso suspeito de febre amarela. O paciente \u00e9 um morador de Bras\u00edlia, [&hellip;]<\/p>\n","protected":false},"author":1,"featured_media":0,"comment_status":"open","ping_status":"open","sticky":false,"template":"","format":"standard","meta":{"ocean_post_layout":"","ocean_both_sidebars_style":"","ocean_both_sidebars_content_width":0,"ocean_both_sidebars_sidebars_width":0,"ocean_sidebar":"","ocean_second_sidebar":"","ocean_disable_margins":"enable","ocean_add_body_class":"","ocean_shortcode_before_top_bar":"","ocean_shortcode_after_top_bar":"","ocean_shortcode_before_header":"","ocean_shortcode_after_header":"","ocean_has_shortcode":"","ocean_shortcode_after_title":"","ocean_shortcode_before_footer_widgets":"","ocean_shortcode_after_footer_widgets":"","ocean_shortcode_before_footer_bottom":"","ocean_shortcode_after_footer_bottom":"","ocean_display_top_bar":"default","ocean_display_header":"default","ocean_header_style":"","ocean_center_header_left_menu":"","ocean_custom_header_template":"","ocean_custom_logo":0,"ocean_custom_retina_logo":0,"ocean_custom_logo_max_width":0,"ocean_custom_logo_tablet_max_width":0,"ocean_custom_logo_mobile_max_width":0,"ocean_custom_logo_max_height":0,"ocean_custom_logo_tablet_max_height":0,"ocean_custom_logo_mobile_max_height":0,"ocean_header_custom_menu":"","ocean_menu_typo_font_family":"","ocean_menu_typo_font_subset":"","ocean_menu_typo_font_size":0,"ocean_menu_typo_font_size_tablet":0,"ocean_menu_typo_font_size_mobile":0,"ocean_menu_typo_font_size_unit":"px","ocean_menu_typo_font_weight":"","ocean_menu_typo_font_weight_tablet":"","ocean_menu_typo_font_weight_mobile":"","ocean_menu_typo_transform":"","ocean_menu_typo_transform_tablet":"","ocean_menu_typo_transform_mobile":"","ocean_menu_typo_line_height":0,"ocean_menu_typo_line_height_tablet":0,"ocean_menu_typo_line_height_mobile":0,"ocean_menu_typo_line_height_unit":"","ocean_menu_typo_spacing":0,"ocean_menu_typo_spacing_tablet":0,"ocean_menu_typo_spacing_mobile":0,"ocean_menu_typo_spacing_unit":"","ocean_menu_link_color":"","ocean_menu_link_color_hover":"","ocean_menu_link_color_active":"","ocean_menu_link_background":"","ocean_menu_link_hover_background":"","ocean_menu_link_active_background":"","ocean_menu_social_links_bg":"","ocean_menu_social_hover_links_bg":"","ocean_menu_social_links_color":"","ocean_menu_social_hover_links_color":"","ocean_disable_title":"default","ocean_disable_heading":"default","ocean_post_title":"","ocean_post_subheading":"","ocean_post_title_style":"","ocean_post_title_background_color":"","ocean_post_title_background":0,"ocean_post_title_bg_image_position":"","ocean_post_title_bg_image_attachment":"","ocean_post_title_bg_image_repeat":"","ocean_post_title_bg_image_size":"","ocean_post_title_height":0,"ocean_post_title_bg_overlay":0.5,"ocean_post_title_bg_overlay_color":"","ocean_disable_breadcrumbs":"default","ocean_breadcrumbs_color":"","ocean_breadcrumbs_separator_color":"","ocean_breadcrumbs_links_color":"","ocean_breadcrumbs_links_hover_color":"","ocean_display_footer_widgets":"default","ocean_display_footer_bottom":"default","ocean_custom_footer_template":"","ocean_post_oembed":"","ocean_post_self_hosted_media":"","ocean_post_video_embed":"","ocean_link_format":"","ocean_link_format_target":"self","ocean_quote_format":"","ocean_quote_format_link":"post","ocean_gallery_link_images":"on","ocean_gallery_id":[]},"categories":[9],"tags":[],"acf":[],"_links":{"self":[{"href":"https:\/\/www.simepe.com.br\/novo\/wp-json\/wp\/v2\/posts\/43261"}],"collection":[{"href":"https:\/\/www.simepe.com.br\/novo\/wp-json\/wp\/v2\/posts"}],"about":[{"href":"https:\/\/www.simepe.com.br\/novo\/wp-json\/wp\/v2\/types\/post"}],"author":[{"embeddable":true,"href":"https:\/\/www.simepe.com.br\/novo\/wp-json\/wp\/v2\/users\/1"}],"replies":[{"embeddable":true,"href":"https:\/\/www.simepe.com.br\/novo\/wp-json\/wp\/v2\/comments?post=43261"}],"version-history":[{"count":1,"href":"https:\/\/www.simepe.com.br\/novo\/wp-json\/wp\/v2\/posts\/43261\/revisions"}],"predecessor-version":[{"id":43262,"href":"https:\/\/www.simepe.com.br\/novo\/wp-json\/wp\/v2\/posts\/43261\/revisions\/43262"}],"wp:attachment":[{"href":"https:\/\/www.simepe.com.br\/novo\/wp-json\/wp\/v2\/media?parent=43261"}],"wp:term":[{"taxonomy":"category","embeddable":true,"href":"https:\/\/www.simepe.com.br\/novo\/wp-json\/wp\/v2\/categories?post=43261"},{"taxonomy":"post_tag","embeddable":true,"href":"https:\/\/www.simepe.com.br\/novo\/wp-json\/wp\/v2\/tags?post=43261"}],"curies":[{"name":"wp","href":"https:\/\/api.w.org\/{rel}","templated":true}]}}