{"id":43269,"date":"2018-01-17T11:37:13","date_gmt":"2018-01-17T14:37:13","guid":{"rendered":"http:\/\/www.simepe.com.br\/novo\/?p=43269"},"modified":"2018-01-17T11:37:13","modified_gmt":"2018-01-17T14:37:13","slug":"oms-estuda-validade-de-vacina-fracionada-para-a-febre-amarela","status":"publish","type":"post","link":"https:\/\/www.simepe.com.br\/novo\/oms-estuda-validade-de-vacina-fracionada-para-a-febre-amarela\/","title":{"rendered":"OMS estuda validade de vacina fracionada para a febre amarela"},"content":{"rendered":"<p style=\"text-align: justify;\">Por enquanto, OMS estabeleceu per\u00edodo de um ano para que pessoas voltem a tomar a vacina contra febre amarela<\/p>\n<p style=\"text-align: justify;\">Pesquisadores da Organiza\u00e7\u00e3o Mundial da Sa\u00fade (OMS) ainda tentam determinar qual o per\u00edodo de validade da vacina fracionada para a febre amarela. O jornal O Estado de S. Paulo apurou que a entidade acompanha de perto campanhas em dois pa\u00edses africanos para determinar o prazo para que a popula\u00e7\u00e3o volte a ser vacinada. Por enquanto, usa como padr\u00e3o que a dose fracionada tem validade de um ano.<\/p>\n<p style=\"text-align: justify;\">No Brasil, o governo anunciou que come\u00e7ar\u00e1 com a campanha de vacina\u00e7\u00e3o em S\u00e3o Paulo, Minas Gerais e Bahia a partir de fevereiro &#8211; com doses fracionadas. Segundo o cientista Alejandro Costa, da Iniciativa para a Pesquisa de Vacinas da OMS, o governo brasileiro afirma ter evid\u00eancias da validade desse imunizante por oito anos.<\/p>\n<p style=\"text-align: justify;\">Em 2016, a OMS foi obrigada a destinar milh\u00f5es de doses de um estoque internacional para Angola e Rep\u00fablica Democr\u00e1tica do Congo, na \u00c1frica, ambos sob o surto da doen\u00e7a. Segundo Costa, a op\u00e7\u00e3o naquele momento foi por fracionar a vacina.<\/p>\n<p style=\"text-align: justify;\">Para ele, que esteve em reuni\u00f5es com o Minist\u00e9rio da Sa\u00fade no m\u00eas passado, o fracionamento \u00e9 uma solu\u00e7\u00e3o real a ser considerada tamb\u00e9m no caso brasileiro. &#8220;\u00c9 uma quest\u00e3o de emerg\u00eancia. Reconhecemos como uma solu\u00e7\u00e3o pr\u00e1tica e efetiva&#8221;, disse. &#8220;O que ainda n\u00e3o se sabe \u00e9 o prazo pelo qual a vacina garante a prote\u00e7\u00e3o&#8221;, afirmou Costa. &#8220;Estudos mostravam prote\u00e7\u00e3o de um ano. No Brasil, eles t\u00eam evid\u00eancias de que essa prote\u00e7\u00e3o \u00e9 de oito anos.&#8221;<\/p>\n<p style=\"text-align: justify;\">Costa relata que, no ano passado, a OMS voltou \u00e0 Rep\u00fablica Democr\u00e1tica do Congo para testar as pessoas vacinadas no surto de 2016 e constatou que a dose tem tido validade acima do prazo padr\u00e3o da entidade. &#8220;O governo congol\u00eas quer saber quando deve voltar a vacinar e \u00e9 isso que estamos acompanhando agora para determinar.&#8221;<\/p>\n<p style=\"text-align: justify;\">\nEle aponta que, enquanto esse acompanhamento n\u00e3o estiver conclu\u00eddo, o estoque mundial coordenado pela OMS continuar\u00e1 a considerar o fracionamento v\u00e1lido para um ano.<\/p>\n<p style=\"text-align: justify;\">Questionado, o Minist\u00e9rio da Sa\u00fade do Brasil afirmou que &#8220;reitera a seguran\u00e7a e efic\u00e1cia&#8221; do fracionamento. Para definir a validade de oito anos para a dose fracionada, usou como base estudo realizado no laborat\u00f3rio Bio-Manguinhos, da Funda\u00e7\u00e3o Oswaldo Cruz com 319 militares vacinados dessa forma em 2009. &#8220;Oito anos depois, 85,3% dos militares ainda tinham anticorpos contra a doen\u00e7a.&#8221;<\/p>\n<p style=\"text-align: justify;\"><strong>Fornecimento<\/strong><\/p>\n<p style=\"text-align: justify;\">\nPara a comunidade internacional, a intensifica\u00e7\u00e3o das campanhas de vacina\u00e7\u00e3o no Brasil a partir de 2017 significou um corte no fornecimento de doses da Bio-Manguinhos. &#8220;O governo priorizou a vacina\u00e7\u00e3o no Brasil&#8221;, confirmou Costa.<\/p>\n<p style=\"text-align: justify;\">Ele explicou que, quando o estoque global foi criado, em 2014, a OMS optou por n\u00e3o fechar acordo com a Bio-Manguinhos, julgando que n\u00e3o havia garantia de fornecimento. A aposta agora \u00e9 de que a alta na produ\u00e7\u00e3o brasileira seja sustent\u00e1vel.<\/p>\n<p style=\"text-align: justify;\">\n<p style=\"text-align: justify;\">Fonte: Jornal do Commercio<\/p>\n","protected":false},"excerpt":{"rendered":"<p>Por enquanto, OMS estabeleceu per\u00edodo de um ano para que pessoas voltem a tomar a vacina contra febre amarela Pesquisadores da Organiza\u00e7\u00e3o Mundial da Sa\u00fade (OMS) ainda tentam determinar qual o per\u00edodo de validade da vacina fracionada para a febre amarela. O jornal O Estado de S. Paulo apurou que a entidade acompanha de perto [&hellip;]<\/p>\n","protected":false},"author":1,"featured_media":0,"comment_status":"open","ping_status":"open","sticky":false,"template":"","format":"standard","meta":{"ocean_post_layout":"","ocean_both_sidebars_style":"","ocean_both_sidebars_content_width":0,"ocean_both_sidebars_sidebars_width":0,"ocean_sidebar":"","ocean_second_sidebar":"","ocean_disable_margins":"enable","ocean_add_body_class":"","ocean_shortcode_before_top_bar":"","ocean_shortcode_after_top_bar":"","ocean_shortcode_before_header":"","ocean_shortcode_after_header":"","ocean_has_shortcode":"","ocean_shortcode_after_title":"","ocean_shortcode_before_footer_widgets":"","ocean_shortcode_after_footer_widgets":"","ocean_shortcode_before_footer_bottom":"","ocean_shortcode_after_footer_bottom":"","ocean_display_top_bar":"default","ocean_display_header":"default","ocean_header_style":"","ocean_center_header_left_menu":"","ocean_custom_header_template":"","ocean_custom_logo":0,"ocean_custom_retina_logo":0,"ocean_custom_logo_max_width":0,"ocean_custom_logo_tablet_max_width":0,"ocean_custom_logo_mobile_max_width":0,"ocean_custom_logo_max_height":0,"ocean_custom_logo_tablet_max_height":0,"ocean_custom_logo_mobile_max_height":0,"ocean_header_custom_menu":"","ocean_menu_typo_font_family":"","ocean_menu_typo_font_subset":"","ocean_menu_typo_font_size":0,"ocean_menu_typo_font_size_tablet":0,"ocean_menu_typo_font_size_mobile":0,"ocean_menu_typo_font_size_unit":"px","ocean_menu_typo_font_weight":"","ocean_menu_typo_font_weight_tablet":"","ocean_menu_typo_font_weight_mobile":"","ocean_menu_typo_transform":"","ocean_menu_typo_transform_tablet":"","ocean_menu_typo_transform_mobile":"","ocean_menu_typo_line_height":0,"ocean_menu_typo_line_height_tablet":0,"ocean_menu_typo_line_height_mobile":0,"ocean_menu_typo_line_height_unit":"","ocean_menu_typo_spacing":0,"ocean_menu_typo_spacing_tablet":0,"ocean_menu_typo_spacing_mobile":0,"ocean_menu_typo_spacing_unit":"","ocean_menu_link_color":"","ocean_menu_link_color_hover":"","ocean_menu_link_color_active":"","ocean_menu_link_background":"","ocean_menu_link_hover_background":"","ocean_menu_link_active_background":"","ocean_menu_social_links_bg":"","ocean_menu_social_hover_links_bg":"","ocean_menu_social_links_color":"","ocean_menu_social_hover_links_color":"","ocean_disable_title":"default","ocean_disable_heading":"default","ocean_post_title":"","ocean_post_subheading":"","ocean_post_title_style":"","ocean_post_title_background_color":"","ocean_post_title_background":0,"ocean_post_title_bg_image_position":"","ocean_post_title_bg_image_attachment":"","ocean_post_title_bg_image_repeat":"","ocean_post_title_bg_image_size":"","ocean_post_title_height":0,"ocean_post_title_bg_overlay":0.5,"ocean_post_title_bg_overlay_color":"","ocean_disable_breadcrumbs":"default","ocean_breadcrumbs_color":"","ocean_breadcrumbs_separator_color":"","ocean_breadcrumbs_links_color":"","ocean_breadcrumbs_links_hover_color":"","ocean_display_footer_widgets":"default","ocean_display_footer_bottom":"default","ocean_custom_footer_template":"","ocean_post_oembed":"","ocean_post_self_hosted_media":"","ocean_post_video_embed":"","ocean_link_format":"","ocean_link_format_target":"self","ocean_quote_format":"","ocean_quote_format_link":"post","ocean_gallery_link_images":"on","ocean_gallery_id":[]},"categories":[9],"tags":[],"acf":[],"_links":{"self":[{"href":"https:\/\/www.simepe.com.br\/novo\/wp-json\/wp\/v2\/posts\/43269"}],"collection":[{"href":"https:\/\/www.simepe.com.br\/novo\/wp-json\/wp\/v2\/posts"}],"about":[{"href":"https:\/\/www.simepe.com.br\/novo\/wp-json\/wp\/v2\/types\/post"}],"author":[{"embeddable":true,"href":"https:\/\/www.simepe.com.br\/novo\/wp-json\/wp\/v2\/users\/1"}],"replies":[{"embeddable":true,"href":"https:\/\/www.simepe.com.br\/novo\/wp-json\/wp\/v2\/comments?post=43269"}],"version-history":[{"count":1,"href":"https:\/\/www.simepe.com.br\/novo\/wp-json\/wp\/v2\/posts\/43269\/revisions"}],"predecessor-version":[{"id":43270,"href":"https:\/\/www.simepe.com.br\/novo\/wp-json\/wp\/v2\/posts\/43269\/revisions\/43270"}],"wp:attachment":[{"href":"https:\/\/www.simepe.com.br\/novo\/wp-json\/wp\/v2\/media?parent=43269"}],"wp:term":[{"taxonomy":"category","embeddable":true,"href":"https:\/\/www.simepe.com.br\/novo\/wp-json\/wp\/v2\/categories?post=43269"},{"taxonomy":"post_tag","embeddable":true,"href":"https:\/\/www.simepe.com.br\/novo\/wp-json\/wp\/v2\/tags?post=43269"}],"curies":[{"name":"wp","href":"https:\/\/api.w.org\/{rel}","templated":true}]}}