{"id":43304,"date":"2018-01-17T12:54:43","date_gmt":"2018-01-17T15:54:43","guid":{"rendered":"http:\/\/www.simepe.com.br\/novo\/?p=43304"},"modified":"2018-01-17T12:54:43","modified_gmt":"2018-01-17T15:54:43","slug":"ministerio-da-saude-atualiza-casos-de-febre-amarela","status":"publish","type":"post","link":"https:\/\/www.simepe.com.br\/novo\/ministerio-da-saude-atualiza-casos-de-febre-amarela\/","title":{"rendered":"Minist\u00e9rio da Sa\u00fade atualiza casos de febre amarela"},"content":{"rendered":"<p style=\"text-align: justify;\">O Brasil registrou 35 casos da doen\u00e7a de julho de 2017 a 14 de janeiro deste ano. Os casos envolvem, principalmente, a regi\u00e3o Sudeste e s\u00e3o de residentes em zonas rurais ou que tiveram contato com \u00e1reas silvestres por motivos de trabalho ou lazer<\/p>\n<p style=\"text-align: justify;\">O Minist\u00e9rio da Sa\u00fade atualizou nesta ter\u00e7a-feira (16) as informa\u00e7\u00f5es repassadas pelas secretarias estaduais de sa\u00fade sobre a situa\u00e7\u00e3o da febre amarela no pa\u00eds. Desde o ano passado, os informes de febre amarela seguem a sazonalidade da doen\u00e7a, que acontece, em sua maioria, no ver\u00e3o. Portanto, o per\u00edodo analisado desde ent\u00e3o \u00e9 de 1\u00ba de julho a 30 de junho de cada ano. No per\u00edodo de monitoramento (que come\u00e7a em julho\/2017 e vai at\u00e9 junho\/2018), foram confirmados 35 casos de febre amarela no pa\u00eds sendo que 20 vieram a \u00f3bito, at\u00e9 14 de janeiro deste ano. Ao todo, foram notificados 470 casos suspeitos, sendo que 145 permanecem em investiga\u00e7\u00e3o e 290 foram descartados.<\/p>\n<p style=\"text-align: justify;\">O ministro da Sa\u00fade substituto, Ant\u00f4nio Nardi, refor\u00e7ou a import\u00e2ncia da vacina\u00e7\u00e3o da popula\u00e7\u00e3o que mora nas \u00e1reas com recomenda\u00e7\u00e3o de vacina e explicou que, como medida adicional de seguran\u00e7a, o Minist\u00e9rio da Sa\u00fade solicitou mais 20 milh\u00f5es de seringas espec\u00edficas para fracionamento. A a\u00e7\u00e3o faz parte da estrat\u00e9gia de medidas de preven\u00e7\u00e3o da febre amarela do Governo Federal.<\/p>\n<p style=\"text-align: justify;\">\u201cAs \u00e1reas determinadas para a vacina\u00e7\u00e3o continuam as mesmas e as medidas de preven\u00e7\u00e3o, como intensifica\u00e7\u00e3o de vacina\u00e7\u00e3o e fracionamento das doses tamb\u00e9m continuar\u00e3o a ser realizadas e atualizadas conforme houver necessidade. Al\u00e9m disso, pessoas que viajarem para esses locais tamb\u00e9m precisam se vacinar\u201d, afirmou o ministro da Sa\u00fade substituto.<\/p>\n<p style=\"text-align: justify;\">A vacina\u00e7\u00e3o para febre amarela \u00e9 ofertada na rotina dos munic\u00edpios com recomenda\u00e7\u00e3o de vacina\u00e7\u00e3o nos seguintes estados: Acre, Amazonas, Amap\u00e1, Par\u00e1, Rond\u00f4nia, Roraima, Tocantins, Distrito Federal, Goi\u00e1s, Mato Grosso do Sul, Mato Grosso, Bahia, Maranh\u00e3o, Piau\u00ed, Minas Gerais, S\u00e3o Paulo, Rio de Janeiro, Esp\u00edrito Santo, Paran\u00e1, Rio Grande do Sul e Santa Catarina. Todas as pessoas que vivem nesses locais devem tomar uma dose da vacina para estar protegido durante toda a vida.<\/p>\n<p style=\"text-align: justify;\">Desde o in\u00edcio de 2017, o Minist\u00e9rio da Sa\u00fade tem enviado doses extras da vacina contra a febre amarela aos estados que est\u00e3o registrando casos suspeitos da doen\u00e7a. No total, ao longo de todo o ano de 2017, o Minist\u00e9rio da Sa\u00fade enviou aos estados 45 milh\u00f5es de doses da vacina, tanto para a rotina de vacina\u00e7\u00e3o, como para o refor\u00e7o nos estados afetados pelo surto. Somente para MG, RJ, SP, ES e BA foram distribu\u00eddas 36,3 milh\u00f5es de doses. Neste ano de 2018, apenas no m\u00eas de janeiro, foram repassadas 8,8 milh\u00f5es de doses da vacina aos estados de todo o pa\u00eds.<\/p>\n<p style=\"text-align: justify;\">\u00c9 importante informar que a febre amarela \u00e9 transmitida por meio de vetor (mosquitos dos g\u00eaneros Haemagogus e Sabethes no ambiente silvestre). O \u00faltimo caso de febre amarela urbana foi registrado no Brasil em 1942, e todos os casos confirmados desde ent\u00e3o decorrem do ciclo silvestre de transmiss\u00e3o.<\/p>\n<p style=\"text-align: justify;\"><strong>\u00c1REAS COM RECOMENDA\u00c7\u00c3O<\/strong> &#8211; A Organiza\u00e7\u00e3o Mundial de Sa\u00fade (OMS) ampliou, nesta ter\u00e7a-feira (16), a orienta\u00e7\u00e3o aos viajantes internacionais que v\u00eam ao estado de S\u00e3o Paulo. Como n\u00e3o h\u00e1 possibilidade de prever os deslocamentos internos desses viajantes, trata-se de uma medida ampliada de cautela. As informa\u00e7\u00f5es foram ratificadas, nesta ter\u00e7a-feira (16), durante audioconfer\u00eancia entre o ministro da Sa\u00fade substituto, Ant\u00f4nio Nardi, e o diretor Executivo do Programa de Emerg\u00eancias de Sa\u00fade da OMS, Peter Salama.<\/p>\n<p style=\"text-align: justify;\">Durante coletiva de imprensa, nesta ter\u00e7a-feira (16), o representante da Organiza\u00e7\u00e3o Pan-Americana da Sa\u00fade\/Organiza\u00e7\u00e3o Mundial da Sa\u00fade (OPAS\/OMS) no Brasil, Joaqu\u00edn Molina, explicou que a recomenda\u00e7\u00e3o da OMS \u00e9 mais ampla porque trata-se de orienta\u00e7\u00f5es para o viajante internacional. \u201cNormalmente a OMS faz uma recomenda\u00e7\u00e3o internacional ampla para todo o mundo, n\u00e3o a n\u00edvel de pa\u00eds que \u00e9 muito mais preciso com rela\u00e7\u00e3o a defini\u00e7\u00e3o de regi\u00f5es\u201d, destacou o representante da OPAS, lembrando que esta \u00e9 apenas uma recomenda\u00e7\u00e3o da OMS.<\/p>\n<p style=\"text-align: justify;\">O Minist\u00e9rio da Sa\u00fade esclarece que mant\u00e9m a estrat\u00e9gia definida pelo estado de S\u00e3o Paulo para vacina\u00e7\u00e3o da popula\u00e7\u00e3o contra a febre amarela. A determina\u00e7\u00e3o das \u00e1reas de vacina\u00e7\u00e3o foi feita de acordo o acompanhamento da circula\u00e7\u00e3o do v\u00edrus, baseada no mapeamento epidemiol\u00f3gico das regi\u00f5es. A vacina\u00e7\u00e3o est\u00e1 sendo intensificada nas \u00e1reas com risco de infec\u00e7\u00e3o pela doen\u00e7a.<\/p>\n<p style=\"text-align: justify;\"><strong>FRACIONAMENTO<\/strong> \u2013 Entre janeiro e mar\u00e7o deste ano, 77 munic\u00edpios dos estados de S\u00e3o Paulo, Rio de Janeiro e Bahia ir\u00e3o realizar campanha de vacina\u00e7\u00e3o com doses fracionadas e padr\u00e3o contra a febre amarela. O objetivo \u00e9 evitar a expans\u00e3o do v\u00edrus para \u00e1reas pr\u00f3ximas de onde h\u00e1 circula\u00e7\u00e3o atualmente. No total, 21,7 milh\u00f5es de pessoas destes munic\u00edpios dever\u00e3o ser vacinadas na campanha, sendo 16,5 milh\u00f5es com a dose fracionada e outras 5,2 milh\u00f5es com a dose padr\u00e3o. A ado\u00e7\u00e3o do fracionamento das vacinas \u00e9 uma medida preventiva que ser\u00e1 implementada em \u00e1reas selecionadas, durante per\u00edodo determinado de 15 dias.<\/p>\n<p style=\"text-align: justify;\">A estrat\u00e9gia de fracionamento da vacina \u00e9 recomendada pela OMS quando h\u00e1 aumento de epizootias e casos de febre amarela silvestre de forma intensa, com risco de expans\u00e3o da doen\u00e7a em cidades com elevado \u00edndice populacional e que n\u00e3o tinham recomenda\u00e7\u00e3o para vacina\u00e7\u00e3o anteriormente. A dose fracionada tem mostrado a mesma prote\u00e7\u00e3o que a dose padr\u00e3o. Estudos em andamento continuar\u00e3o a avaliar a prote\u00e7\u00e3o posterior a esse per\u00edodo. A \u00fanica diferen\u00e7a est\u00e1 no volume. A dose padr\u00e3o (0,5 Ml) protege por toda a vida, enquanto a dose fracionada (0,1 Ml) protege por pelo menos oito anos, segundo estudo realizado pelo Instituto de Tecnologia em Imunobiol\u00f3gicos (Biomanguinhos\/Fiocruz).<\/p>\n<p style=\"text-align: justify;\">A febre amarela \u00e9 uma doen\u00e7a sazonal, geralmente com aumento de casos de dezembro a maio. A campanha de fracionamento da vacina vem para evitar o aumento de casos e mortes, j\u00e1 que o v\u00edrus entrou em uma \u00e1rea com elevada densidade populacional, sem recomenda\u00e7\u00e3o anterior de vacina\u00e7\u00e3o. \u00c9 importante ressaltar que toda revis\u00e3o do calend\u00e1rio nacional de vacina\u00e7\u00e3o \u00e9 acompanhado, sistematicamente, pelo comit\u00ea assessor t\u00e9cnico, com especialistas de diversas \u00e1reas.<\/p>\n<p style=\"text-align: justify;\"><strong>ANTECIPA\u00c7\u00c3O<\/strong> &#8211; Conforme anunciado pela Secretaria Estadual de Sa\u00fade de S\u00e3o Paulo, nesta ter\u00e7a-feira (16), a campanha ser\u00e1 antecipada no estado com in\u00edcio no dia 29 de janeiro e t\u00e9rmino no dia 17 de fevereiro. O n\u00famero de munic\u00edpios que far\u00e3o o fracionamento da vacina de febre amarela subiu para 54, adicionando o munic\u00edpio de S\u00e3o Caetano do Sul, assim como a popula\u00e7\u00e3o que ser\u00e1 vacinada, que passar\u00e1 para 8,3 milh\u00f5es de pessoas, sendo 6,3 milh\u00f5es com a dose fracionada e 2 milh\u00f5es com a padr\u00e3o.<\/p>\n<p style=\"text-align: justify;\">J\u00e1 no Rio de Janeiro, 7,7 milh\u00f5es de pessoas dever\u00e3o receber a dose fracionada e 2,4 milh\u00f5es a padr\u00e3o em 15 munic\u00edpios. Na Bahia, 2,5 milh\u00f5es de pessoas ser\u00e3o vacinadas com a dose fracionada e 813 mil com a dose padr\u00e3o em oito munic\u00edpios. O per\u00edodo da campanha nos estados do Rio de Janeiro e Bahia permanecem os mesmos, do dia 19 de fevereiro a 9 de mar\u00e7o, sendo o dia 24\/02 o dia D de mobiliza\u00e7\u00e3o.<\/p>\n<p style=\"text-align: justify;\">Neste m\u00eas de janeiro, os estados e munic\u00edpios est\u00e3o treinando os profissionais de sa\u00fade e adequando a log\u00edstica para realiza\u00e7\u00e3o do fracionamento. Para isso, o Minist\u00e9rio da Sa\u00fade deve repassar aos estados R$ 54 milh\u00f5es do Piso Vari\u00e1vel de Vigil\u00e2ncia em Sa\u00fade, recurso extra para auxiliar os estados na realiza\u00e7\u00e3o da campanha. Desse total, j\u00e1 foram repassados R$ 15,8 milh\u00f5es para S\u00e3o Paulo e, at\u00e9 o fim deste m\u00eas, ser\u00e3o destinados R$ 30 milh\u00f5es para o Rio de Janeiro e R$ 8,2 milh\u00f5es para a Bahia.<\/p>\n<p style=\"text-align: justify;\"><strong>PADR\u00c3O E FRACIONADA<\/strong> &#8211; Alguns p\u00fablicos n\u00e3o s\u00e3o indicados para receber a dose fracionada, portanto ir\u00e3o participar da campanha recebendo a dose padr\u00e3o: crian\u00e7as de 9 meses a menores de dois anos; pessoas com condi\u00e7\u00f5es cl\u00ednicas especiais (vivendo com HIV\/Aids, ao final do tratamento de quimioterapia, pacientes com doen\u00e7as hematol\u00f3gicas, entre outras), gestantes e viajante internacional (devem apresentar comprovante de viagem no ato da vacina\u00e7\u00e3o). A vacina\u00e7\u00e3o fracionada \u00e9 recomendada para pessoas a partir dos dois anos.<\/p>\n<p style=\"text-align: justify;\">A vacina \u00e9 contraindicada para pacientes em tratamento de c\u00e2ncer, pessoas com imunossupress\u00e3o e pessoas com rea\u00e7\u00e3o al\u00e9rgica grave \u00e0 prote\u00edna do ovo. No caso dos idosos, a vacina\u00e7\u00e3o dever\u00e1 ser aplicada ap\u00f3s avalia\u00e7\u00e3o dos servi\u00e7os de sa\u00fade. A vacina\u00e7\u00e3o contra febre amarela impede a doa\u00e7\u00e3o de sangue por um per\u00edodo de quatro semanas. As pessoas devem realizar a doa\u00e7\u00e3o de sangue antes da vacina\u00e7\u00e3o para manuten\u00e7\u00e3o dos estoques de hemocomponentes.<\/p>\n<p style=\"text-align: justify;\"><strong>DOSE FRACIONADA<\/strong> &#8211; Atualmente, o Minist\u00e9rio da Sa\u00fade utiliza a dose padr\u00e3o da vacina de febre amarela, com 0,5 mL. J\u00e1 para a dose fracionada s\u00e3o aplicados 0,1 mL, o que representa 1\/5 da dose padr\u00e3o. Um frasco com 5 doses da vacina de febre amarela, por exemplo, pode vacinar 25 pessoas e um frasco com 10 doses pode vacinar 50 pessoas.<\/p>\n<p style=\"text-align: justify;\">Estudo recente feito pelo Instituto de Tecnologia em Imunobiol\u00f3gicos (Biomanguinhos\/Fiocruz) comprovou que a dose fracionada da vacina de febre amarela \u00e9 eficaz por, pelo menos, 8 anos. O estudo de dose resposta avaliou 319 militares vacinados com a dose fracionada em 2009 e, ap\u00f3s 8 anos, verificou-se a presen\u00e7a de anticorpos contra a doen\u00e7a em 85,3% dos participantes, semelhantes ao observado com a dose padr\u00e3o neste mesmo per\u00edodo (88%).<\/p>\n<p style=\"text-align: justify;\">Dessa forma, os resultados d\u00e3o suporte ao uso de doses fracionadas da vacina de febre amarela. A estrat\u00e9gia j\u00e1 foi utilizada anteriormente no controle da epidemia na Rep\u00fablica Democr\u00e1tica do Congo pela OMS, que utilizou 1\/5 da dose Padr\u00e3o da Vacina de Febre Amarela de Bio-Manguinhos\/Fiocruz. Na ocasi\u00e3o, 7,8 milh\u00f5es de pessoas foram vacinadas em 15 dias.<\/p>\n<p style=\"text-align: justify;\">Fonte: Assessoria de Comunica\u00e7\u00e3o do Minist\u00e9rio da Sa\u00fade<\/p>\n<p>&nbsp;<\/p>\n","protected":false},"excerpt":{"rendered":"<p>O Brasil registrou 35 casos da doen\u00e7a de julho de 2017 a 14 de janeiro deste ano. Os casos envolvem, principalmente, a regi\u00e3o Sudeste e s\u00e3o de residentes em zonas rurais ou que tiveram contato com \u00e1reas silvestres por motivos de trabalho ou lazer O Minist\u00e9rio da Sa\u00fade atualizou nesta ter\u00e7a-feira (16) as informa\u00e7\u00f5es repassadas [&hellip;]<\/p>\n","protected":false},"author":1,"featured_media":0,"comment_status":"open","ping_status":"open","sticky":false,"template":"","format":"standard","meta":{"ocean_post_layout":"","ocean_both_sidebars_style":"","ocean_both_sidebars_content_width":0,"ocean_both_sidebars_sidebars_width":0,"ocean_sidebar":"","ocean_second_sidebar":"","ocean_disable_margins":"enable","ocean_add_body_class":"","ocean_shortcode_before_top_bar":"","ocean_shortcode_after_top_bar":"","ocean_shortcode_before_header":"","ocean_shortcode_after_header":"","ocean_has_shortcode":"","ocean_shortcode_after_title":"","ocean_shortcode_before_footer_widgets":"","ocean_shortcode_after_footer_widgets":"","ocean_shortcode_before_footer_bottom":"","ocean_shortcode_after_footer_bottom":"","ocean_display_top_bar":"default","ocean_display_header":"default","ocean_header_style":"","ocean_center_header_left_menu":"","ocean_custom_header_template":"","ocean_custom_logo":0,"ocean_custom_retina_logo":0,"ocean_custom_logo_max_width":0,"ocean_custom_logo_tablet_max_width":0,"ocean_custom_logo_mobile_max_width":0,"ocean_custom_logo_max_height":0,"ocean_custom_logo_tablet_max_height":0,"ocean_custom_logo_mobile_max_height":0,"ocean_header_custom_menu":"","ocean_menu_typo_font_family":"","ocean_menu_typo_font_subset":"","ocean_menu_typo_font_size":0,"ocean_menu_typo_font_size_tablet":0,"ocean_menu_typo_font_size_mobile":0,"ocean_menu_typo_font_size_unit":"px","ocean_menu_typo_font_weight":"","ocean_menu_typo_font_weight_tablet":"","ocean_menu_typo_font_weight_mobile":"","ocean_menu_typo_transform":"","ocean_menu_typo_transform_tablet":"","ocean_menu_typo_transform_mobile":"","ocean_menu_typo_line_height":0,"ocean_menu_typo_line_height_tablet":0,"ocean_menu_typo_line_height_mobile":0,"ocean_menu_typo_line_height_unit":"","ocean_menu_typo_spacing":0,"ocean_menu_typo_spacing_tablet":0,"ocean_menu_typo_spacing_mobile":0,"ocean_menu_typo_spacing_unit":"","ocean_menu_link_color":"","ocean_menu_link_color_hover":"","ocean_menu_link_color_active":"","ocean_menu_link_background":"","ocean_menu_link_hover_background":"","ocean_menu_link_active_background":"","ocean_menu_social_links_bg":"","ocean_menu_social_hover_links_bg":"","ocean_menu_social_links_color":"","ocean_menu_social_hover_links_color":"","ocean_disable_title":"default","ocean_disable_heading":"default","ocean_post_title":"","ocean_post_subheading":"","ocean_post_title_style":"","ocean_post_title_background_color":"","ocean_post_title_background":0,"ocean_post_title_bg_image_position":"","ocean_post_title_bg_image_attachment":"","ocean_post_title_bg_image_repeat":"","ocean_post_title_bg_image_size":"","ocean_post_title_height":0,"ocean_post_title_bg_overlay":0.5,"ocean_post_title_bg_overlay_color":"","ocean_disable_breadcrumbs":"default","ocean_breadcrumbs_color":"","ocean_breadcrumbs_separator_color":"","ocean_breadcrumbs_links_color":"","ocean_breadcrumbs_links_hover_color":"","ocean_display_footer_widgets":"default","ocean_display_footer_bottom":"default","ocean_custom_footer_template":"","ocean_post_oembed":"","ocean_post_self_hosted_media":"","ocean_post_video_embed":"","ocean_link_format":"","ocean_link_format_target":"self","ocean_quote_format":"","ocean_quote_format_link":"post","ocean_gallery_link_images":"on","ocean_gallery_id":[]},"categories":[9],"tags":[],"acf":[],"_links":{"self":[{"href":"https:\/\/www.simepe.com.br\/novo\/wp-json\/wp\/v2\/posts\/43304"}],"collection":[{"href":"https:\/\/www.simepe.com.br\/novo\/wp-json\/wp\/v2\/posts"}],"about":[{"href":"https:\/\/www.simepe.com.br\/novo\/wp-json\/wp\/v2\/types\/post"}],"author":[{"embeddable":true,"href":"https:\/\/www.simepe.com.br\/novo\/wp-json\/wp\/v2\/users\/1"}],"replies":[{"embeddable":true,"href":"https:\/\/www.simepe.com.br\/novo\/wp-json\/wp\/v2\/comments?post=43304"}],"version-history":[{"count":1,"href":"https:\/\/www.simepe.com.br\/novo\/wp-json\/wp\/v2\/posts\/43304\/revisions"}],"predecessor-version":[{"id":43305,"href":"https:\/\/www.simepe.com.br\/novo\/wp-json\/wp\/v2\/posts\/43304\/revisions\/43305"}],"wp:attachment":[{"href":"https:\/\/www.simepe.com.br\/novo\/wp-json\/wp\/v2\/media?parent=43304"}],"wp:term":[{"taxonomy":"category","embeddable":true,"href":"https:\/\/www.simepe.com.br\/novo\/wp-json\/wp\/v2\/categories?post=43304"},{"taxonomy":"post_tag","embeddable":true,"href":"https:\/\/www.simepe.com.br\/novo\/wp-json\/wp\/v2\/tags?post=43304"}],"curies":[{"name":"wp","href":"https:\/\/api.w.org\/{rel}","templated":true}]}}