{"id":43312,"date":"2018-01-17T13:17:29","date_gmt":"2018-01-17T16:17:29","guid":{"rendered":"http:\/\/www.simepe.com.br\/novo\/?p=43312"},"modified":"2018-01-17T13:17:29","modified_gmt":"2018-01-17T16:17:29","slug":"medicos-iniciam-paralisacao-de-atividades-no-hospital-municipal-de-maracanau","status":"publish","type":"post","link":"https:\/\/www.simepe.com.br\/novo\/medicos-iniciam-paralisacao-de-atividades-no-hospital-municipal-de-maracanau\/","title":{"rendered":"M\u00c9DICOS INICIAM PARALISA\u00c7\u00c3O DE ATIVIDADES NO HOSPITAL MUNICIPAL DE MARACANA\u00da"},"content":{"rendered":"<p style=\"text-align: justify;\">Os m\u00e9dicos do Hospital Municipal Jo\u00e3o El\u00edsio de Holanda, de Maracana\u00fa, deram in\u00edcio nesta segunda-feira (15) \u00e0 paralisa\u00e7\u00e3o de suas atividades em virtude da falta de resolu\u00e7\u00e3o, por parte da Prefeitura, em atender as solicita\u00e7\u00f5es da categoria, que busca dignidade ao trabalho m\u00e9dico e melhorias na presta\u00e7\u00e3o dos servi\u00e7os \u00e0 popula\u00e7\u00e3o. Os atendimentos de urg\u00eancia e emerg\u00eancia, no entanto, s\u00e3o mantidos.<\/p>\n<p style=\"text-align: justify;\">Na tentativa se sensibilizar os gestores municipais \u2013 contatados em diversas oportunidades para di\u00e1logo com a categoria \u2013 e a popula\u00e7\u00e3o, os m\u00e9dicos programaram atividades como as que ocorrer\u00e3o nessa ter\u00e7a (16) e quarta-feira (17), respectivamente, panfletagem e manifesta\u00e7\u00e3o em frente \u00e0 Prefeitura e panfletagem e manifesta\u00e7\u00e3o em frente \u00e0 Secretaria de Sa\u00fade do Munic\u00edpio. Na manh\u00e3 de hoje, um grupo de m\u00e9dicos j\u00e1 realizou panfletagem em frente ao hospital.<\/p>\n<p style=\"text-align: justify;\">A paralisa\u00e7\u00e3o foi deliberada em Assembleia Geral, realizada em 18 de dezembro de 2017, e publicada no jornal O Estado do \u00faltimo dia 10:<\/p>\n<p style=\"text-align: justify;\"><img src=\"http:\/\/www.sindicatodosmedicosdoceara.org.br\/wp-content\/uploads\/2018\/01\/ComunicadoParalisacaoMaracanau10.01.18.jpg\" alt=\"\" \/><\/p>\n<p style=\"text-align: justify;\">Fonte: Assessoria de Comunica\u00e7\u00e3o do Sindicato dos M\u00e9dicos do Cear\u00e1<\/p>\n","protected":false},"excerpt":{"rendered":"<p>Os m\u00e9dicos do Hospital Municipal Jo\u00e3o El\u00edsio de Holanda, de Maracana\u00fa, deram in\u00edcio nesta segunda-feira (15) \u00e0 paralisa\u00e7\u00e3o de suas atividades em virtude da falta de resolu\u00e7\u00e3o, por parte da Prefeitura, em atender as solicita\u00e7\u00f5es da categoria, que busca dignidade ao trabalho m\u00e9dico e melhorias na presta\u00e7\u00e3o dos servi\u00e7os \u00e0 popula\u00e7\u00e3o. Os atendimentos de urg\u00eancia [&hellip;]<\/p>\n","protected":false},"author":1,"featured_media":43313,"comment_status":"open","ping_status":"open","sticky":false,"template":"","format":"standard","meta":{"ocean_post_layout":"","ocean_both_sidebars_style":"","ocean_both_sidebars_content_width":0,"ocean_both_sidebars_sidebars_width":0,"ocean_sidebar":"","ocean_second_sidebar":"","ocean_disable_margins":"enable","ocean_add_body_class":"","ocean_shortcode_before_top_bar":"","ocean_shortcode_after_top_bar":"","ocean_shortcode_before_header":"","ocean_shortcode_after_header":"","ocean_has_shortcode":"","ocean_shortcode_after_title":"","ocean_shortcode_before_footer_widgets":"","ocean_shortcode_after_footer_widgets":"","ocean_shortcode_before_footer_bottom":"","ocean_shortcode_after_footer_bottom":"","ocean_display_top_bar":"default","ocean_display_header":"default","ocean_header_style":"","ocean_center_header_left_menu":"","ocean_custom_header_template":"","ocean_custom_logo":0,"ocean_custom_retina_logo":0,"ocean_custom_logo_max_width":0,"ocean_custom_logo_tablet_max_width":0,"ocean_custom_logo_mobile_max_width":0,"ocean_custom_logo_max_height":0,"ocean_custom_logo_tablet_max_height":0,"ocean_custom_logo_mobile_max_height":0,"ocean_header_custom_menu":"","ocean_menu_typo_font_family":"","ocean_menu_typo_font_subset":"","ocean_menu_typo_font_size":0,"ocean_menu_typo_font_size_tablet":0,"ocean_menu_typo_font_size_mobile":0,"ocean_menu_typo_font_size_unit":"px","ocean_menu_typo_font_weight":"","ocean_menu_typo_font_weight_tablet":"","ocean_menu_typo_font_weight_mobile":"","ocean_menu_typo_transform":"","ocean_menu_typo_transform_tablet":"","ocean_menu_typo_transform_mobile":"","ocean_menu_typo_line_height":0,"ocean_menu_typo_line_height_tablet":0,"ocean_menu_typo_line_height_mobile":0,"ocean_menu_typo_line_height_unit":"","ocean_menu_typo_spacing":0,"ocean_menu_typo_spacing_tablet":0,"ocean_menu_typo_spacing_mobile":0,"ocean_menu_typo_spacing_unit":"","ocean_menu_link_color":"","ocean_menu_link_color_hover":"","ocean_menu_link_color_active":"","ocean_menu_link_background":"","ocean_menu_link_hover_background":"","ocean_menu_link_active_background":"","ocean_menu_social_links_bg":"","ocean_menu_social_hover_links_bg":"","ocean_menu_social_links_color":"","ocean_menu_social_hover_links_color":"","ocean_disable_title":"default","ocean_disable_heading":"default","ocean_post_title":"","ocean_post_subheading":"","ocean_post_title_style":"","ocean_post_title_background_color":"","ocean_post_title_background":0,"ocean_post_title_bg_image_position":"","ocean_post_title_bg_image_attachment":"","ocean_post_title_bg_image_repeat":"","ocean_post_title_bg_image_size":"","ocean_post_title_height":0,"ocean_post_title_bg_overlay":0.5,"ocean_post_title_bg_overlay_color":"","ocean_disable_breadcrumbs":"default","ocean_breadcrumbs_color":"","ocean_breadcrumbs_separator_color":"","ocean_breadcrumbs_links_color":"","ocean_breadcrumbs_links_hover_color":"","ocean_display_footer_widgets":"default","ocean_display_footer_bottom":"default","ocean_custom_footer_template":"","ocean_post_oembed":"","ocean_post_self_hosted_media":"","ocean_post_video_embed":"","ocean_link_format":"","ocean_link_format_target":"self","ocean_quote_format":"","ocean_quote_format_link":"post","ocean_gallery_link_images":"on","ocean_gallery_id":[]},"categories":[1],"tags":[],"acf":[],"_links":{"self":[{"href":"https:\/\/www.simepe.com.br\/novo\/wp-json\/wp\/v2\/posts\/43312"}],"collection":[{"href":"https:\/\/www.simepe.com.br\/novo\/wp-json\/wp\/v2\/posts"}],"about":[{"href":"https:\/\/www.simepe.com.br\/novo\/wp-json\/wp\/v2\/types\/post"}],"author":[{"embeddable":true,"href":"https:\/\/www.simepe.com.br\/novo\/wp-json\/wp\/v2\/users\/1"}],"replies":[{"embeddable":true,"href":"https:\/\/www.simepe.com.br\/novo\/wp-json\/wp\/v2\/comments?post=43312"}],"version-history":[{"count":1,"href":"https:\/\/www.simepe.com.br\/novo\/wp-json\/wp\/v2\/posts\/43312\/revisions"}],"predecessor-version":[{"id":43314,"href":"https:\/\/www.simepe.com.br\/novo\/wp-json\/wp\/v2\/posts\/43312\/revisions\/43314"}],"wp:featuredmedia":[{"embeddable":true,"href":"https:\/\/www.simepe.com.br\/novo\/wp-json\/wp\/v2\/media\/43313"}],"wp:attachment":[{"href":"https:\/\/www.simepe.com.br\/novo\/wp-json\/wp\/v2\/media?parent=43312"}],"wp:term":[{"taxonomy":"category","embeddable":true,"href":"https:\/\/www.simepe.com.br\/novo\/wp-json\/wp\/v2\/categories?post=43312"},{"taxonomy":"post_tag","embeddable":true,"href":"https:\/\/www.simepe.com.br\/novo\/wp-json\/wp\/v2\/tags?post=43312"}],"curies":[{"name":"wp","href":"https:\/\/api.w.org\/{rel}","templated":true}]}}