{"id":43315,"date":"2018-01-18T13:06:36","date_gmt":"2018-01-18T16:06:36","guid":{"rendered":"http:\/\/www.simepe.com.br\/novo\/?p=43315"},"modified":"2018-01-18T13:06:36","modified_gmt":"2018-01-18T16:06:36","slug":"procura-por-vacina-contra-febre-amarela-aumentou-50-no-recife-diz-secretario","status":"publish","type":"post","link":"https:\/\/www.simepe.com.br\/novo\/procura-por-vacina-contra-febre-amarela-aumentou-50-no-recife-diz-secretario\/","title":{"rendered":"Procura por vacina contra febre amarela aumentou 50% no Recife, diz secret\u00e1rio"},"content":{"rendered":"<p style=\"text-align: justify;\">A vacina\u00e7\u00e3o s\u00f3 \u00e9 permitida para quem apresentar comprovante de viagem para alguma das \u00e1reas de risco e deve ser tomada 10 dias antes<\/p>\n<p style=\"text-align: justify;\">A procura por vacina contra febre amarela no Recife aumentou 50% este m\u00eas de janeiro, de acordo com a Secretaria de Sa\u00fade do Recife. Motivo \u00e9 a atual situa\u00e7\u00e3o no Brasil. Desde julho de 2017, j\u00e1 foram registradas 20 mortes por febre amarela no Pa\u00eds. De acordo com o secret\u00e1rio Jailson Correia, os postos de sa\u00fade do Recife est\u00e3o abastecidos com aproximadamente 2 mil vacinas contra a febre, n\u00famero considerado suficiente para a demanda. A vacina\u00e7\u00e3o, no entanto, \u00e9 permitida apenas para quem apresentar comprovante de viagem para alguma das \u00e1reas de risco.<\/p>\n<p style=\"text-align: justify;\">A dose deve ser tomada 10 dias antes da viagem e n\u00e3o \u00e9 indicada para rec\u00e9m nascidos com menos de 9 meses, m\u00e3es amamentando e idosos. Nesses casos s\u00f3 \u00e9 permitida a vacina\u00e7\u00e3o ap\u00f3s uma recomenda\u00e7\u00e3o m\u00e9dica. A lista dos postos de sa\u00fade que disp\u00f5em da vacina pode ser encontrada no site da Prefeitura da Cidade do Recife (PCR).<\/p>\n<p style=\"text-align: justify;\">Motivado por not\u00edcias sobre a doen\u00e7a, o motorista Eduardo Moura, de 39 anos, procurou o posto de sa\u00fade Waldemar de Oliveira, na Rua do Pombal, \u00e1rea central do Recife. Ele foi o \u00faltimo a se vacinar antes da viagem com toda a fam\u00edlia para o Rio de Janeiro. \u201cVou viajar com meus pais e tios. Todos j\u00e1 tomaram. \u00c9 melhor se prevenir antes de viajar\u201d, disse.<\/p>\n<p style=\"text-align: justify;\">Segundo Jailson Correia, apesar do alerta sobre o risco de contamina\u00e7\u00e3o em algumas regi\u00f5es do Brasil, n\u00e3o h\u00e1 motivo para alarde. \u201c\u00c9 importante dizer que em Pernambuco e no Recife n\u00e3o h\u00e1 evid\u00eancia da transmiss\u00e3o do v\u00edrus. Os casos notificados s\u00e3o de pessoas que tiveram em \u00e1reas de risco de transmiss\u00e3o e voltaram\u201d, explicou.<\/p>\n<p style=\"text-align: justify;\">Podem receber a vacina pessoas que n\u00e3o para: regi\u00f5es amaz\u00f4nicas, o centro-oeste e alguns estados da regi\u00e3o sudeste como S\u00e3o Paulo, Rio de Janeiro, Minas Gerais e Esp\u00edrito Santo. \u201cO que a gente est\u00e1 vendo no Brasil \u00e9 a transmiss\u00e3o silvestre da febre amarela, que ocorre em regi\u00f5es de mata onde h\u00e1 macacos infectados que podem, atrav\u00e9s dos mosquitos sabethes e dernagogus, mosquitos de mata, fazer a transmiss\u00e3o da febre amarela para humanos\u201d, completou.<\/p>\n<p style=\"text-align: justify;\">\n<p style=\"text-align: justify;\">Fonte: Folha de Pernambuco<\/p>\n","protected":false},"excerpt":{"rendered":"<p>A vacina\u00e7\u00e3o s\u00f3 \u00e9 permitida para quem apresentar comprovante de viagem para alguma das \u00e1reas de risco e deve ser tomada 10 dias antes A procura por vacina contra febre amarela no Recife aumentou 50% este m\u00eas de janeiro, de acordo com a Secretaria de Sa\u00fade do Recife. Motivo \u00e9 a atual situa\u00e7\u00e3o no Brasil. [&hellip;]<\/p>\n","protected":false},"author":1,"featured_media":0,"comment_status":"open","ping_status":"open","sticky":false,"template":"","format":"standard","meta":{"ocean_post_layout":"","ocean_both_sidebars_style":"","ocean_both_sidebars_content_width":0,"ocean_both_sidebars_sidebars_width":0,"ocean_sidebar":"","ocean_second_sidebar":"","ocean_disable_margins":"enable","ocean_add_body_class":"","ocean_shortcode_before_top_bar":"","ocean_shortcode_after_top_bar":"","ocean_shortcode_before_header":"","ocean_shortcode_after_header":"","ocean_has_shortcode":"","ocean_shortcode_after_title":"","ocean_shortcode_before_footer_widgets":"","ocean_shortcode_after_footer_widgets":"","ocean_shortcode_before_footer_bottom":"","ocean_shortcode_after_footer_bottom":"","ocean_display_top_bar":"default","ocean_display_header":"default","ocean_header_style":"","ocean_center_header_left_menu":"","ocean_custom_header_template":"","ocean_custom_logo":0,"ocean_custom_retina_logo":0,"ocean_custom_logo_max_width":0,"ocean_custom_logo_tablet_max_width":0,"ocean_custom_logo_mobile_max_width":0,"ocean_custom_logo_max_height":0,"ocean_custom_logo_tablet_max_height":0,"ocean_custom_logo_mobile_max_height":0,"ocean_header_custom_menu":"","ocean_menu_typo_font_family":"","ocean_menu_typo_font_subset":"","ocean_menu_typo_font_size":0,"ocean_menu_typo_font_size_tablet":0,"ocean_menu_typo_font_size_mobile":0,"ocean_menu_typo_font_size_unit":"px","ocean_menu_typo_font_weight":"","ocean_menu_typo_font_weight_tablet":"","ocean_menu_typo_font_weight_mobile":"","ocean_menu_typo_transform":"","ocean_menu_typo_transform_tablet":"","ocean_menu_typo_transform_mobile":"","ocean_menu_typo_line_height":0,"ocean_menu_typo_line_height_tablet":0,"ocean_menu_typo_line_height_mobile":0,"ocean_menu_typo_line_height_unit":"","ocean_menu_typo_spacing":0,"ocean_menu_typo_spacing_tablet":0,"ocean_menu_typo_spacing_mobile":0,"ocean_menu_typo_spacing_unit":"","ocean_menu_link_color":"","ocean_menu_link_color_hover":"","ocean_menu_link_color_active":"","ocean_menu_link_background":"","ocean_menu_link_hover_background":"","ocean_menu_link_active_background":"","ocean_menu_social_links_bg":"","ocean_menu_social_hover_links_bg":"","ocean_menu_social_links_color":"","ocean_menu_social_hover_links_color":"","ocean_disable_title":"default","ocean_disable_heading":"default","ocean_post_title":"","ocean_post_subheading":"","ocean_post_title_style":"","ocean_post_title_background_color":"","ocean_post_title_background":0,"ocean_post_title_bg_image_position":"","ocean_post_title_bg_image_attachment":"","ocean_post_title_bg_image_repeat":"","ocean_post_title_bg_image_size":"","ocean_post_title_height":0,"ocean_post_title_bg_overlay":0.5,"ocean_post_title_bg_overlay_color":"","ocean_disable_breadcrumbs":"default","ocean_breadcrumbs_color":"","ocean_breadcrumbs_separator_color":"","ocean_breadcrumbs_links_color":"","ocean_breadcrumbs_links_hover_color":"","ocean_display_footer_widgets":"default","ocean_display_footer_bottom":"default","ocean_custom_footer_template":"","ocean_post_oembed":"","ocean_post_self_hosted_media":"","ocean_post_video_embed":"","ocean_link_format":"","ocean_link_format_target":"self","ocean_quote_format":"","ocean_quote_format_link":"post","ocean_gallery_link_images":"on","ocean_gallery_id":[]},"categories":[9],"tags":[],"acf":[],"_links":{"self":[{"href":"https:\/\/www.simepe.com.br\/novo\/wp-json\/wp\/v2\/posts\/43315"}],"collection":[{"href":"https:\/\/www.simepe.com.br\/novo\/wp-json\/wp\/v2\/posts"}],"about":[{"href":"https:\/\/www.simepe.com.br\/novo\/wp-json\/wp\/v2\/types\/post"}],"author":[{"embeddable":true,"href":"https:\/\/www.simepe.com.br\/novo\/wp-json\/wp\/v2\/users\/1"}],"replies":[{"embeddable":true,"href":"https:\/\/www.simepe.com.br\/novo\/wp-json\/wp\/v2\/comments?post=43315"}],"version-history":[{"count":1,"href":"https:\/\/www.simepe.com.br\/novo\/wp-json\/wp\/v2\/posts\/43315\/revisions"}],"predecessor-version":[{"id":43316,"href":"https:\/\/www.simepe.com.br\/novo\/wp-json\/wp\/v2\/posts\/43315\/revisions\/43316"}],"wp:attachment":[{"href":"https:\/\/www.simepe.com.br\/novo\/wp-json\/wp\/v2\/media?parent=43315"}],"wp:term":[{"taxonomy":"category","embeddable":true,"href":"https:\/\/www.simepe.com.br\/novo\/wp-json\/wp\/v2\/categories?post=43315"},{"taxonomy":"post_tag","embeddable":true,"href":"https:\/\/www.simepe.com.br\/novo\/wp-json\/wp\/v2\/tags?post=43315"}],"curies":[{"name":"wp","href":"https:\/\/api.w.org\/{rel}","templated":true}]}}