{"id":43317,"date":"2018-01-18T13:10:05","date_gmt":"2018-01-18T16:10:05","guid":{"rendered":"http:\/\/www.simepe.com.br\/novo\/?p=43317"},"modified":"2018-01-18T13:10:05","modified_gmt":"2018-01-18T16:10:05","slug":"pernambuco-tem-segunda-suspeita-de-febre-amarela","status":"publish","type":"post","link":"https:\/\/www.simepe.com.br\/novo\/pernambuco-tem-segunda-suspeita-de-febre-amarela\/","title":{"rendered":"Pernambuco tem segunda suspeita de febre amarela"},"content":{"rendered":"<p style=\"text-align: justify;\">Novo caso monitorado pela Secretaria de Sa\u00fade \u00e9 de um paciente que \u00e9 pernambucano, mas reside em Bras\u00edlia<\/p>\n<p style=\"text-align: justify;\">Uma segunda suspeita de febre amarela foi confirmada pela Secretaria Estadual de Sa\u00fade (SES) nesta quarta-feira (17). O segundo caso contabilizado neste ano pela secretaria \u00e9 de um paciente que \u00e9 pernambucano mas reside em Bras\u00edlia. Ele est\u00e1 de f\u00e9rias em Pernambuco e passou por \u00e1reas de risco na Bahia antes de chegar na capital pernambucana. Ele foi atendido na pr\u00f3pria ter\u00e7a em uma unidade privada, com quadro de febre e dores de cabe\u00e7a e no corpo, e liberado logo em seguida.<\/p>\n<p style=\"text-align: justify;\">O paciente \u00e9 vacinado contra febre amarela. Apesar de estar imunizado e n\u00e3o seguir a defini\u00e7\u00e3o do Minist\u00e9rio da Sa\u00fade para caso suspeito, ele foi notificado pela unidade de sa\u00fade por ter passado por \u00e1rea considerada de risco na noite da \u00faltima ter\u00e7a-feira (16).<\/p>\n<p style=\"text-align: justify;\">O primeiro caso registrado neste ano foi o de uma pernambucana com quadro de febre, sintomatologia que iniciou no dia 7 de janeiro, em S\u00e3o Paulo, durante visita ao munic\u00edpio de Mairipor\u00e3, considerado \u00e1rea de risco. Ela foi atendida em unidade hospitalar privada em Pernambuco no dia 9. A paciente j\u00e1 recebeu alta m\u00e9dica e as an\u00e1lises laboratoriais est\u00e3o em andamento.<\/p>\n<p style=\"text-align: justify;\">A Secretaria Estadual de Sa\u00fade (SES) informou que Pernambuco n\u00e3o \u00e9 \u00e1rea de transmiss\u00e3o da febre amarela, ou seja, n\u00e3o tem a circula\u00e7\u00e3o do v\u00edrus, e tamb\u00e9m n\u00e3o registra casos da doen\u00e7a transmitida h\u00e1 cerca de 90 anos.<\/p>\n<p style=\"text-align: justify;\">O Minist\u00e9rio da Sa\u00fade considera o Estado como \u00c1rea Sem Recomenda\u00e7\u00e3o de Vacina (ASRV). Sendo assim, n\u00e3o h\u00e1 a necessidade de vacina\u00e7\u00e3o para seus residentes. A vacina s\u00f3 \u00e9 indicada para aqueles que viajar\u00e3o, por motivo de f\u00e9rias ou trabalho, para as \u00c1reas Com Recomenda\u00e7\u00e3o de Vacina (ACRV) devido ao risco de transmiss\u00e3o. A Secretaria Estadual de Sa\u00fade ressalta que est\u00e1 abastecida da vacina contra febre amarela para o p\u00fablico que tem indicativo para o uso.<\/p>\n<p style=\"text-align: justify;\">Desde fevereiro de 2017, a SES refor\u00e7ou a vigil\u00e2ncia para investigar, de imediato, qualquer suspeita de casos ou da circula\u00e7\u00e3o viral da doen\u00e7a. Caso haja alguma suspeita ou confirma\u00e7\u00e3o, o Estado est\u00e1 preparado para realizar todas as medidas de assist\u00eancia ao paciente e tamb\u00e9m de bloqueio para prevenir outros casos.<\/p>\n<p style=\"text-align: justify;\">\n<p style=\"text-align: justify;\">Fonte: Folha de Pernambuco<\/p>\n","protected":false},"excerpt":{"rendered":"<p>Novo caso monitorado pela Secretaria de Sa\u00fade \u00e9 de um paciente que \u00e9 pernambucano, mas reside em Bras\u00edlia Uma segunda suspeita de febre amarela foi confirmada pela Secretaria Estadual de Sa\u00fade (SES) nesta quarta-feira (17). O segundo caso contabilizado neste ano pela secretaria \u00e9 de um paciente que \u00e9 pernambucano mas reside em Bras\u00edlia. Ele [&hellip;]<\/p>\n","protected":false},"author":1,"featured_media":0,"comment_status":"open","ping_status":"open","sticky":false,"template":"","format":"standard","meta":{"ocean_post_layout":"","ocean_both_sidebars_style":"","ocean_both_sidebars_content_width":0,"ocean_both_sidebars_sidebars_width":0,"ocean_sidebar":"","ocean_second_sidebar":"","ocean_disable_margins":"enable","ocean_add_body_class":"","ocean_shortcode_before_top_bar":"","ocean_shortcode_after_top_bar":"","ocean_shortcode_before_header":"","ocean_shortcode_after_header":"","ocean_has_shortcode":"","ocean_shortcode_after_title":"","ocean_shortcode_before_footer_widgets":"","ocean_shortcode_after_footer_widgets":"","ocean_shortcode_before_footer_bottom":"","ocean_shortcode_after_footer_bottom":"","ocean_display_top_bar":"default","ocean_display_header":"default","ocean_header_style":"","ocean_center_header_left_menu":"","ocean_custom_header_template":"","ocean_custom_logo":0,"ocean_custom_retina_logo":0,"ocean_custom_logo_max_width":0,"ocean_custom_logo_tablet_max_width":0,"ocean_custom_logo_mobile_max_width":0,"ocean_custom_logo_max_height":0,"ocean_custom_logo_tablet_max_height":0,"ocean_custom_logo_mobile_max_height":0,"ocean_header_custom_menu":"","ocean_menu_typo_font_family":"","ocean_menu_typo_font_subset":"","ocean_menu_typo_font_size":0,"ocean_menu_typo_font_size_tablet":0,"ocean_menu_typo_font_size_mobile":0,"ocean_menu_typo_font_size_unit":"px","ocean_menu_typo_font_weight":"","ocean_menu_typo_font_weight_tablet":"","ocean_menu_typo_font_weight_mobile":"","ocean_menu_typo_transform":"","ocean_menu_typo_transform_tablet":"","ocean_menu_typo_transform_mobile":"","ocean_menu_typo_line_height":0,"ocean_menu_typo_line_height_tablet":0,"ocean_menu_typo_line_height_mobile":0,"ocean_menu_typo_line_height_unit":"","ocean_menu_typo_spacing":0,"ocean_menu_typo_spacing_tablet":0,"ocean_menu_typo_spacing_mobile":0,"ocean_menu_typo_spacing_unit":"","ocean_menu_link_color":"","ocean_menu_link_color_hover":"","ocean_menu_link_color_active":"","ocean_menu_link_background":"","ocean_menu_link_hover_background":"","ocean_menu_link_active_background":"","ocean_menu_social_links_bg":"","ocean_menu_social_hover_links_bg":"","ocean_menu_social_links_color":"","ocean_menu_social_hover_links_color":"","ocean_disable_title":"default","ocean_disable_heading":"default","ocean_post_title":"","ocean_post_subheading":"","ocean_post_title_style":"","ocean_post_title_background_color":"","ocean_post_title_background":0,"ocean_post_title_bg_image_position":"","ocean_post_title_bg_image_attachment":"","ocean_post_title_bg_image_repeat":"","ocean_post_title_bg_image_size":"","ocean_post_title_height":0,"ocean_post_title_bg_overlay":0.5,"ocean_post_title_bg_overlay_color":"","ocean_disable_breadcrumbs":"default","ocean_breadcrumbs_color":"","ocean_breadcrumbs_separator_color":"","ocean_breadcrumbs_links_color":"","ocean_breadcrumbs_links_hover_color":"","ocean_display_footer_widgets":"default","ocean_display_footer_bottom":"default","ocean_custom_footer_template":"","ocean_post_oembed":"","ocean_post_self_hosted_media":"","ocean_post_video_embed":"","ocean_link_format":"","ocean_link_format_target":"self","ocean_quote_format":"","ocean_quote_format_link":"post","ocean_gallery_link_images":"on","ocean_gallery_id":[]},"categories":[9],"tags":[],"acf":[],"_links":{"self":[{"href":"https:\/\/www.simepe.com.br\/novo\/wp-json\/wp\/v2\/posts\/43317"}],"collection":[{"href":"https:\/\/www.simepe.com.br\/novo\/wp-json\/wp\/v2\/posts"}],"about":[{"href":"https:\/\/www.simepe.com.br\/novo\/wp-json\/wp\/v2\/types\/post"}],"author":[{"embeddable":true,"href":"https:\/\/www.simepe.com.br\/novo\/wp-json\/wp\/v2\/users\/1"}],"replies":[{"embeddable":true,"href":"https:\/\/www.simepe.com.br\/novo\/wp-json\/wp\/v2\/comments?post=43317"}],"version-history":[{"count":1,"href":"https:\/\/www.simepe.com.br\/novo\/wp-json\/wp\/v2\/posts\/43317\/revisions"}],"predecessor-version":[{"id":43318,"href":"https:\/\/www.simepe.com.br\/novo\/wp-json\/wp\/v2\/posts\/43317\/revisions\/43318"}],"wp:attachment":[{"href":"https:\/\/www.simepe.com.br\/novo\/wp-json\/wp\/v2\/media?parent=43317"}],"wp:term":[{"taxonomy":"category","embeddable":true,"href":"https:\/\/www.simepe.com.br\/novo\/wp-json\/wp\/v2\/categories?post=43317"},{"taxonomy":"post_tag","embeddable":true,"href":"https:\/\/www.simepe.com.br\/novo\/wp-json\/wp\/v2\/tags?post=43317"}],"curies":[{"name":"wp","href":"https:\/\/api.w.org\/{rel}","templated":true}]}}