{"id":43327,"date":"2018-01-18T13:16:31","date_gmt":"2018-01-18T16:16:31","guid":{"rendered":"http:\/\/www.simepe.com.br\/novo\/?p=43327"},"modified":"2018-01-18T13:16:31","modified_gmt":"2018-01-18T16:16:31","slug":"febre-amarela-preocupa-da-capital-ao-interior-de-pernambuco","status":"publish","type":"post","link":"https:\/\/www.simepe.com.br\/novo\/febre-amarela-preocupa-da-capital-ao-interior-de-pernambuco\/","title":{"rendered":"Febre Amarela preocupa da Capital ao Interior de Pernambuco"},"content":{"rendered":"<p style=\"text-align: justify;\">Segundo caso suspeito da doen\u00e7a \u00e9 investigado no Estado. No Recife, dezenas de pessoas est\u00e3o \u00e0 procura de vacina enquanto Caruaru realiza bloqueio na Sulanca<\/p>\n<p style=\"text-align: justify;\">Uma popula\u00e7\u00e3o preocupada do Recife ao Interior de Pernambuco. A informa\u00e7\u00e3o de dois casos suspeitos de febre amarela (FA) sendo investigados no Estado, at\u00e9 essa quarta-feira (17), e o temor de que mais um v\u00edrus possa chegar ao territ\u00f3rio pernambucano t\u00eam levado dezenas de pessoas aos postos p\u00fablicos de vacina\u00e7\u00e3o. Filas se formaram nos principais servi\u00e7os de refer\u00eancia no Recife.<\/p>\n<p style=\"text-align: justify;\">Em Caruaru, cidade polo do Agreste, a procura tamb\u00e9m aumentou. O munic\u00edpio inclusive iniciou a\u00e7\u00f5es de pulveriza\u00e7\u00e3o na Feira da Sulanca temendo que a doen\u00e7a chegue com os milhares de visitantes que v\u00eam de v\u00e1rias partes do Brasil, incluindo \u00e1reas end\u00eamicas.<\/p>\n<p style=\"text-align: justify;\">Apesar de as autoridades da sa\u00fade p\u00fablica estadual considerarem improv\u00e1vel a chegada da febre amarela, estudos nacionais recentes apontam que o Aedes aegypti tem capacidade de participa\u00e7\u00e3o no ciclo da transmiss\u00e3o da doen\u00e7a.<\/p>\n<p style=\"text-align: justify;\">O resultado parcial do primeiro Levantamento de \u00cdndice R\u00e1pido do Aedes aegypti (LIRAa) de 2018 refor\u00e7a a poss\u00edvel amea\u00e7a do Aedes. Entre os munic\u00edpios pernambucanos analisados, 128 (69,6%) t\u00eam situa\u00e7\u00e3o de risco para transmiss\u00e3o elevada de enfermidades carreadas pelo mosquito.<\/p>\n<p style=\"text-align: justify;\">\u201cVou viajar dia 28 de janeiro para o interior S\u00e3o Paulo (SP), onde tem \u00e1rea de risco, e a empresa recomendou que tomasse a vacina. Estou aqui para me prevenir. Vim h\u00e1 dois dias e n\u00e3o tinha essa quantidade de gente, mas naquele dia estava sem a passagem\u201d, contou o representante comercial Edson Carvalho Junior, 48 anos, que esperou por mais de uma hora na Policl\u00ednica Lessa de Andrade, no Recife, para conseguir a vacina.<\/p>\n<p style=\"text-align: justify;\">\u201cFiquei surpresa com a quantidade de gente se vacinando. Est\u00e1 fora do normal\u201d, disse a consultora Ana L\u00facia Coelho, 52, que tamb\u00e9m viaja para o estado paulista no dia 26. Havia at\u00e9 pessoas naturais de S\u00e3o Paulo buscando dose na policl\u00ednica com medo de n\u00e3o conseguirem o imunizante na cidade natal.<\/p>\n<p style=\"text-align: justify;\">\u201cEstou em viagem. Vim de SP para c\u00e1 e vou ficar duas semanas. Ent\u00e3o, vim tomar logo a vacina porque vou demorar para voltar para l\u00e1. Tenho amigos que ficaram doentes j\u00e1\u201d, afirmou o contador Claudio Munhoz, 37. Segundo a Secretaria de Sa\u00fade do Recife, as duas mil doses que a Cidade recebe mensalmente acabaram em menos de 15 dias e j\u00e1 foram aportadas mais 700 doses extras. O secret\u00e1rio Jailson Correia tentou tranquilizar a popula\u00e7\u00e3o. \u201cFazemos parte de uma regi\u00e3o do Nordeste que n\u00e3o tem tido nenhuma evid\u00eancia de transmiss\u00e3o do v\u00edrus. Por tanto, aqui s\u00f3 tem indica\u00e7\u00e3o de vacina \u00e0quelas pessoas que v\u00e3o viajar para \u00e1reas de risco\u201d, refor\u00e7ou.<\/p>\n<p style=\"text-align: justify;\">\nFoi vis\u00edvel na fila o impacto que a inclus\u00e3o de S\u00e3o Paulo como \u00e1rea de risco trouxe para a demanda de vacinas em Pernambuco, o que pode gerar novas solicita\u00e7\u00f5es de estoque ao Governo Federal. O Minist\u00e9rio da Sa\u00fade confirmou o envio, neste ano, de 10 mil doses contra a febre amarela, o que corresponde a 100% do solicitado no m\u00eas. Em 2017, foram enviadas 107,9 mil doses. A Secretaria Estadual de Sa\u00fade (SES) informou estar em contato com os munic\u00edpios para analisar a demanda por vacinas, mas que, atualmente, as remessas encaminhadas pelo Minist\u00e9rio suprem a necessidade.<\/p>\n<p style=\"text-align: justify;\"><strong>Casos notificados<\/strong><\/p>\n<p style=\"text-align: justify;\">\nDepois de uma mulher vinda de Mairipor\u00e3 (SP) apresentar alguns dos sintomas da doen\u00e7a e ser notificada no come\u00e7o do m\u00eas, ontem foi inclu\u00edda a investiga\u00e7\u00e3o de caso de um homem que mora em Bras\u00edlia e est\u00e1 de f\u00e9rias no Estado. Ambos apresentaram quadros brandos e n\u00e3o est\u00e3o hospitalizados. Os exames de confirma\u00e7\u00e3o ou n\u00e3o da FA ser\u00e3o feitos pelo Instituto Evandro Chagas, no Par\u00e1, mas n\u00e3o h\u00e1 previs\u00e3o dos resultados.<\/p>\n<p style=\"text-align: justify;\"><strong>Barreira para evitar contamina\u00e7\u00e3o<\/strong><\/p>\n<p style=\"text-align: justify;\">\nEm Caruaru, a vacina\u00e7\u00e3o \u00e9 concentrada no Centro de Sa\u00fade Ana Rodrigues onde 550 pessoas j\u00e1 foram vacinadas. Entre a popula\u00e7\u00e3o em busca de doses, pessoas de cidades vizinhas como Santa Cruz, Toritama, Belo Jardim, Pesqueira, no Agreste e Arcoverde, no Sert\u00e3o, onde relataram j\u00e1 haver dificuldade em encontrar a imuniza\u00e7\u00e3o. O servi\u00e7o tamb\u00e9m recebeu quatro pessoas de S\u00e3o Paulo. O gerente geral de Vigil\u00e2ncia em Sa\u00fade, Paulo Flor\u00eancio, destacou que trabalhos de barreira come\u00e7aram na cidade. \u201cJ\u00e1 estamos trabalhando na Feira da Sulanca fazendo bloqueio da \u00e1rea para evitar que uma pessoa doente que vier de fora contamine Aedes em Caruaru possibilitando a dissemina\u00e7\u00e3o da doen\u00e7a\u201d, afirmou. Caruaru comp\u00f5e a lista das cidades com grande densidade vetorial segundo o 1\u00aa LIRAa.<\/p>\n<p style=\"text-align: justify;\">Sobre a compet\u00eancia do Aedes para piorar o cen\u00e1rio de adoecimento no Brasil, a pesquisadora da Fiocruz\/PE, Const\u00e2ncia Ayres, confirmou a viabilidade desse mosquito como vetor nas \u00e1reas urbanas. \u201cTem um artigo muito recente do grupo do Instituto Oswaldo Cruz do Rio de Janeiro que mostra que os Aedes aegypti atuais t\u00eam uma alt\u00edssima compet\u00eancia vetorial para a transmiss\u00e3o do v\u00edrus. As cepas que est\u00e3o circulando junto com a popula\u00e7\u00e3o de mosquitos presentes \u00e9 uma combina\u00e7\u00e3o poss\u00edvel\u201d, apontou.<\/p>\n<p style=\"text-align: justify;\">Segundo a especialista, para que o Aedes entre no ciclo de transmiss\u00e3o basta que algu\u00e9m se contamine no ciclo silvestre vira foco da infec\u00e7\u00e3o, venha para um centro urbano e seja picado pelo Aedes. Essa viabilidade foi comprovada em mosquitos do Rio de Janeiro e Manaus. Ainda n\u00e3o h\u00e1 estudos desse tipo com os mosquitos de Pernambuco. Apesar do cen\u00e1rio de aten\u00e7\u00e3o, a pesquisadora acredita que os sistemas de vigil\u00e2ncia est\u00e3o eficientes em detectar e bloquear qualquer escalada de casos.<\/p>\n<p style=\"text-align: justify;\">\n<p style=\"text-align: justify;\">Fonte: Folha de Pernambuco<\/p>\n","protected":false},"excerpt":{"rendered":"<p>Segundo caso suspeito da doen\u00e7a \u00e9 investigado no Estado. No Recife, dezenas de pessoas est\u00e3o \u00e0 procura de vacina enquanto Caruaru realiza bloqueio na Sulanca Uma popula\u00e7\u00e3o preocupada do Recife ao Interior de Pernambuco. A informa\u00e7\u00e3o de dois casos suspeitos de febre amarela (FA) sendo investigados no Estado, at\u00e9 essa quarta-feira (17), e o temor [&hellip;]<\/p>\n","protected":false},"author":1,"featured_media":0,"comment_status":"open","ping_status":"open","sticky":false,"template":"","format":"standard","meta":{"ocean_post_layout":"","ocean_both_sidebars_style":"","ocean_both_sidebars_content_width":0,"ocean_both_sidebars_sidebars_width":0,"ocean_sidebar":"","ocean_second_sidebar":"","ocean_disable_margins":"enable","ocean_add_body_class":"","ocean_shortcode_before_top_bar":"","ocean_shortcode_after_top_bar":"","ocean_shortcode_before_header":"","ocean_shortcode_after_header":"","ocean_has_shortcode":"","ocean_shortcode_after_title":"","ocean_shortcode_before_footer_widgets":"","ocean_shortcode_after_footer_widgets":"","ocean_shortcode_before_footer_bottom":"","ocean_shortcode_after_footer_bottom":"","ocean_display_top_bar":"default","ocean_display_header":"default","ocean_header_style":"","ocean_center_header_left_menu":"","ocean_custom_header_template":"","ocean_custom_logo":0,"ocean_custom_retina_logo":0,"ocean_custom_logo_max_width":0,"ocean_custom_logo_tablet_max_width":0,"ocean_custom_logo_mobile_max_width":0,"ocean_custom_logo_max_height":0,"ocean_custom_logo_tablet_max_height":0,"ocean_custom_logo_mobile_max_height":0,"ocean_header_custom_menu":"","ocean_menu_typo_font_family":"","ocean_menu_typo_font_subset":"","ocean_menu_typo_font_size":0,"ocean_menu_typo_font_size_tablet":0,"ocean_menu_typo_font_size_mobile":0,"ocean_menu_typo_font_size_unit":"px","ocean_menu_typo_font_weight":"","ocean_menu_typo_font_weight_tablet":"","ocean_menu_typo_font_weight_mobile":"","ocean_menu_typo_transform":"","ocean_menu_typo_transform_tablet":"","ocean_menu_typo_transform_mobile":"","ocean_menu_typo_line_height":0,"ocean_menu_typo_line_height_tablet":0,"ocean_menu_typo_line_height_mobile":0,"ocean_menu_typo_line_height_unit":"","ocean_menu_typo_spacing":0,"ocean_menu_typo_spacing_tablet":0,"ocean_menu_typo_spacing_mobile":0,"ocean_menu_typo_spacing_unit":"","ocean_menu_link_color":"","ocean_menu_link_color_hover":"","ocean_menu_link_color_active":"","ocean_menu_link_background":"","ocean_menu_link_hover_background":"","ocean_menu_link_active_background":"","ocean_menu_social_links_bg":"","ocean_menu_social_hover_links_bg":"","ocean_menu_social_links_color":"","ocean_menu_social_hover_links_color":"","ocean_disable_title":"default","ocean_disable_heading":"default","ocean_post_title":"","ocean_post_subheading":"","ocean_post_title_style":"","ocean_post_title_background_color":"","ocean_post_title_background":0,"ocean_post_title_bg_image_position":"","ocean_post_title_bg_image_attachment":"","ocean_post_title_bg_image_repeat":"","ocean_post_title_bg_image_size":"","ocean_post_title_height":0,"ocean_post_title_bg_overlay":0.5,"ocean_post_title_bg_overlay_color":"","ocean_disable_breadcrumbs":"default","ocean_breadcrumbs_color":"","ocean_breadcrumbs_separator_color":"","ocean_breadcrumbs_links_color":"","ocean_breadcrumbs_links_hover_color":"","ocean_display_footer_widgets":"default","ocean_display_footer_bottom":"default","ocean_custom_footer_template":"","ocean_post_oembed":"","ocean_post_self_hosted_media":"","ocean_post_video_embed":"","ocean_link_format":"","ocean_link_format_target":"self","ocean_quote_format":"","ocean_quote_format_link":"post","ocean_gallery_link_images":"on","ocean_gallery_id":[]},"categories":[9],"tags":[],"acf":[],"_links":{"self":[{"href":"https:\/\/www.simepe.com.br\/novo\/wp-json\/wp\/v2\/posts\/43327"}],"collection":[{"href":"https:\/\/www.simepe.com.br\/novo\/wp-json\/wp\/v2\/posts"}],"about":[{"href":"https:\/\/www.simepe.com.br\/novo\/wp-json\/wp\/v2\/types\/post"}],"author":[{"embeddable":true,"href":"https:\/\/www.simepe.com.br\/novo\/wp-json\/wp\/v2\/users\/1"}],"replies":[{"embeddable":true,"href":"https:\/\/www.simepe.com.br\/novo\/wp-json\/wp\/v2\/comments?post=43327"}],"version-history":[{"count":1,"href":"https:\/\/www.simepe.com.br\/novo\/wp-json\/wp\/v2\/posts\/43327\/revisions"}],"predecessor-version":[{"id":43328,"href":"https:\/\/www.simepe.com.br\/novo\/wp-json\/wp\/v2\/posts\/43327\/revisions\/43328"}],"wp:attachment":[{"href":"https:\/\/www.simepe.com.br\/novo\/wp-json\/wp\/v2\/media?parent=43327"}],"wp:term":[{"taxonomy":"category","embeddable":true,"href":"https:\/\/www.simepe.com.br\/novo\/wp-json\/wp\/v2\/categories?post=43327"},{"taxonomy":"post_tag","embeddable":true,"href":"https:\/\/www.simepe.com.br\/novo\/wp-json\/wp\/v2\/tags?post=43327"}],"curies":[{"name":"wp","href":"https:\/\/api.w.org\/{rel}","templated":true}]}}