{"id":43331,"date":"2018-01-18T13:19:23","date_gmt":"2018-01-18T16:19:23","guid":{"rendered":"http:\/\/www.simepe.com.br\/novo\/?p=43331"},"modified":"2018-01-18T13:19:23","modified_gmt":"2018-01-18T16:19:23","slug":"rio-tem-longas-filas-para-vacinacao-contra-febre-amarela","status":"publish","type":"post","link":"https:\/\/www.simepe.com.br\/novo\/rio-tem-longas-filas-para-vacinacao-contra-febre-amarela\/","title":{"rendered":"Rio tem longas filas para vacina\u00e7\u00e3o contra febre amarela"},"content":{"rendered":"<p style=\"text-align: justify;\">A procura aumentou ap\u00f3s a confirma\u00e7\u00e3o de quatro casos em pessoas no Estado este ano, com tr\u00eas \u00f3bitos, e o apelo das autoridades de sa\u00fade<\/p>\n<p style=\"text-align: justify;\">Os moradores da cidade do Rio de Janeiro enfrentaram longas filas nesta quarta-feira para tomar a vacina contra a febre amarela. A procura aumentou ap\u00f3s a confirma\u00e7\u00e3o de quatro casos em pessoas no Estado este ano, com tr\u00eas \u00f3bitos, e o apelo das autoridades de sa\u00fade. Os casos foram registrados em Valen\u00e7a, no centro-sul do estado, e em Teres\u00f3polis, na regi\u00e3o serrana.<\/p>\n<p style=\"text-align: justify;\">No Centro Especial de Vacina\u00e7\u00e3o Dr. \u00c1lvaro Aguiar, na Cinel\u00e2ndia, regi\u00e3o central da cidade, por volta de 9h a fila dobrava o quarteir\u00e3o com cerca de 400 pessoas aguardando. As informa\u00e7\u00f5es s\u00e3o da Ag\u00eancia Brasil.<\/p>\n<p style=\"text-align: justify;\">A administradora Ver\u00f4nica Vargas tinha chegado \u00e0s 6h30 e andado poucos metros na fila. Ela reclamou que muita gente entrou na fila alegando prioridade, por\u00e9m sem ser prioridade. &#8220;Vou viajar para Minas [Gerais], que \u00e9 um lugar que est\u00e1 com foco. \u00c9 muito importante vacinar at\u00e9 para n\u00e3o piorar e virar uma epidemia. Eu nunca tomei, se n\u00e3o nem precisaria, n\u00e9? Porque quem tomou uma dose n\u00e3o precisa tomar&#8221;.<\/p>\n<p style=\"text-align: justify;\">J\u00e1 no Centro Municipal de Sa\u00fade Heitor Beltr\u00e3o, na Tijuca, \u00e0s 9h30 a fila j\u00e1 estava menor, uma vez que as 400 senhas dispon\u00edveis para vacina\u00e7\u00e3o nesta quarta j\u00e1 haviam sido distribu\u00eddas. O militar Weverton de Souza chegou \u00e0s 6h45 e conseguiu uma das \u00faltimas senhas, a de n\u00famero 395. &#8220;\u00c9 a primeira vez que estou tomando a vacina&#8221;, disse, mostrando preocupa\u00e7\u00e3o com not\u00edcias da morte de macacos no estado.<\/p>\n<p style=\"text-align: justify;\"><strong>Secretaria de Sa\u00fade<\/strong><\/p>\n<p style=\"text-align: justify;\">\nSegundo a Secretaria Municipal de Sa\u00fade, cada posto de vacina\u00e7\u00e3o tem autonomia para determinar quantas doses ser\u00e3o aplicadas por dia, seguindo crit\u00e9rios t\u00e9cnicos e de acordo com a capacidade de atendimento de cada unidade. A secretaria lembrou que a vacina esteve dispon\u00edvel em todos os 232 centros da rede durante todo o ano de 2017, mas a procura foi muito baixa a partir de mar\u00e7o.<\/p>\n<p style=\"text-align: justify;\">&#8220;A Superintend\u00eancia de Vigil\u00e2ncia em Sa\u00fade lembra que a vacina contra a febre amarela esteve dispon\u00edvel para a popula\u00e7\u00e3o durante todo o ano passado mas, infelizmente, com o fim das not\u00edcias sobre casos da doen\u00e7a, as pessoas foram deixando de procurar a vacina&#8221;, disse a Superintend\u00eancia em nota.<\/p>\n<p style=\"text-align: justify;\">Em mar\u00e7o do ano passado foram vacinadas na cidade 629.087 pessoas; 411.648 em abril; 198.659 em maio, 120.911 em junho; 96.040 em julho; 42.795 em agosto; 36.325 em setembro; 26.527 em outubro; 20.321 em novembro e apenas 16.592 em dezembro. Segundo a secretaria, a cidade n\u00e3o alcan\u00e7ou a cobertura da popula\u00e7\u00e3o alvo ainda em 2017, que est\u00e1, atualmente, em 50%. Como a vacina \u00e9 feita com v\u00edrus vivo e apresenta riscos de rea\u00e7\u00e3o, est\u00e3o fora do p\u00fablico alvo os idosos, menores de 9 meses, gestantes e pacientes com doen\u00e7a imunol\u00f3gica.<\/p>\n<p style=\"text-align: justify;\">Ap\u00f3s as not\u00edcias de mortes no estado, apenas na segunda-feira (15) 26.279 procuraram as unidades e foram vacinadas. &#8220;Diante dessa nova demanda, as unidades est\u00e3o se organizando para atender o m\u00e1ximo de pessoas da melhor maneira poss\u00edvel, dentro da capacidade t\u00e9cnica de seguran\u00e7a dos pacientes e boas pr\u00e1ticas de vacina\u00e7\u00e3o&#8221;, informou a SMS, acrescentando que n\u00e3o h\u00e1 circula\u00e7\u00e3o do v\u00edrus na capital.<\/p>\n<p style=\"text-align: justify;\"><strong>Doses<\/strong><\/p>\n<p style=\"text-align: justify;\">\nNa ter\u00e7a-feira (16), o secret\u00e1rio estadual de Sa\u00fade do Rio de Janeiro, Luiz Ant\u00f4nio Teixeira J\u00fanior, disse que todos os munic\u00edpios t\u00eam doses suficientes da vacina para atender a popula\u00e7\u00e3o, al\u00e9m de estoque para distribuir. Segundo a Secretaria de Estado de Sa\u00fade, atualmente o estado tem 6,7 milh\u00f5es de doses em estoque e j\u00e1 foram vacinadas 46% da popula\u00e7\u00e3o do estado.<\/p>\n<p style=\"text-align: justify;\">A vacina em dose integral s\u00f3 precisa ser tomada uma vez na vida, conforme protocolo da OMS (Organiza\u00e7\u00e3o Mundial da Sa\u00fade). A dose fracionada, que come\u00e7ar\u00e1 a ser aplicada no dia 19 de fevereiro, tem per\u00edodo de cobertura de 8 anos. Segundo Teixeira J\u00fanior, o estado est\u00e1 aplicando a dose integral, mas far\u00e1 o fracionamento quando for necess\u00e1rio.<\/p>\n<p style=\"text-align: justify;\">&#8220;As vacinas t\u00eam uma fabrica\u00e7\u00e3o finita e n\u00f3s precisamos ser solid\u00e1rios, se precisar ser feito o fracionamento, n\u00f3s faremos. A cobertura vacinal e o per\u00edodo que n\u00f3s vamos proteger a popula\u00e7\u00e3o n\u00f3s precisamos para agora. A garantia de 8 anos j\u00e1 \u00e9 uma grande garantia, no passado faz\u00edamos para 10 anos. [Mesmo fracionada] a garantia \u00e9 que a pessoa n\u00e3o vai contrair a febre amarela neste momento. A estrat\u00e9gia do fracionamento \u00e9 de parceria, integra\u00e7\u00e3o e colabora\u00e7\u00e3o. Se o estado do Rio de Janeiro estiver coberto e o de S\u00e3o Paulo n\u00e3o, n\u00e3o resolve o problema&#8221;, disse o secret\u00e1rio.<\/p>\n<p style=\"text-align: justify;\"><strong>Dia D<\/strong><\/p>\n<p style=\"text-align: justify;\">\nNo pr\u00f3ximo dia 27, a Secretaria de Sa\u00fade realiza o Dia D de vacina\u00e7\u00e3o contra a febre amarela nos 92 munic\u00edpios do estado, com a dose integral. Durante a a\u00e7\u00e3o, a vacina ser\u00e1 disponibilizada nas UBSs (Unidades B\u00e1sicas de Sa\u00fade), UPAs (Unidades de Pronto Atendimento), instala\u00e7\u00f5es montadas pela secretaria estadual e tamb\u00e9m nos quart\u00e9is do Corpo de Bombeiros.<\/p>\n<p style=\"text-align: justify;\">Segundo o subsecret\u00e1rio de Vigil\u00e2ncia em Sa\u00fade, Alexandre Chieppe, moradores da zona rural devem procurar a imuniza\u00e7\u00e3o prioritariamente. &#8220;Especialmente quem mora em regi\u00e3o de mata deve buscar a vacina\u00e7\u00e3o o quanto antes. Temos doses para todos e a vacina \u00e9 a melhor e mais eficaz op\u00e7\u00e3o para se proteger contra a febre amarela&#8221;.<\/p>\n<p style=\"text-align: justify;\">A campanha do Minist\u00e9rio da Sa\u00fade com a dose fracionada ser\u00e1 feita em 15 munic\u00edpios fluminenses entre os dias 19 de fevereiro e 9 de mar\u00e7o: Belford Roxo, Duque de Caxias, Itabora\u00ed, Itagua\u00ed, Japeri, Mag\u00e9, Mesquita, Nil\u00f3polis, Niter\u00f3i, Nova Igua\u00e7u, Queimados, Rio de Janeiro, S\u00e3o Gon\u00e7alo, S\u00e3o Jo\u00e3o de Meriti e Serop\u00e9dica.<\/p>\n<p style=\"text-align: justify;\">\n<p style=\"text-align: justify;\">Fonte: Folha de Pernambuco<\/p>\n","protected":false},"excerpt":{"rendered":"<p>A procura aumentou ap\u00f3s a confirma\u00e7\u00e3o de quatro casos em pessoas no Estado este ano, com tr\u00eas \u00f3bitos, e o apelo das autoridades de sa\u00fade Os moradores da cidade do Rio de Janeiro enfrentaram longas filas nesta quarta-feira para tomar a vacina contra a febre amarela. A procura aumentou ap\u00f3s a confirma\u00e7\u00e3o de quatro casos [&hellip;]<\/p>\n","protected":false},"author":1,"featured_media":0,"comment_status":"open","ping_status":"open","sticky":false,"template":"","format":"standard","meta":{"ocean_post_layout":"","ocean_both_sidebars_style":"","ocean_both_sidebars_content_width":0,"ocean_both_sidebars_sidebars_width":0,"ocean_sidebar":"","ocean_second_sidebar":"","ocean_disable_margins":"enable","ocean_add_body_class":"","ocean_shortcode_before_top_bar":"","ocean_shortcode_after_top_bar":"","ocean_shortcode_before_header":"","ocean_shortcode_after_header":"","ocean_has_shortcode":"","ocean_shortcode_after_title":"","ocean_shortcode_before_footer_widgets":"","ocean_shortcode_after_footer_widgets":"","ocean_shortcode_before_footer_bottom":"","ocean_shortcode_after_footer_bottom":"","ocean_display_top_bar":"default","ocean_display_header":"default","ocean_header_style":"","ocean_center_header_left_menu":"","ocean_custom_header_template":"","ocean_custom_logo":0,"ocean_custom_retina_logo":0,"ocean_custom_logo_max_width":0,"ocean_custom_logo_tablet_max_width":0,"ocean_custom_logo_mobile_max_width":0,"ocean_custom_logo_max_height":0,"ocean_custom_logo_tablet_max_height":0,"ocean_custom_logo_mobile_max_height":0,"ocean_header_custom_menu":"","ocean_menu_typo_font_family":"","ocean_menu_typo_font_subset":"","ocean_menu_typo_font_size":0,"ocean_menu_typo_font_size_tablet":0,"ocean_menu_typo_font_size_mobile":0,"ocean_menu_typo_font_size_unit":"px","ocean_menu_typo_font_weight":"","ocean_menu_typo_font_weight_tablet":"","ocean_menu_typo_font_weight_mobile":"","ocean_menu_typo_transform":"","ocean_menu_typo_transform_tablet":"","ocean_menu_typo_transform_mobile":"","ocean_menu_typo_line_height":0,"ocean_menu_typo_line_height_tablet":0,"ocean_menu_typo_line_height_mobile":0,"ocean_menu_typo_line_height_unit":"","ocean_menu_typo_spacing":0,"ocean_menu_typo_spacing_tablet":0,"ocean_menu_typo_spacing_mobile":0,"ocean_menu_typo_spacing_unit":"","ocean_menu_link_color":"","ocean_menu_link_color_hover":"","ocean_menu_link_color_active":"","ocean_menu_link_background":"","ocean_menu_link_hover_background":"","ocean_menu_link_active_background":"","ocean_menu_social_links_bg":"","ocean_menu_social_hover_links_bg":"","ocean_menu_social_links_color":"","ocean_menu_social_hover_links_color":"","ocean_disable_title":"default","ocean_disable_heading":"default","ocean_post_title":"","ocean_post_subheading":"","ocean_post_title_style":"","ocean_post_title_background_color":"","ocean_post_title_background":0,"ocean_post_title_bg_image_position":"","ocean_post_title_bg_image_attachment":"","ocean_post_title_bg_image_repeat":"","ocean_post_title_bg_image_size":"","ocean_post_title_height":0,"ocean_post_title_bg_overlay":0.5,"ocean_post_title_bg_overlay_color":"","ocean_disable_breadcrumbs":"default","ocean_breadcrumbs_color":"","ocean_breadcrumbs_separator_color":"","ocean_breadcrumbs_links_color":"","ocean_breadcrumbs_links_hover_color":"","ocean_display_footer_widgets":"default","ocean_display_footer_bottom":"default","ocean_custom_footer_template":"","ocean_post_oembed":"","ocean_post_self_hosted_media":"","ocean_post_video_embed":"","ocean_link_format":"","ocean_link_format_target":"self","ocean_quote_format":"","ocean_quote_format_link":"post","ocean_gallery_link_images":"on","ocean_gallery_id":[]},"categories":[9],"tags":[],"acf":[],"_links":{"self":[{"href":"https:\/\/www.simepe.com.br\/novo\/wp-json\/wp\/v2\/posts\/43331"}],"collection":[{"href":"https:\/\/www.simepe.com.br\/novo\/wp-json\/wp\/v2\/posts"}],"about":[{"href":"https:\/\/www.simepe.com.br\/novo\/wp-json\/wp\/v2\/types\/post"}],"author":[{"embeddable":true,"href":"https:\/\/www.simepe.com.br\/novo\/wp-json\/wp\/v2\/users\/1"}],"replies":[{"embeddable":true,"href":"https:\/\/www.simepe.com.br\/novo\/wp-json\/wp\/v2\/comments?post=43331"}],"version-history":[{"count":1,"href":"https:\/\/www.simepe.com.br\/novo\/wp-json\/wp\/v2\/posts\/43331\/revisions"}],"predecessor-version":[{"id":43332,"href":"https:\/\/www.simepe.com.br\/novo\/wp-json\/wp\/v2\/posts\/43331\/revisions\/43332"}],"wp:attachment":[{"href":"https:\/\/www.simepe.com.br\/novo\/wp-json\/wp\/v2\/media?parent=43331"}],"wp:term":[{"taxonomy":"category","embeddable":true,"href":"https:\/\/www.simepe.com.br\/novo\/wp-json\/wp\/v2\/categories?post=43331"},{"taxonomy":"post_tag","embeddable":true,"href":"https:\/\/www.simepe.com.br\/novo\/wp-json\/wp\/v2\/tags?post=43331"}],"curies":[{"name":"wp","href":"https:\/\/api.w.org\/{rel}","templated":true}]}}