{"id":43354,"date":"2018-01-18T13:41:49","date_gmt":"2018-01-18T16:41:49","guid":{"rendered":"http:\/\/www.simepe.com.br\/novo\/?p=43354"},"modified":"2018-01-18T13:41:49","modified_gmt":"2018-01-18T16:41:49","slug":"medicos-da-rede-municipal-do-recife-entram-em-greve-e-suspendem-servico-ambulatorial","status":"publish","type":"post","link":"https:\/\/www.simepe.com.br\/novo\/medicos-da-rede-municipal-do-recife-entram-em-greve-e-suspendem-servico-ambulatorial\/","title":{"rendered":"M\u00e9dicos da rede municipal do Recife entram em greve e suspendem servi\u00e7o ambulatorial"},"content":{"rendered":"<p style=\"text-align: justify;\">De acordo com sindicato, movimento atinge postos de Sa\u00fade da Fam\u00edlia e Centros de Apoio Psicossocial (Caps). Urg\u00eancias, partos e vacina\u00e7\u00e3o est\u00e3o mantidos. Prefeitura informou que ades\u00e3o ficou em torno de 40%.<\/p>\n<p style=\"text-align: justify;\">Os m\u00e9dicos da rede municipal de sa\u00fade do Recife entraram em greve por tempo indeterminado, na manh\u00e3 desta quinta-feira (18). De acordo com a prefeitura, nas primeiras horas do movimento, a ades\u00e3o ficou em torno dos 40%. A administra\u00e7\u00e3o municipal informou que n\u00e3o houve fechamento de unidades. Urg\u00eancias, partos e vacina\u00e7\u00e3o n\u00e3o foram afetados e as consultas ambulatoriais prejudicadas ser\u00e3o remarcadas.<\/p>\n<p style=\"text-align: justify;\">\nDe acordo com o presidente do Simepe, Tadeu Calheiros, o movimento tem como objetivo paralisar os servi\u00e7os ambulatoriais em postos de Sa\u00fade da Fam\u00edlia e em Centros e Atendimento Psicossocial (Caps). Segundo o sindicato, a rede da capital pernambucana tem cerca de 1.500 m\u00e9dicos. Por dia, os postos de Sa\u00fade da Fam\u00edlia atendem 5 mil pessoas.<\/p>\n<p style=\"text-align: justify;\">\nOs m\u00e9dicos informaram que a paralisa\u00e7\u00e3o foi deflagrada para cobrar \u00e0 Prefeitura do Recife melhorias em cinco quest\u00f5es principais: seguran\u00e7a, sal\u00e1rios, infraestrutura de unidades, readequa\u00e7\u00e3o de pessoal, al\u00e9m de reposi\u00e7\u00e3o de medicamentos.<\/p>\n<p style=\"text-align: justify;\">\nTadeu Calheiros disse que em 2017, a prefeitura n\u00e3o concedeu reajuste salarial \u00e0 categoria. \u201cN\u00f3s pedimos aumento de 6% ao ano, durante cada ano da atual gest\u00e3o\u201d, observou. O m\u00e9dico cobrou melhorias em algumas unidades. &#8220;Temos postos com mofo e infiltra\u00e7\u00f5es. E alguns funcionam em conteineres&#8221;, acrescentou.<\/p>\n<p style=\"text-align: justify;\">\nEle ressaltou que outras reivindica\u00e7\u00f5es n\u00e3o foram atendidas pela administra\u00e7\u00e3o municipal. \u201cFizemos cinco paralisa\u00e7\u00f5es s\u00e3o longo dos \u00faltimos meses. Foram movimentos de 24 horas e at\u00e9 de cinco dias de suspens\u00e3o. Faremos uma avalia\u00e7\u00e3o do movimento na pr\u00f3xima quinta-feira (25)\u201d, comentou.<\/p>\n<p style=\"text-align: justify;\"><strong>Prejudicados<\/strong><\/p>\n<p style=\"text-align: justify;\">\nPor causa da paralisa\u00e7\u00e3o dos m\u00e9dicos, pacientes ficaram sem atendimento na manh\u00e3 desta quinta-feira (18). O problema foi registrado por quem esteve no Centro de Sa\u00fade Waldemar de Oliveira, em Santo Amaro, na \u00e1rea central da capital.<\/p>\n<p style=\"text-align: justify;\">\nA faxineira Let\u00edcia Melo estave na unidade e relatou que precisava marcar um exame para possibilitar a realiza\u00e7\u00e3o de uma cirurgia. &#8220;Disseram que est\u00e3o em greve e que n\u00e3o vou poder fazer a marca\u00e7\u00e3o. Vou ter que juntar dinheiro para tentar atendimento particular&#8221;, lamentou.<\/p>\n<p style=\"text-align: justify;\">\nLuciana Almeida tamb\u00e9m foi afetada pela greve. &#8220;Tentei marcar um preventivo de c\u00e2ncer e deixei de trabalhar. N\u00e3o tem ningu\u00e9m aqui no posto e dissream que est\u00e3o de greve&#8221;, afirmou. Para ela, a situa\u00e7\u00e3o \u00e9 absurda. &#8220;A gente passa muito tempo esperando atendimento e fica sabendo que n\u00e3o vai ter m\u00e9dico, de surpresa&#8221;, acrescentou.<\/p>\n<p style=\"text-align: justify;\">\n<strong>Resposta<\/strong><\/p>\n<p style=\"text-align: justify;\">\nPor meio de nota, a Prefeitura do Recife informou que realizou diversas reuni\u00f5es de negocia\u00e7\u00e3o com o Sindicato dos M\u00e9dicos de Pernambuco (Simepe) e continua aberta ao di\u00e1logo. A administra\u00e7\u00e3o municipal ressaltou que profissionais tiveram ganhos cerca de 10% acima da infla\u00e7\u00e3o, desde 2013.<\/p>\n<p style=\"text-align: justify;\">\nA prefeitura disse, ainda, que foram nomeados 767 novos m\u00e9dicos no per\u00edodo. Com rela\u00e7\u00e3o \u00e0s condi\u00e7\u00f5es de trabalho, a administra\u00e7ao municipal informou que realizou, em cinco anos, R$ 200 milh\u00f5es de investimentos nas unidades de sa\u00fade.<\/p>\n<p style=\"text-align: justify;\">\n<p style=\"text-align: justify;\">Fonte: G1<\/p>\n","protected":false},"excerpt":{"rendered":"<p>De acordo com sindicato, movimento atinge postos de Sa\u00fade da Fam\u00edlia e Centros de Apoio Psicossocial (Caps). Urg\u00eancias, partos e vacina\u00e7\u00e3o est\u00e3o mantidos. Prefeitura informou que ades\u00e3o ficou em torno de 40%. Os m\u00e9dicos da rede municipal de sa\u00fade do Recife entraram em greve por tempo indeterminado, na manh\u00e3 desta quinta-feira (18). De acordo com [&hellip;]<\/p>\n","protected":false},"author":1,"featured_media":0,"comment_status":"open","ping_status":"open","sticky":false,"template":"","format":"standard","meta":{"ocean_post_layout":"","ocean_both_sidebars_style":"","ocean_both_sidebars_content_width":0,"ocean_both_sidebars_sidebars_width":0,"ocean_sidebar":"","ocean_second_sidebar":"","ocean_disable_margins":"enable","ocean_add_body_class":"","ocean_shortcode_before_top_bar":"","ocean_shortcode_after_top_bar":"","ocean_shortcode_before_header":"","ocean_shortcode_after_header":"","ocean_has_shortcode":"","ocean_shortcode_after_title":"","ocean_shortcode_before_footer_widgets":"","ocean_shortcode_after_footer_widgets":"","ocean_shortcode_before_footer_bottom":"","ocean_shortcode_after_footer_bottom":"","ocean_display_top_bar":"default","ocean_display_header":"default","ocean_header_style":"","ocean_center_header_left_menu":"","ocean_custom_header_template":"","ocean_custom_logo":0,"ocean_custom_retina_logo":0,"ocean_custom_logo_max_width":0,"ocean_custom_logo_tablet_max_width":0,"ocean_custom_logo_mobile_max_width":0,"ocean_custom_logo_max_height":0,"ocean_custom_logo_tablet_max_height":0,"ocean_custom_logo_mobile_max_height":0,"ocean_header_custom_menu":"","ocean_menu_typo_font_family":"","ocean_menu_typo_font_subset":"","ocean_menu_typo_font_size":0,"ocean_menu_typo_font_size_tablet":0,"ocean_menu_typo_font_size_mobile":0,"ocean_menu_typo_font_size_unit":"px","ocean_menu_typo_font_weight":"","ocean_menu_typo_font_weight_tablet":"","ocean_menu_typo_font_weight_mobile":"","ocean_menu_typo_transform":"","ocean_menu_typo_transform_tablet":"","ocean_menu_typo_transform_mobile":"","ocean_menu_typo_line_height":0,"ocean_menu_typo_line_height_tablet":0,"ocean_menu_typo_line_height_mobile":0,"ocean_menu_typo_line_height_unit":"","ocean_menu_typo_spacing":0,"ocean_menu_typo_spacing_tablet":0,"ocean_menu_typo_spacing_mobile":0,"ocean_menu_typo_spacing_unit":"","ocean_menu_link_color":"","ocean_menu_link_color_hover":"","ocean_menu_link_color_active":"","ocean_menu_link_background":"","ocean_menu_link_hover_background":"","ocean_menu_link_active_background":"","ocean_menu_social_links_bg":"","ocean_menu_social_hover_links_bg":"","ocean_menu_social_links_color":"","ocean_menu_social_hover_links_color":"","ocean_disable_title":"default","ocean_disable_heading":"default","ocean_post_title":"","ocean_post_subheading":"","ocean_post_title_style":"","ocean_post_title_background_color":"","ocean_post_title_background":0,"ocean_post_title_bg_image_position":"","ocean_post_title_bg_image_attachment":"","ocean_post_title_bg_image_repeat":"","ocean_post_title_bg_image_size":"","ocean_post_title_height":0,"ocean_post_title_bg_overlay":0.5,"ocean_post_title_bg_overlay_color":"","ocean_disable_breadcrumbs":"default","ocean_breadcrumbs_color":"","ocean_breadcrumbs_separator_color":"","ocean_breadcrumbs_links_color":"","ocean_breadcrumbs_links_hover_color":"","ocean_display_footer_widgets":"default","ocean_display_footer_bottom":"default","ocean_custom_footer_template":"","ocean_post_oembed":"","ocean_post_self_hosted_media":"","ocean_post_video_embed":"","ocean_link_format":"","ocean_link_format_target":"self","ocean_quote_format":"","ocean_quote_format_link":"post","ocean_gallery_link_images":"on","ocean_gallery_id":[]},"categories":[9],"tags":[],"acf":[],"_links":{"self":[{"href":"https:\/\/www.simepe.com.br\/novo\/wp-json\/wp\/v2\/posts\/43354"}],"collection":[{"href":"https:\/\/www.simepe.com.br\/novo\/wp-json\/wp\/v2\/posts"}],"about":[{"href":"https:\/\/www.simepe.com.br\/novo\/wp-json\/wp\/v2\/types\/post"}],"author":[{"embeddable":true,"href":"https:\/\/www.simepe.com.br\/novo\/wp-json\/wp\/v2\/users\/1"}],"replies":[{"embeddable":true,"href":"https:\/\/www.simepe.com.br\/novo\/wp-json\/wp\/v2\/comments?post=43354"}],"version-history":[{"count":1,"href":"https:\/\/www.simepe.com.br\/novo\/wp-json\/wp\/v2\/posts\/43354\/revisions"}],"predecessor-version":[{"id":43355,"href":"https:\/\/www.simepe.com.br\/novo\/wp-json\/wp\/v2\/posts\/43354\/revisions\/43355"}],"wp:attachment":[{"href":"https:\/\/www.simepe.com.br\/novo\/wp-json\/wp\/v2\/media?parent=43354"}],"wp:term":[{"taxonomy":"category","embeddable":true,"href":"https:\/\/www.simepe.com.br\/novo\/wp-json\/wp\/v2\/categories?post=43354"},{"taxonomy":"post_tag","embeddable":true,"href":"https:\/\/www.simepe.com.br\/novo\/wp-json\/wp\/v2\/tags?post=43354"}],"curies":[{"name":"wp","href":"https:\/\/api.w.org\/{rel}","templated":true}]}}