{"id":43363,"date":"2018-01-18T13:55:58","date_gmt":"2018-01-18T16:55:58","guid":{"rendered":"http:\/\/www.simepe.com.br\/novo\/?p=43363"},"modified":"2018-01-18T13:55:58","modified_gmt":"2018-01-18T16:55:58","slug":"so-urgencia-medicos-confirmam-greve-no-recife","status":"publish","type":"post","link":"https:\/\/www.simepe.com.br\/novo\/so-urgencia-medicos-confirmam-greve-no-recife\/","title":{"rendered":"S\u00f3 urg\u00eancia: m\u00e9dicos confirmam greve no Recife"},"content":{"rendered":"<p style=\"text-align: justify;\">Categoria reclama de condi\u00e7\u00f5es de seguran\u00e7a, falta de medicamentos e estruturas prec\u00e1rias<\/p>\n<p style=\"text-align: justify;\">Os m\u00e9dicos da rede municipal de sa\u00fade entram em greve por tempo indeterminado nesta quinta-feira (18) ap\u00f3s decis\u00e3o da categoria em Assembleia Geral Extraordin\u00e1ria (AGE), na semana passada. A decis\u00e3o pela greve foi acatada por unanimidade na categoria e os profissionais de sa\u00fade suspender\u00e3o todos os servi\u00e7os eletivos, de PFS, CAPs e ambulat\u00f3rios. Funcionar\u00e3o apenas os servi\u00e7os de urg\u00eancia, emerg\u00eancia e maternidade.<\/p>\n<p style=\"text-align: justify;\">De acordo com o Sindicato dos M\u00e9dicos de Pernambuco (Simepe), o movimento grevista come\u00e7ar\u00e1 na quinta-feira, para respeitar o cumprimento do prazo legal de 72 horas e a comunica\u00e7\u00e3o j\u00e1 enviada \u00e0 Prefeitura do Recife. A pr\u00f3xima assembleia da categoria est\u00e1 marcada para o dia 25 de janeiro, \u00e0s 9h30.<\/p>\n<p style=\"text-align: justify;\">O presidente do Sindicato dos M\u00e9dicos de Pernambuco, Tadeu Calheiros, salientou que a paralisa\u00e7\u00e3o visa denunciar a inseguran\u00e7a nas unidades de sa\u00fade, as escalas incompletas, as estruturas prec\u00e1rias, al\u00e9m da falta de medicamentos, insumos b\u00e1sicos e a aus\u00eancia de recomposi\u00e7\u00e3o das perdas salariais. &#8220;Fizemos in\u00fameras tentativas de di\u00e1logo e negocia\u00e7\u00e3o, com a gest\u00e3o municipal, mas a Prefeitura do Recife n\u00e3o apresentou propostas efetivas que atendessem aos pleitos dos profissionais&#8221;, afirmou.<\/p>\n<p style=\"text-align: justify;\">Com a insatisfa\u00e7\u00e3o na condu\u00e7\u00e3o da campanha salarial se arrastando h\u00e1 quase um ano, o Simepe iniciou desde o ano passado uma s\u00e9rie de paralisa\u00e7\u00f5es rel\u00e2mpago nos servi\u00e7os, por meio de den\u00fancias de irregularidades nas infraestruturas, bem como fez uma convoca\u00e7\u00e3o ao prefeito Geraldo J\u00falio para negociar. Foi entregue, tamb\u00e9m, uma carta aberta \u00e0 popula\u00e7\u00e3o manifestando que &#8220;n\u00e3o adianta Carnaval bonito, se o povo que necessita de sa\u00fade n\u00e3o tem&#8221; e ainda que &#8220;na guerra as condi\u00e7\u00f5es de atendimento s\u00e3o melhores que as do munic\u00edpio do Recife&#8221;.<\/p>\n<p style=\"text-align: justify;\">\n<p style=\"text-align: justify;\">Fonte: Leia J\u00e1<\/p>\n","protected":false},"excerpt":{"rendered":"<p>Categoria reclama de condi\u00e7\u00f5es de seguran\u00e7a, falta de medicamentos e estruturas prec\u00e1rias Os m\u00e9dicos da rede municipal de sa\u00fade entram em greve por tempo indeterminado nesta quinta-feira (18) ap\u00f3s decis\u00e3o da categoria em Assembleia Geral Extraordin\u00e1ria (AGE), na semana passada. A decis\u00e3o pela greve foi acatada por unanimidade na categoria e os profissionais de sa\u00fade [&hellip;]<\/p>\n","protected":false},"author":1,"featured_media":0,"comment_status":"open","ping_status":"open","sticky":false,"template":"","format":"standard","meta":{"ocean_post_layout":"","ocean_both_sidebars_style":"","ocean_both_sidebars_content_width":0,"ocean_both_sidebars_sidebars_width":0,"ocean_sidebar":"","ocean_second_sidebar":"","ocean_disable_margins":"enable","ocean_add_body_class":"","ocean_shortcode_before_top_bar":"","ocean_shortcode_after_top_bar":"","ocean_shortcode_before_header":"","ocean_shortcode_after_header":"","ocean_has_shortcode":"","ocean_shortcode_after_title":"","ocean_shortcode_before_footer_widgets":"","ocean_shortcode_after_footer_widgets":"","ocean_shortcode_before_footer_bottom":"","ocean_shortcode_after_footer_bottom":"","ocean_display_top_bar":"default","ocean_display_header":"default","ocean_header_style":"","ocean_center_header_left_menu":"","ocean_custom_header_template":"","ocean_custom_logo":0,"ocean_custom_retina_logo":0,"ocean_custom_logo_max_width":0,"ocean_custom_logo_tablet_max_width":0,"ocean_custom_logo_mobile_max_width":0,"ocean_custom_logo_max_height":0,"ocean_custom_logo_tablet_max_height":0,"ocean_custom_logo_mobile_max_height":0,"ocean_header_custom_menu":"","ocean_menu_typo_font_family":"","ocean_menu_typo_font_subset":"","ocean_menu_typo_font_size":0,"ocean_menu_typo_font_size_tablet":0,"ocean_menu_typo_font_size_mobile":0,"ocean_menu_typo_font_size_unit":"px","ocean_menu_typo_font_weight":"","ocean_menu_typo_font_weight_tablet":"","ocean_menu_typo_font_weight_mobile":"","ocean_menu_typo_transform":"","ocean_menu_typo_transform_tablet":"","ocean_menu_typo_transform_mobile":"","ocean_menu_typo_line_height":0,"ocean_menu_typo_line_height_tablet":0,"ocean_menu_typo_line_height_mobile":0,"ocean_menu_typo_line_height_unit":"","ocean_menu_typo_spacing":0,"ocean_menu_typo_spacing_tablet":0,"ocean_menu_typo_spacing_mobile":0,"ocean_menu_typo_spacing_unit":"","ocean_menu_link_color":"","ocean_menu_link_color_hover":"","ocean_menu_link_color_active":"","ocean_menu_link_background":"","ocean_menu_link_hover_background":"","ocean_menu_link_active_background":"","ocean_menu_social_links_bg":"","ocean_menu_social_hover_links_bg":"","ocean_menu_social_links_color":"","ocean_menu_social_hover_links_color":"","ocean_disable_title":"default","ocean_disable_heading":"default","ocean_post_title":"","ocean_post_subheading":"","ocean_post_title_style":"","ocean_post_title_background_color":"","ocean_post_title_background":0,"ocean_post_title_bg_image_position":"","ocean_post_title_bg_image_attachment":"","ocean_post_title_bg_image_repeat":"","ocean_post_title_bg_image_size":"","ocean_post_title_height":0,"ocean_post_title_bg_overlay":0.5,"ocean_post_title_bg_overlay_color":"","ocean_disable_breadcrumbs":"default","ocean_breadcrumbs_color":"","ocean_breadcrumbs_separator_color":"","ocean_breadcrumbs_links_color":"","ocean_breadcrumbs_links_hover_color":"","ocean_display_footer_widgets":"default","ocean_display_footer_bottom":"default","ocean_custom_footer_template":"","ocean_post_oembed":"","ocean_post_self_hosted_media":"","ocean_post_video_embed":"","ocean_link_format":"","ocean_link_format_target":"self","ocean_quote_format":"","ocean_quote_format_link":"post","ocean_gallery_link_images":"on","ocean_gallery_id":[]},"categories":[9],"tags":[],"acf":[],"_links":{"self":[{"href":"https:\/\/www.simepe.com.br\/novo\/wp-json\/wp\/v2\/posts\/43363"}],"collection":[{"href":"https:\/\/www.simepe.com.br\/novo\/wp-json\/wp\/v2\/posts"}],"about":[{"href":"https:\/\/www.simepe.com.br\/novo\/wp-json\/wp\/v2\/types\/post"}],"author":[{"embeddable":true,"href":"https:\/\/www.simepe.com.br\/novo\/wp-json\/wp\/v2\/users\/1"}],"replies":[{"embeddable":true,"href":"https:\/\/www.simepe.com.br\/novo\/wp-json\/wp\/v2\/comments?post=43363"}],"version-history":[{"count":1,"href":"https:\/\/www.simepe.com.br\/novo\/wp-json\/wp\/v2\/posts\/43363\/revisions"}],"predecessor-version":[{"id":43364,"href":"https:\/\/www.simepe.com.br\/novo\/wp-json\/wp\/v2\/posts\/43363\/revisions\/43364"}],"wp:attachment":[{"href":"https:\/\/www.simepe.com.br\/novo\/wp-json\/wp\/v2\/media?parent=43363"}],"wp:term":[{"taxonomy":"category","embeddable":true,"href":"https:\/\/www.simepe.com.br\/novo\/wp-json\/wp\/v2\/categories?post=43363"},{"taxonomy":"post_tag","embeddable":true,"href":"https:\/\/www.simepe.com.br\/novo\/wp-json\/wp\/v2\/tags?post=43363"}],"curies":[{"name":"wp","href":"https:\/\/api.w.org\/{rel}","templated":true}]}}