{"id":43365,"date":"2018-01-18T13:58:45","date_gmt":"2018-01-18T16:58:45","guid":{"rendered":"http:\/\/www.simepe.com.br\/novo\/?p=43365"},"modified":"2018-01-18T13:58:45","modified_gmt":"2018-01-18T16:58:45","slug":"carnaval-nao-traz-risco-de-transmissao-de-febre-amarela-para-pernambuco-afirma-secretario-de-saude","status":"publish","type":"post","link":"https:\/\/www.simepe.com.br\/novo\/carnaval-nao-traz-risco-de-transmissao-de-febre-amarela-para-pernambuco-afirma-secretario-de-saude\/","title":{"rendered":"Carnaval n\u00e3o traz risco de transmiss\u00e3o de febre amarela para Pernambuco, afirma secret\u00e1rio de Sa\u00fade"},"content":{"rendered":"<p style=\"text-align: justify;\">Segundo Iran Costa, secret\u00e1rio estadual de Sa\u00fade, a vacina\u00e7\u00e3o em massa nas \u00e1reas de risco vai prevenir que a doen\u00e7a seja transportada at\u00e9 o estado.<\/p>\n<p style=\"text-align: justify;\">secret\u00e1rio de sa\u00fade de Pernambuco, Iran Costa, garante que o risco do surgimento de casos de febre amarela em Pernambuco \u00e9 m\u00ednimo, mesmo durante o per\u00edodo de carnaval, quando milhares de turistas chegam ao estado para as festividades de Momo. De acordo com o secret\u00e1rio, o bloqueio epidemiol\u00f3gico realizado nas \u00e1reas de risco, atrav\u00e9s da vacina\u00e7\u00e3o em massa, vai prevenir que a doen\u00e7a seja transportada com os moradores dessas regi\u00f5es.<\/p>\n<p style=\"text-align: justify;\">\n\u201cA vacina\u00e7\u00e3o n\u00e3o est\u00e1 acontecendo para todos em Pernambuco porque temos um risco m\u00ednimo da doen\u00e7a, mas j\u00e1 acontece nas cidades em \u00e1rea de risco, como em Mairipor\u00e3, no interior de S\u00e3o Paulo. E quando voc\u00ea vacina quem est\u00e1 nesses locais, voc\u00ea protege tamb\u00e9m as outras \u00e1reas\u201d, afirma.<\/p>\n<p style=\"text-align: justify;\">\nFebre amarela: Como proteger beb\u00eas? O que \u00e9 dose fracionada? Veja perguntas e respostas<\/p>\n<p style=\"text-align: justify;\">\nO surto de febre amarela que atinge o pa\u00eds \u00e9 causado pela variedade silvestre da doen\u00e7a, transmitida pelos mosquitos dos g\u00eaneros Haemagogus e Sabethes. A morte de macacos doentes serve como indicador da presen\u00e7a do v\u00edrus. Como forma de preven\u00e7\u00e3o da doen\u00e7a, a Secretaria de Sa\u00fade do estado realiza o monitoramento dos macacos e mosquitos em todo o estado, desde fevereiro de 2017, quando o Brasil registrou o pior surto de febre amarela da hist\u00f3ria.<\/p>\n<p style=\"text-align: justify;\">&#8220;Pernambuco tem um risco m\u00ednimo de apresentar casos da doen\u00e7a, mas n\u00e3o \u00e9 por isso que n\u00e3o vamos agir. O monitoramento dos primatas n\u00e3o humanos e dos mosquitos garante que, se a doen\u00e7ar chegar, estejamos preparados&#8221;, afirma Costa.<\/p>\n<p style=\"text-align: justify;\">\nEm Pernambuco, o \u00faltimo caso de febre amarela (urbana e silvestre) foi registrado em 1930. J\u00e1 em todo o Brasil, a febre amarela urbana, transmitida pelo mosquito Aedes Aegypti, desapareceu em 1942.<br \/>\nDurante o per\u00edodo de carnaval, ser\u00e3o distribu\u00eddos folhetos explicativos sobre a doen\u00e7a nos pontos de folia, aeroporto e locais de aglomera\u00e7\u00e3o de pessoas.<\/p>\n<p style=\"text-align: justify;\">\n<strong>Teste sorol\u00f3gico<\/strong><\/p>\n<p style=\"text-align: justify;\">\nDe acordo com o secret\u00e1rio, entre o final do m\u00eas de fevereiro e o in\u00edcio do m\u00eas de mar\u00e7o, o estado vai passar a realizar o teste sorol\u00f3gico para o diagn\u00f3stico da febre amarela, atrav\u00e9ns do Laborat\u00f3rio Central de Sa\u00fade P\u00fablica de Pernambuco (Lacen-PE) e da Funda\u00e7\u00e3o Oswaldo Cruz em Pernambuco (Fiocruz-PE). Atualmente, os exames s\u00e3o enviados para o Instituto Evandro Chagas, no Par\u00e1.<\/p>\n<p style=\"text-align: justify;\">\nPor conta da grande demanda de exames e da dist\u00e2ncia, os resultados chegam em cerca de 45 dias. Com a realiza\u00e7\u00e3o do teste no estado, o tempo de espera vai cair para cinco ou seis dias e os casos de Pernambuco ter\u00e3o prioridade na fila de espera. &#8220;Esse teste j\u00e1 estava previsto para ser liberado h\u00e1 cerca de seis meses. \u00c9 mais uma a\u00e7\u00e3o da secretaria para prevenir a doen\u00e7a&#8221;, afirma o Costa.<\/p>\n<p style=\"text-align: justify;\"><strong>Vacina<\/strong><\/p>\n<p style=\"text-align: justify;\">\nNos \u00faltimos dias, milhares de pessoas procuraram os postos de sa\u00fade para receber a vacina contra febre amarela. A vacina\u00e7\u00e3o, entretanto, n\u00e3o est\u00e1 sendo realizada em massa no estado. Apenas as pessoas que com viagem marcada para \u00e1reas de risco receber\u00e3o a medida de prote\u00e7\u00e3o. A vacina tamb\u00e9m est\u00e1 sendo aplicada de forma sistem\u00e1tica, como sempre ocorreu.<\/p>\n<p style=\"text-align: justify;\">\nO secret\u00e1rio de Sa\u00fade alerta para a procura indevida da vacina. &#8220;Houve um aumento extremo na procura para casos desnecess\u00e1rios. N\u00e3o h\u00e1 com o que se desesperar, porque Pernambuco n\u00e3o \u00e9 \u00e1rea de risco e \u00e9 muito imporv\u00e1vel que um caso seja notificado aqui. Vacinaremos unicamente as pessoas que ir\u00e3o se deslocar at\u00e9 as \u00e1reas de risco&#8221;, alerta.<br \/>\nNos postos de sa\u00fade do munic\u00edpio do munic\u00edpio do Recife \u00e9 preciso comprovar o destino da viagem para uma \u00e1rea de risco para receber a vacina.<\/p>\n<p style=\"text-align: justify;\">\n<strong>Sintomas<\/strong><\/p>\n<p style=\"text-align: justify;\">\nA febre amarela causa sintomas como dor de cabe\u00e7a, febre baixa, fraqueza e v\u00f4mitos, dores musculares e nas articula\u00e7\u00f5es. Em sua fase mais grave, pode causar inflama\u00e7\u00e3o no f\u00edgado e nos rins, sangramentos na pele e levar \u00e0 morte.<\/p>\n<p style=\"text-align: justify;\">\n<p style=\"text-align: justify;\">Fonte: G1<\/p>\n","protected":false},"excerpt":{"rendered":"<p>Segundo Iran Costa, secret\u00e1rio estadual de Sa\u00fade, a vacina\u00e7\u00e3o em massa nas \u00e1reas de risco vai prevenir que a doen\u00e7a seja transportada at\u00e9 o estado. secret\u00e1rio de sa\u00fade de Pernambuco, Iran Costa, garante que o risco do surgimento de casos de febre amarela em Pernambuco \u00e9 m\u00ednimo, mesmo durante o per\u00edodo de carnaval, quando milhares [&hellip;]<\/p>\n","protected":false},"author":1,"featured_media":0,"comment_status":"open","ping_status":"open","sticky":false,"template":"","format":"standard","meta":{"ocean_post_layout":"","ocean_both_sidebars_style":"","ocean_both_sidebars_content_width":0,"ocean_both_sidebars_sidebars_width":0,"ocean_sidebar":"","ocean_second_sidebar":"","ocean_disable_margins":"enable","ocean_add_body_class":"","ocean_shortcode_before_top_bar":"","ocean_shortcode_after_top_bar":"","ocean_shortcode_before_header":"","ocean_shortcode_after_header":"","ocean_has_shortcode":"","ocean_shortcode_after_title":"","ocean_shortcode_before_footer_widgets":"","ocean_shortcode_after_footer_widgets":"","ocean_shortcode_before_footer_bottom":"","ocean_shortcode_after_footer_bottom":"","ocean_display_top_bar":"default","ocean_display_header":"default","ocean_header_style":"","ocean_center_header_left_menu":"","ocean_custom_header_template":"","ocean_custom_logo":0,"ocean_custom_retina_logo":0,"ocean_custom_logo_max_width":0,"ocean_custom_logo_tablet_max_width":0,"ocean_custom_logo_mobile_max_width":0,"ocean_custom_logo_max_height":0,"ocean_custom_logo_tablet_max_height":0,"ocean_custom_logo_mobile_max_height":0,"ocean_header_custom_menu":"","ocean_menu_typo_font_family":"","ocean_menu_typo_font_subset":"","ocean_menu_typo_font_size":0,"ocean_menu_typo_font_size_tablet":0,"ocean_menu_typo_font_size_mobile":0,"ocean_menu_typo_font_size_unit":"px","ocean_menu_typo_font_weight":"","ocean_menu_typo_font_weight_tablet":"","ocean_menu_typo_font_weight_mobile":"","ocean_menu_typo_transform":"","ocean_menu_typo_transform_tablet":"","ocean_menu_typo_transform_mobile":"","ocean_menu_typo_line_height":0,"ocean_menu_typo_line_height_tablet":0,"ocean_menu_typo_line_height_mobile":0,"ocean_menu_typo_line_height_unit":"","ocean_menu_typo_spacing":0,"ocean_menu_typo_spacing_tablet":0,"ocean_menu_typo_spacing_mobile":0,"ocean_menu_typo_spacing_unit":"","ocean_menu_link_color":"","ocean_menu_link_color_hover":"","ocean_menu_link_color_active":"","ocean_menu_link_background":"","ocean_menu_link_hover_background":"","ocean_menu_link_active_background":"","ocean_menu_social_links_bg":"","ocean_menu_social_hover_links_bg":"","ocean_menu_social_links_color":"","ocean_menu_social_hover_links_color":"","ocean_disable_title":"default","ocean_disable_heading":"default","ocean_post_title":"","ocean_post_subheading":"","ocean_post_title_style":"","ocean_post_title_background_color":"","ocean_post_title_background":0,"ocean_post_title_bg_image_position":"","ocean_post_title_bg_image_attachment":"","ocean_post_title_bg_image_repeat":"","ocean_post_title_bg_image_size":"","ocean_post_title_height":0,"ocean_post_title_bg_overlay":0.5,"ocean_post_title_bg_overlay_color":"","ocean_disable_breadcrumbs":"default","ocean_breadcrumbs_color":"","ocean_breadcrumbs_separator_color":"","ocean_breadcrumbs_links_color":"","ocean_breadcrumbs_links_hover_color":"","ocean_display_footer_widgets":"default","ocean_display_footer_bottom":"default","ocean_custom_footer_template":"","ocean_post_oembed":"","ocean_post_self_hosted_media":"","ocean_post_video_embed":"","ocean_link_format":"","ocean_link_format_target":"self","ocean_quote_format":"","ocean_quote_format_link":"post","ocean_gallery_link_images":"on","ocean_gallery_id":[]},"categories":[9],"tags":[],"acf":[],"_links":{"self":[{"href":"https:\/\/www.simepe.com.br\/novo\/wp-json\/wp\/v2\/posts\/43365"}],"collection":[{"href":"https:\/\/www.simepe.com.br\/novo\/wp-json\/wp\/v2\/posts"}],"about":[{"href":"https:\/\/www.simepe.com.br\/novo\/wp-json\/wp\/v2\/types\/post"}],"author":[{"embeddable":true,"href":"https:\/\/www.simepe.com.br\/novo\/wp-json\/wp\/v2\/users\/1"}],"replies":[{"embeddable":true,"href":"https:\/\/www.simepe.com.br\/novo\/wp-json\/wp\/v2\/comments?post=43365"}],"version-history":[{"count":1,"href":"https:\/\/www.simepe.com.br\/novo\/wp-json\/wp\/v2\/posts\/43365\/revisions"}],"predecessor-version":[{"id":43366,"href":"https:\/\/www.simepe.com.br\/novo\/wp-json\/wp\/v2\/posts\/43365\/revisions\/43366"}],"wp:attachment":[{"href":"https:\/\/www.simepe.com.br\/novo\/wp-json\/wp\/v2\/media?parent=43365"}],"wp:term":[{"taxonomy":"category","embeddable":true,"href":"https:\/\/www.simepe.com.br\/novo\/wp-json\/wp\/v2\/categories?post=43365"},{"taxonomy":"post_tag","embeddable":true,"href":"https:\/\/www.simepe.com.br\/novo\/wp-json\/wp\/v2\/tags?post=43365"}],"curies":[{"name":"wp","href":"https:\/\/api.w.org\/{rel}","templated":true}]}}