{"id":43368,"date":"2018-01-18T14:04:44","date_gmt":"2018-01-18T17:04:44","guid":{"rendered":"http:\/\/www.simepe.com.br\/novo\/?p=43368"},"modified":"2018-01-18T14:04:44","modified_gmt":"2018-01-18T17:04:44","slug":"com-greve-dos-medicos-situacao-dos-postos-se-complica","status":"publish","type":"post","link":"https:\/\/www.simepe.com.br\/novo\/com-greve-dos-medicos-situacao-dos-postos-se-complica\/","title":{"rendered":"Com greve dos m\u00e9dicos, situa\u00e7\u00e3o dos postos se complica"},"content":{"rendered":"<p style=\"text-align: justify;\">O Sindicato dos M\u00e9dicos de Pernambuco (Simepe) anunciou que foram suspensos todos os atendimentos eletivos<\/p>\n<p style=\"text-align: justify;\">Em greve por tempo indeterminado, m\u00e9dicos da rede municipal de Sa\u00fade n\u00e3o compareceram as Unidades de Sa\u00fade da Fam\u00edlia (USF), nem aos Centros de Atendimento Psicossocial (CAPS) nesta quinta-feira (18). Eles reivindicam pela melhoria salarial, melhores condi\u00e7\u00f5es de trabalho e pela seguran\u00e7a nos locais onde atuam. A decis\u00e3o de paralisar as atividades, deixando apenas urg\u00eancia, emerg\u00eancia e maternidade, foi acatada por unanimidade, segundo informa o Sindicato dos M\u00e9dicos de Pernambuco (Simepe), suspendendo todos os atendimentos eletivos.<\/p>\n<p style=\"text-align: justify;\">Na Unidade de Sa\u00fade da Fam\u00edlia de Ch\u00e3o de Estrelas, Zona Norte do Recife, apenas os atendimentos de odontologia e Nasp (respons\u00e1vel pelas \u00e1reas nutricional e psicol\u00f3gica da unidade) estavam normalizadas nesta quinta. Muitas pessoas, que n\u00e3o sabiam da paralisa\u00e7\u00e3o, na tentativa de conseguir marcar uma consulta, chegaram \u00e0s 2h da madrugada, em um posto que s\u00f3 come\u00e7a os atendimentos a partir das 7h30.<\/p>\n<p style=\"text-align: justify;\">Muitas foram as reclama\u00e7\u00f5es dos moradores da regi\u00e3o: falta de material era um dos maiores problemas. Uma pessoa que trabalha na unidade, e n\u00e3o quis se identificar, informou que muitas vezes falta pin\u00e7a (utilizada para os exames de preven\u00e7\u00e3o ginecol\u00f3gica) e at\u00e9 gases.<\/p>\n<p style=\"text-align: justify;\">Sueli Maria, moradora do bairro h\u00e1 9 anos, reclama da quantidade de fichas que s\u00e3o disponibilizadas diariamente. Hoje um papel fixado na frente do posto de sa\u00fade informava que apenas 14 adultos e 7 crian\u00e7as conseguiriam marcar consultas com o dentista. \u201cE tem outra coisa, se eu pegar para mim, n\u00e3o posso pegar para o meu filho; e isso \u00e9 para qualquer \u00e1rea. Se uma pessoa da minha fam\u00edlia estiver morrendo e eu tamb\u00e9m, a gente precisar\u00e1 escolher quem vai morrer. Isso \u00e9 um absurdo\u201d, reclama.<\/p>\n<p style=\"text-align: justify;\">No CAPS Jos\u00e9 Carlos Solto, localizado no bairro do Torre\u00e3o, os m\u00e9dicos tamb\u00e9m n\u00e3o compareceram. Apenas a triagem (consulta preliminar, para saber quais ser\u00e3o as demandas) est\u00e1 sendo feita por um dos funcion\u00e1rios do local.<\/p>\n<p style=\"text-align: justify;\">Este Centro \u00e9 um dos mais movimentados, segundo o Sindicato dos M\u00e9dicos de Pernambuco. Mas nesta quinta-feira, diante da paralisa\u00e7\u00e3o, apenas tr\u00eas pessoas estavam no local. Um homem, que n\u00e3o quis se identificar, esperava atendimento h\u00e1 cerca de 2 horas. &#8220;N\u00e3o tinha ningu\u00e9m para nos atender, nem o pessoal da recep\u00e7\u00e3o est\u00e1 aqui&#8221;, reclamou.<\/p>\n<p style=\"text-align: justify;\">Em nota, a Prefeitura do Recife informou ter realizado diversas reuni\u00f5es de negocia\u00e7\u00e3o com o Sindicato dos M\u00e9dicos de Pernambuco (Simepe) e continua aberta ao di\u00e1logo. \u201cOs m\u00e9dicos servidores do munic\u00edpio tiveram ganhos cerca de 10% acima da infla\u00e7\u00e3o desde 2013. Foram nomeados 767 novos m\u00e9dicos no per\u00edodo. Com rela\u00e7\u00e3o \u00e0s condi\u00e7\u00f5es de trabalho, a Prefeitura realizou, em apenas cinco anos, R$ 200 milh\u00f5es de investimentos nas unidades de sa\u00fade, o que \u00e9 mais do que os 10 anos anteriores\u201d.<\/p>\n<p style=\"text-align: justify;\">\n<p style=\"text-align: justify;\">Fonte: Leia J\u00e1<\/p>\n","protected":false},"excerpt":{"rendered":"<p>O Sindicato dos M\u00e9dicos de Pernambuco (Simepe) anunciou que foram suspensos todos os atendimentos eletivos Em greve por tempo indeterminado, m\u00e9dicos da rede municipal de Sa\u00fade n\u00e3o compareceram as Unidades de Sa\u00fade da Fam\u00edlia (USF), nem aos Centros de Atendimento Psicossocial (CAPS) nesta quinta-feira (18). Eles reivindicam pela melhoria salarial, melhores condi\u00e7\u00f5es de trabalho e [&hellip;]<\/p>\n","protected":false},"author":1,"featured_media":0,"comment_status":"open","ping_status":"open","sticky":false,"template":"","format":"standard","meta":{"ocean_post_layout":"","ocean_both_sidebars_style":"","ocean_both_sidebars_content_width":0,"ocean_both_sidebars_sidebars_width":0,"ocean_sidebar":"","ocean_second_sidebar":"","ocean_disable_margins":"enable","ocean_add_body_class":"","ocean_shortcode_before_top_bar":"","ocean_shortcode_after_top_bar":"","ocean_shortcode_before_header":"","ocean_shortcode_after_header":"","ocean_has_shortcode":"","ocean_shortcode_after_title":"","ocean_shortcode_before_footer_widgets":"","ocean_shortcode_after_footer_widgets":"","ocean_shortcode_before_footer_bottom":"","ocean_shortcode_after_footer_bottom":"","ocean_display_top_bar":"default","ocean_display_header":"default","ocean_header_style":"","ocean_center_header_left_menu":"","ocean_custom_header_template":"","ocean_custom_logo":0,"ocean_custom_retina_logo":0,"ocean_custom_logo_max_width":0,"ocean_custom_logo_tablet_max_width":0,"ocean_custom_logo_mobile_max_width":0,"ocean_custom_logo_max_height":0,"ocean_custom_logo_tablet_max_height":0,"ocean_custom_logo_mobile_max_height":0,"ocean_header_custom_menu":"","ocean_menu_typo_font_family":"","ocean_menu_typo_font_subset":"","ocean_menu_typo_font_size":0,"ocean_menu_typo_font_size_tablet":0,"ocean_menu_typo_font_size_mobile":0,"ocean_menu_typo_font_size_unit":"px","ocean_menu_typo_font_weight":"","ocean_menu_typo_font_weight_tablet":"","ocean_menu_typo_font_weight_mobile":"","ocean_menu_typo_transform":"","ocean_menu_typo_transform_tablet":"","ocean_menu_typo_transform_mobile":"","ocean_menu_typo_line_height":0,"ocean_menu_typo_line_height_tablet":0,"ocean_menu_typo_line_height_mobile":0,"ocean_menu_typo_line_height_unit":"","ocean_menu_typo_spacing":0,"ocean_menu_typo_spacing_tablet":0,"ocean_menu_typo_spacing_mobile":0,"ocean_menu_typo_spacing_unit":"","ocean_menu_link_color":"","ocean_menu_link_color_hover":"","ocean_menu_link_color_active":"","ocean_menu_link_background":"","ocean_menu_link_hover_background":"","ocean_menu_link_active_background":"","ocean_menu_social_links_bg":"","ocean_menu_social_hover_links_bg":"","ocean_menu_social_links_color":"","ocean_menu_social_hover_links_color":"","ocean_disable_title":"default","ocean_disable_heading":"default","ocean_post_title":"","ocean_post_subheading":"","ocean_post_title_style":"","ocean_post_title_background_color":"","ocean_post_title_background":0,"ocean_post_title_bg_image_position":"","ocean_post_title_bg_image_attachment":"","ocean_post_title_bg_image_repeat":"","ocean_post_title_bg_image_size":"","ocean_post_title_height":0,"ocean_post_title_bg_overlay":0.5,"ocean_post_title_bg_overlay_color":"","ocean_disable_breadcrumbs":"default","ocean_breadcrumbs_color":"","ocean_breadcrumbs_separator_color":"","ocean_breadcrumbs_links_color":"","ocean_breadcrumbs_links_hover_color":"","ocean_display_footer_widgets":"default","ocean_display_footer_bottom":"default","ocean_custom_footer_template":"","ocean_post_oembed":"","ocean_post_self_hosted_media":"","ocean_post_video_embed":"","ocean_link_format":"","ocean_link_format_target":"self","ocean_quote_format":"","ocean_quote_format_link":"post","ocean_gallery_link_images":"on","ocean_gallery_id":[]},"categories":[9],"tags":[],"acf":[],"_links":{"self":[{"href":"https:\/\/www.simepe.com.br\/novo\/wp-json\/wp\/v2\/posts\/43368"}],"collection":[{"href":"https:\/\/www.simepe.com.br\/novo\/wp-json\/wp\/v2\/posts"}],"about":[{"href":"https:\/\/www.simepe.com.br\/novo\/wp-json\/wp\/v2\/types\/post"}],"author":[{"embeddable":true,"href":"https:\/\/www.simepe.com.br\/novo\/wp-json\/wp\/v2\/users\/1"}],"replies":[{"embeddable":true,"href":"https:\/\/www.simepe.com.br\/novo\/wp-json\/wp\/v2\/comments?post=43368"}],"version-history":[{"count":1,"href":"https:\/\/www.simepe.com.br\/novo\/wp-json\/wp\/v2\/posts\/43368\/revisions"}],"predecessor-version":[{"id":43369,"href":"https:\/\/www.simepe.com.br\/novo\/wp-json\/wp\/v2\/posts\/43368\/revisions\/43369"}],"wp:attachment":[{"href":"https:\/\/www.simepe.com.br\/novo\/wp-json\/wp\/v2\/media?parent=43368"}],"wp:term":[{"taxonomy":"category","embeddable":true,"href":"https:\/\/www.simepe.com.br\/novo\/wp-json\/wp\/v2\/categories?post=43368"},{"taxonomy":"post_tag","embeddable":true,"href":"https:\/\/www.simepe.com.br\/novo\/wp-json\/wp\/v2\/tags?post=43368"}],"curies":[{"name":"wp","href":"https:\/\/api.w.org\/{rel}","templated":true}]}}