{"id":43370,"date":"2018-01-18T14:08:22","date_gmt":"2018-01-18T17:08:22","guid":{"rendered":"http:\/\/www.simepe.com.br\/novo\/?p=43370"},"modified":"2018-01-18T14:08:22","modified_gmt":"2018-01-18T17:08:22","slug":"secretaria-de-saude-de-petrolina-tranquiliza-populacao-sobre-febre-amarela","status":"publish","type":"post","link":"https:\/\/www.simepe.com.br\/novo\/secretaria-de-saude-de-petrolina-tranquiliza-populacao-sobre-febre-amarela\/","title":{"rendered":"Secretaria de Sa\u00fade de Petrolina tranquiliza popula\u00e7\u00e3o sobre Febre Amarela"},"content":{"rendered":"<p style=\"text-align: justify;\">Secretaria de Sa\u00fade de Petrolina tranquiliza popula\u00e7\u00e3o sobre Febre Amarela<\/p>\n<p style=\"text-align: justify;\">Um surto de Febre Amarela em alguns estados brasileiros tem preocupado os moradores de Petrolina, no Sert\u00e3o Pernambucano. Com isso, a procura pela vacina contra a doen\u00e7a aumentou e fez com que ela acabasse no munic\u00edpio. &#8220;A gente j\u00e1 acionou o Estado para estar fornecendo mais doses, mas n\u00f3s n\u00e3o estamos vacinando em massa, n\u00e3o \u00e9 campanha, \u00e9 apenas para aquelas pessoas que v\u00e3o viajar para a as \u00e1reas de risco&#8221;, explicou a Secret\u00e1ria Executiva de Vigil\u00e2ncia em Sa\u00fade, Marlene Leandro.<\/p>\n<p style=\"text-align: justify;\">\nDe acordo com a Secretaria de Sa\u00fade do Munic\u00edpio, a popula\u00e7\u00e3o pode ficar tranquila, pois n\u00e3o h\u00e1 casos suspeitos, nem confirmados da doen\u00e7a na cidade. As \u00e1reas consideradas de risco no Brasil s\u00e3o as regi\u00f5es Centro-Oeste, Norte, os estados de S\u00e3o Paulo, Minas Gerais, Rio de Janeiro, Esp\u00edrito Santos, Maranh\u00e3o e parte dos estados da regi\u00e3o Sul, Bahia e Piau\u00ed.<\/p>\n<p style=\"text-align: justify;\">\nOs petrolineneses que pretendem viajar para estes lugares devem ser vacinados pelo menos 10 dias antes do deslocamento. Para isso, quando as novas doses estiverem dispon\u00edveis, \u00e9 preciso apresentar um comprovante de viagem com destino em umas das unidades de sa\u00fade que oferecem a vacina. A AME Am\u00e1lia Granja, localizada no bairro Vila Moc\u00f3 e a AME Roza Maria Ribeiro, no bairro Gercino Coelho, no hor\u00e1rio de 8 da manh\u00e3 \u00e0s 17 horas, de segunda a sexta-feira.<\/p>\n<p style=\"text-align: justify;\">\nSegundo a Coordenadora de Imuniza\u00e7\u00e3o, Alexsandra Santos, a popula\u00e7\u00e3o precisa colaborar para que as pessoas que realmente precisam da vacina n\u00e3o sejam prejudicadas. &#8220;As pessoas que residem no munic\u00edpio e n\u00e3o v\u00e3o viajar n\u00e3o precisam tomar essa vacina. Ent\u00e3o a gente pede que (a popula\u00e7\u00e3o) use o bom senso e fale a verdade, para que a gente n\u00e3o fique desabastecido e pessoas que realmente precisem da vacina n\u00e3o encontrem quando procurarem&#8221;, salientou.<\/p>\n<p style=\"text-align: justify;\">A coordenadora lembrou ainda que a vacina \u00e9 contra-indicada para pessoas acima de 60 anos, mulheres gestantes ou que estejam amamentando, pacientes imuno-deprimidos e pacientes com menos de nove meses de idade.<\/p>\n<p style=\"text-align: justify;\">\nEm nota, a Secretaria de Sa\u00fade de Petrolina informou que entrou em contato com o Governo do Estado para solicitar mais doses da vacina e garantiu que &#8220;T\u00e3o logo isso ocorra, a popula\u00e7\u00e3o ser\u00e1 informada, para que, aquelas pessoas que ir\u00e3o viajar para \u00e1reas de risco possam fazer uso da vacina&#8221;.<\/p>\n<p style=\"text-align: justify;\">\n<p>Fonte: G1<\/p>\n","protected":false},"excerpt":{"rendered":"<p>Secretaria de Sa\u00fade de Petrolina tranquiliza popula\u00e7\u00e3o sobre Febre Amarela Um surto de Febre Amarela em alguns estados brasileiros tem preocupado os moradores de Petrolina, no Sert\u00e3o Pernambucano. Com isso, a procura pela vacina contra a doen\u00e7a aumentou e fez com que ela acabasse no munic\u00edpio. &#8220;A gente j\u00e1 acionou o Estado para estar fornecendo [&hellip;]<\/p>\n","protected":false},"author":1,"featured_media":0,"comment_status":"open","ping_status":"open","sticky":false,"template":"","format":"standard","meta":{"ocean_post_layout":"","ocean_both_sidebars_style":"","ocean_both_sidebars_content_width":0,"ocean_both_sidebars_sidebars_width":0,"ocean_sidebar":"","ocean_second_sidebar":"","ocean_disable_margins":"enable","ocean_add_body_class":"","ocean_shortcode_before_top_bar":"","ocean_shortcode_after_top_bar":"","ocean_shortcode_before_header":"","ocean_shortcode_after_header":"","ocean_has_shortcode":"","ocean_shortcode_after_title":"","ocean_shortcode_before_footer_widgets":"","ocean_shortcode_after_footer_widgets":"","ocean_shortcode_before_footer_bottom":"","ocean_shortcode_after_footer_bottom":"","ocean_display_top_bar":"default","ocean_display_header":"default","ocean_header_style":"","ocean_center_header_left_menu":"","ocean_custom_header_template":"","ocean_custom_logo":0,"ocean_custom_retina_logo":0,"ocean_custom_logo_max_width":0,"ocean_custom_logo_tablet_max_width":0,"ocean_custom_logo_mobile_max_width":0,"ocean_custom_logo_max_height":0,"ocean_custom_logo_tablet_max_height":0,"ocean_custom_logo_mobile_max_height":0,"ocean_header_custom_menu":"","ocean_menu_typo_font_family":"","ocean_menu_typo_font_subset":"","ocean_menu_typo_font_size":0,"ocean_menu_typo_font_size_tablet":0,"ocean_menu_typo_font_size_mobile":0,"ocean_menu_typo_font_size_unit":"px","ocean_menu_typo_font_weight":"","ocean_menu_typo_font_weight_tablet":"","ocean_menu_typo_font_weight_mobile":"","ocean_menu_typo_transform":"","ocean_menu_typo_transform_tablet":"","ocean_menu_typo_transform_mobile":"","ocean_menu_typo_line_height":0,"ocean_menu_typo_line_height_tablet":0,"ocean_menu_typo_line_height_mobile":0,"ocean_menu_typo_line_height_unit":"","ocean_menu_typo_spacing":0,"ocean_menu_typo_spacing_tablet":0,"ocean_menu_typo_spacing_mobile":0,"ocean_menu_typo_spacing_unit":"","ocean_menu_link_color":"","ocean_menu_link_color_hover":"","ocean_menu_link_color_active":"","ocean_menu_link_background":"","ocean_menu_link_hover_background":"","ocean_menu_link_active_background":"","ocean_menu_social_links_bg":"","ocean_menu_social_hover_links_bg":"","ocean_menu_social_links_color":"","ocean_menu_social_hover_links_color":"","ocean_disable_title":"default","ocean_disable_heading":"default","ocean_post_title":"","ocean_post_subheading":"","ocean_post_title_style":"","ocean_post_title_background_color":"","ocean_post_title_background":0,"ocean_post_title_bg_image_position":"","ocean_post_title_bg_image_attachment":"","ocean_post_title_bg_image_repeat":"","ocean_post_title_bg_image_size":"","ocean_post_title_height":0,"ocean_post_title_bg_overlay":0.5,"ocean_post_title_bg_overlay_color":"","ocean_disable_breadcrumbs":"default","ocean_breadcrumbs_color":"","ocean_breadcrumbs_separator_color":"","ocean_breadcrumbs_links_color":"","ocean_breadcrumbs_links_hover_color":"","ocean_display_footer_widgets":"default","ocean_display_footer_bottom":"default","ocean_custom_footer_template":"","ocean_post_oembed":"","ocean_post_self_hosted_media":"","ocean_post_video_embed":"","ocean_link_format":"","ocean_link_format_target":"self","ocean_quote_format":"","ocean_quote_format_link":"post","ocean_gallery_link_images":"on","ocean_gallery_id":[]},"categories":[9],"tags":[],"acf":[],"_links":{"self":[{"href":"https:\/\/www.simepe.com.br\/novo\/wp-json\/wp\/v2\/posts\/43370"}],"collection":[{"href":"https:\/\/www.simepe.com.br\/novo\/wp-json\/wp\/v2\/posts"}],"about":[{"href":"https:\/\/www.simepe.com.br\/novo\/wp-json\/wp\/v2\/types\/post"}],"author":[{"embeddable":true,"href":"https:\/\/www.simepe.com.br\/novo\/wp-json\/wp\/v2\/users\/1"}],"replies":[{"embeddable":true,"href":"https:\/\/www.simepe.com.br\/novo\/wp-json\/wp\/v2\/comments?post=43370"}],"version-history":[{"count":1,"href":"https:\/\/www.simepe.com.br\/novo\/wp-json\/wp\/v2\/posts\/43370\/revisions"}],"predecessor-version":[{"id":43372,"href":"https:\/\/www.simepe.com.br\/novo\/wp-json\/wp\/v2\/posts\/43370\/revisions\/43372"}],"wp:attachment":[{"href":"https:\/\/www.simepe.com.br\/novo\/wp-json\/wp\/v2\/media?parent=43370"}],"wp:term":[{"taxonomy":"category","embeddable":true,"href":"https:\/\/www.simepe.com.br\/novo\/wp-json\/wp\/v2\/categories?post=43370"},{"taxonomy":"post_tag","embeddable":true,"href":"https:\/\/www.simepe.com.br\/novo\/wp-json\/wp\/v2\/tags?post=43370"}],"curies":[{"name":"wp","href":"https:\/\/api.w.org\/{rel}","templated":true}]}}