{"id":43599,"date":"2018-01-25T08:52:10","date_gmt":"2018-01-25T11:52:10","guid":{"rendered":"http:\/\/www.simepe.com.br\/novo\/?p=43599"},"modified":"2018-01-25T08:52:10","modified_gmt":"2018-01-25T11:52:10","slug":"pernambuco-tem-terceira-notificacao-de-febre-amarela","status":"publish","type":"post","link":"https:\/\/www.simepe.com.br\/novo\/pernambuco-tem-terceira-notificacao-de-febre-amarela\/","title":{"rendered":"Pernambuco tem terceira notifica\u00e7\u00e3o de Febre Amarela"},"content":{"rendered":"<p style=\"text-align: justify;\">Desta vez, um paciente de Bezerros, no Agreste, est\u00e1 sendo investigado para a doen\u00e7a. Ele passou por Mairipor\u00e3, em SP.<\/p>\n<p style=\"text-align: justify;\">Um novo caso suspeito de febre amarela (FA), agora com mais crit\u00e9rios de notifica\u00e7\u00e3o, foi identificado em Pernambuco. O paciente foi triado na rede p\u00fablica de Bezerros, no Agreste, e deve realizar exames confirmat\u00f3rios da enfermidade no Hospital Universit\u00e1rio Oswaldo Cruz (HUOC), no Recife. O homem, de 45 anos, voltou h\u00e1 cerca de 20 dias da cidade de Mairipor\u00e3, na regi\u00e3o metropolitana em S\u00e3o Paulo, e come\u00e7ou a ter sintomas da doen\u00e7a. Ele n\u00e3o era vacinado contra a febre amarela e pode ter contra\u00eddo a enfermidade durante essa viagem. Mairipor\u00e3 soma grande parte dos casos suspeitos, confirmados e mortes no estado paulista.<\/p>\n<p style=\"text-align: justify;\">\nA Secretaria de Sa\u00fade de Bezerros est\u00e1 em alerta para poss\u00edveis a\u00e7\u00f5es de sa\u00fade na cidade caso a suspeita se confirme. Al\u00e9m do homem, a esposa e a filha dele, que tamb\u00e9m viajaram para Mairipor\u00e3, est\u00e3o sendo monitoradas, mas n\u00e3o apresentaram quadro da doen\u00e7a. \u201cEle passou as festas de final de ano e, quando voltou para c\u00e1, come\u00e7ou a ter uma sintomatologia. Muita febre, v\u00f4mito, diarreia. A sintomatologia dele hoje est\u00e1 mais discreta, s\u00f3 uma queixa de mal-estar. Ele n\u00e3o consegue comer direito, perdeu muito peso, mais ou menos 11 quilos em 20 dias\u201d, contou o m\u00e9dico Jaques Vasconcelos, que atendeu o paciente.<\/p>\n<p style=\"text-align: justify;\">\nO homem buscou atendimento, na \u00faltima ter\u00e7a-feira (23), no posto onde o profissional atende depois de ter buscado ajuda numa emerg\u00eancia de Caruaru que n\u00e3o identificou a suspeita da febre amarela. \u201cAqui solicitei alguns exames, por conta dessa hist\u00f3ria de Mairipor\u00e3, e hoje os resultados mostraram que algumas enzimas do f\u00edgado deram alteradas. E a febre amarela d\u00e1 isso\u201d, comentou. O m\u00e9dico destacou que, apesar de o paciente haver passado por \u00e1rea end\u00eamica, n\u00e3o ter se vacinado, e ter apresentado quadro cl\u00ednico compat\u00edvel, ainda \u00e9 necess\u00e1ria a confirma\u00e7\u00e3o laboratorial da doen\u00e7a. NO HUOC, ser\u00e3o realizadas a coleta de material e a reavalia\u00e7\u00e3o cl\u00ednica do home.<\/p>\n<p style=\"text-align: justify;\">\nO secret\u00e1rio de Sa\u00fade de Bezerros, Wendel Fran\u00e7a, destacou que esse seria um caso importado da doen\u00e7a e que o munic\u00edpio n\u00e3o \u00e9 \u00e1rea de transmiss\u00e3o de febre amarela. Ele afirmou que o caso j\u00e1 foi informado \u00e0 4\u00aa Ger\u00eancia de Sa\u00fade (Geres). A Secretaria Estadual de Sa\u00fade (SES) recebeu a notifica\u00e7\u00e3o no in\u00edcio da noite dessa quarta (24) e ir\u00e1 investigar o caso suspeito. Fran\u00e7a informou ainda que a cidade, devido ao Carnaval, j\u00e1 tem uma opera\u00e7\u00e3o de pulveriza\u00e7\u00e3o contra mosquitos na semana pr\u00e9-folia, mas que a medida de bloqueio de mosquitos pode ser antecipada se o caso de febre amarela importada for confirmado. O secret\u00e1rio ainda contou que o munic\u00edpio tem unidade de refer\u00eancia para vacina\u00e7\u00e3o de FA, mas com doses ofertadas apenas para pessoas que v\u00e3o viajar para as \u00e1reas de risco, como determina o Minist\u00e9rio da Sa\u00fade.<\/p>\n<p style=\"text-align: justify;\"><strong>Outros casos<\/strong><\/p>\n<p style=\"text-align: justify;\">\nEste \u00e9 o terceiro caso suspeito de febre amarela importada investigado no Estado este ano. Os outros dois j\u00e1 foram descartados. O primeiro foi de uma mulher de 37 anos, que tamb\u00e9m teve passagem por Mairipor\u00e3, e buscou uma unidade de sa\u00fade no Recife com queixa de febre. O segundo foi o de um homem de 54 anos, residente no Distrito Federal, que havia passado por \u00e1reas end\u00eamicas na Bahia, e tamb\u00e9m teve queixa de febre na estada no Recife, mas, nesse caso, o paciente tinha vacina\u00e7\u00e3o em dia para a doen\u00e7a.<\/p>\n<p style=\"text-align: justify;\">\n<p style=\"text-align: justify;\">Fonte: Folha de Pernambuco<\/p>\n","protected":false},"excerpt":{"rendered":"<p>Desta vez, um paciente de Bezerros, no Agreste, est\u00e1 sendo investigado para a doen\u00e7a. Ele passou por Mairipor\u00e3, em SP. Um novo caso suspeito de febre amarela (FA), agora com mais crit\u00e9rios de notifica\u00e7\u00e3o, foi identificado em Pernambuco. O paciente foi triado na rede p\u00fablica de Bezerros, no Agreste, e deve realizar exames confirmat\u00f3rios da [&hellip;]<\/p>\n","protected":false},"author":1,"featured_media":0,"comment_status":"open","ping_status":"open","sticky":false,"template":"","format":"standard","meta":{"ocean_post_layout":"","ocean_both_sidebars_style":"","ocean_both_sidebars_content_width":0,"ocean_both_sidebars_sidebars_width":0,"ocean_sidebar":"","ocean_second_sidebar":"","ocean_disable_margins":"enable","ocean_add_body_class":"","ocean_shortcode_before_top_bar":"","ocean_shortcode_after_top_bar":"","ocean_shortcode_before_header":"","ocean_shortcode_after_header":"","ocean_has_shortcode":"","ocean_shortcode_after_title":"","ocean_shortcode_before_footer_widgets":"","ocean_shortcode_after_footer_widgets":"","ocean_shortcode_before_footer_bottom":"","ocean_shortcode_after_footer_bottom":"","ocean_display_top_bar":"default","ocean_display_header":"default","ocean_header_style":"","ocean_center_header_left_menu":"","ocean_custom_header_template":"","ocean_custom_logo":0,"ocean_custom_retina_logo":0,"ocean_custom_logo_max_width":0,"ocean_custom_logo_tablet_max_width":0,"ocean_custom_logo_mobile_max_width":0,"ocean_custom_logo_max_height":0,"ocean_custom_logo_tablet_max_height":0,"ocean_custom_logo_mobile_max_height":0,"ocean_header_custom_menu":"","ocean_menu_typo_font_family":"","ocean_menu_typo_font_subset":"","ocean_menu_typo_font_size":0,"ocean_menu_typo_font_size_tablet":0,"ocean_menu_typo_font_size_mobile":0,"ocean_menu_typo_font_size_unit":"px","ocean_menu_typo_font_weight":"","ocean_menu_typo_font_weight_tablet":"","ocean_menu_typo_font_weight_mobile":"","ocean_menu_typo_transform":"","ocean_menu_typo_transform_tablet":"","ocean_menu_typo_transform_mobile":"","ocean_menu_typo_line_height":0,"ocean_menu_typo_line_height_tablet":0,"ocean_menu_typo_line_height_mobile":0,"ocean_menu_typo_line_height_unit":"","ocean_menu_typo_spacing":0,"ocean_menu_typo_spacing_tablet":0,"ocean_menu_typo_spacing_mobile":0,"ocean_menu_typo_spacing_unit":"","ocean_menu_link_color":"","ocean_menu_link_color_hover":"","ocean_menu_link_color_active":"","ocean_menu_link_background":"","ocean_menu_link_hover_background":"","ocean_menu_link_active_background":"","ocean_menu_social_links_bg":"","ocean_menu_social_hover_links_bg":"","ocean_menu_social_links_color":"","ocean_menu_social_hover_links_color":"","ocean_disable_title":"default","ocean_disable_heading":"default","ocean_post_title":"","ocean_post_subheading":"","ocean_post_title_style":"","ocean_post_title_background_color":"","ocean_post_title_background":0,"ocean_post_title_bg_image_position":"","ocean_post_title_bg_image_attachment":"","ocean_post_title_bg_image_repeat":"","ocean_post_title_bg_image_size":"","ocean_post_title_height":0,"ocean_post_title_bg_overlay":0.5,"ocean_post_title_bg_overlay_color":"","ocean_disable_breadcrumbs":"default","ocean_breadcrumbs_color":"","ocean_breadcrumbs_separator_color":"","ocean_breadcrumbs_links_color":"","ocean_breadcrumbs_links_hover_color":"","ocean_display_footer_widgets":"default","ocean_display_footer_bottom":"default","ocean_custom_footer_template":"","ocean_post_oembed":"","ocean_post_self_hosted_media":"","ocean_post_video_embed":"","ocean_link_format":"","ocean_link_format_target":"self","ocean_quote_format":"","ocean_quote_format_link":"post","ocean_gallery_link_images":"on","ocean_gallery_id":[]},"categories":[9],"tags":[],"acf":[],"_links":{"self":[{"href":"https:\/\/www.simepe.com.br\/novo\/wp-json\/wp\/v2\/posts\/43599"}],"collection":[{"href":"https:\/\/www.simepe.com.br\/novo\/wp-json\/wp\/v2\/posts"}],"about":[{"href":"https:\/\/www.simepe.com.br\/novo\/wp-json\/wp\/v2\/types\/post"}],"author":[{"embeddable":true,"href":"https:\/\/www.simepe.com.br\/novo\/wp-json\/wp\/v2\/users\/1"}],"replies":[{"embeddable":true,"href":"https:\/\/www.simepe.com.br\/novo\/wp-json\/wp\/v2\/comments?post=43599"}],"version-history":[{"count":1,"href":"https:\/\/www.simepe.com.br\/novo\/wp-json\/wp\/v2\/posts\/43599\/revisions"}],"predecessor-version":[{"id":43600,"href":"https:\/\/www.simepe.com.br\/novo\/wp-json\/wp\/v2\/posts\/43599\/revisions\/43600"}],"wp:attachment":[{"href":"https:\/\/www.simepe.com.br\/novo\/wp-json\/wp\/v2\/media?parent=43599"}],"wp:term":[{"taxonomy":"category","embeddable":true,"href":"https:\/\/www.simepe.com.br\/novo\/wp-json\/wp\/v2\/categories?post=43599"},{"taxonomy":"post_tag","embeddable":true,"href":"https:\/\/www.simepe.com.br\/novo\/wp-json\/wp\/v2\/tags?post=43599"}],"curies":[{"name":"wp","href":"https:\/\/api.w.org\/{rel}","templated":true}]}}