{"id":43603,"date":"2018-01-25T09:11:16","date_gmt":"2018-01-25T12:11:16","guid":{"rendered":"http:\/\/www.simepe.com.br\/novo\/?p=43603"},"modified":"2018-01-25T09:11:16","modified_gmt":"2018-01-25T12:11:16","slug":"ministerio-da-saude-reconhece-farmaceuticos-como-profissionais-da-saude","status":"publish","type":"post","link":"https:\/\/www.simepe.com.br\/novo\/ministerio-da-saude-reconhece-farmaceuticos-como-profissionais-da-saude\/","title":{"rendered":"Minist\u00e9rio da Sa\u00fade reconhece farmac\u00eauticos como profissionais da sa\u00fade"},"content":{"rendered":"<p style=\"text-align: justify;\">Tamb\u00e9m anunciaram o Programa de Cuidados Farmac\u00eauticos, que beneficiar\u00e1 pacientes portadores de hepatite e artrite reumat\u00f3ide<\/p>\n<p style=\"text-align: justify;\">O Minist\u00e9rio da Sa\u00fade anunciou nesta quarta-feira (24) duas medidas que visam melhorar a qualidade e o acompanhamento dos servi\u00e7os farmac\u00eauticos oferecidos pelo Sistema \u00danico de Sa\u00fade (SUS). A primeira \u00e9 a inclus\u00e3o do profissional farmac\u00eautico no c\u00f3digo de identifica\u00e7\u00e3o do SUS, reconhecendo-os como profissionais da sa\u00fade. Com isso os farmac\u00eauticos ter\u00e3o melhores condi\u00e7\u00f5es para acompanhar os tratamentos oferecidos pelo sistema, de forma a checar se a dosagem dos medicamentos est\u00e1 correta e se os resultados est\u00e3o dentro do esperado.<\/p>\n<p style=\"text-align: justify;\">A outra medida anunciada, durante a reuni\u00e3o plen\u00e1ria do Conselho Federal de Farm\u00e1cia, foi o lan\u00e7amento do projeto-piloto do Programa de Cuidados Farmac\u00eauticos, que beneficiar\u00e1 pacientes portadores de hepatite e artrite reumat\u00f3ide com orienta\u00e7\u00f5es e acompanhamento sobre o uso racional de medicamentos. A expectativa \u00e9 que al\u00e9m de se evitar os riscos de falhas no tratamento por conta do uso inadequado de medicamentos, o governo consiga economizar nos gastos com a\u00e7\u00f5es voltadas \u00e0 sa\u00fade. O projeto-piloto ser\u00e1 implementado inicialmente em S\u00e3o Paulo, na Bahia e no Distrito Federal. At\u00e9 o final do ano ser\u00e1 estendido a outros sete estados.<\/p>\n<p style=\"text-align: justify;\">\u201cEstamos investindo na qualifica\u00e7\u00e3o da assist\u00eancia farmac\u00eautica e na estrutura\u00e7\u00e3o das farm\u00e1cias dos munic\u00edpios, bem como na articula\u00e7\u00e3o para a aquisi\u00e7\u00e3o de mais medicamentos, de forma a ampliar o acesso da popula\u00e7\u00e3o com menos recursos\u201d, disse o ministro Ricardo Barros. Segundo ele, o crit\u00e9rio da \u00e1rea t\u00e9cnica para a escolha das localidades onde o programa come\u00e7ar\u00e1 a ser aplicado foi o custo-benef\u00edcio dos investimentos. \u201cSer\u00e1 onde o investimento dar\u00e1 mais retorno, facilitando acesso e qualidade para o atendimento \u00e0s pessoas\u201d.<\/p>\n<p style=\"text-align: justify;\">Sobre a incorpora\u00e7\u00e3o dos farmac\u00eauticos no c\u00f3digo de identifica\u00e7\u00e3o do SUS, o ministro disse que a medida foi adotada porque, como n\u00e3o havia um c\u00f3digo espec\u00edfico, o sistema n\u00e3o tinha como avaliar e quantificar, no seu \u00e2mbito, a produ\u00e7\u00e3o e a atua\u00e7\u00e3o dos farmac\u00eauticos. \u201cCom esse c\u00f3digo, todos procedimentos que eles fazem s\u00e3o lan\u00e7ados e identificados. Com isso podemos avaliar a qualidade do trabalho, a efic\u00e1cia, e comparar o desempenho entre eles, de modo a podermos escolher a melhor pr\u00e1tica e divulg\u00e1-la para todos\u201d, justificou o ministro.<\/p>\n<p style=\"text-align: justify;\">Segundo o presidente do Conselho Federal de Farm\u00e1cia, Walter Jorge da Silva, a medida \u00e9 uma \u201creivindica\u00e7\u00e3o antiga\u201d dos farmac\u00eauticos, que ter\u00e1 \u201cgrande alcance social&#8221;, al\u00e9m de ser um \u201cgrande ganho&#8221; para a atividade farmac\u00eautica do pa\u00eds. \u201cDe uma vez por todas passaremos a ser profissionais da sa\u00fade. T\u00ednhamos um papel que era praticamente voltado para a entrega do produto (medicamento). Hoje passamos a ser cuidadores da sa\u00fade das pessoas\u201d, Jorge da Silva.<\/p>\n<p style=\"text-align: justify;\">Apesar de n\u00e3o saber precisar o n\u00famero de farmac\u00eauticos que atuam no SUS, Jorge da Silva disse que h\u00e1 um \u201cbom n\u00famero\u201d de profissionais dispon\u00edveis para exercer esse papel. \u201cE a partir desses programa, com certeza haver\u00e1 muito mais farmac\u00eauticos trabalhando no SUS. J\u00e1 somos 215 mil farmac\u00eauticos em todo o pa\u00eds, n\u00famero que \u00e9 suficiente\u201d, disse, ao destacar que, entre as atribui\u00e7\u00f5es espec\u00edficas desse profissional, est\u00e3o a dispensa\u00e7\u00e3o de medicamentos, o acompanhamento f\u00e1rmaco-terap\u00eautico, a concilia\u00e7\u00e3o medicamentosa, e o rastreamento em sa\u00fade.<\/p>\n<p style=\"text-align: justify;\"><strong>Programa<\/strong><\/p>\n<p style=\"text-align: justify;\">A escolha da hepatite e da artrite remat\u00f3ide para dar in\u00edcio ao Programa de Cuidados Farmac\u00eauticos se deve \u00e0 oferta de novos medicamentos no mercado para essas patologias. \u201cAproveitamos essas novas t\u00e9cnicas para mudar o formato de aquisi\u00e7\u00e3o. Vamos tratar todas pessoas diagnosticadas com hepatite C. Mas vamos pagar pela cura, e n\u00e3o pelo medicamento. \u00c9 um modelo novo que garante a efic\u00e1cia do investimento do recurso p\u00fablico. Reduzimos o pre\u00e7o do tratamento de US$ 9 mil para US$ 3 mil. Essa efici\u00eancia nos permitir\u00e1 atender a todos\u201d, argumentou o ministro Ricardo Barros.<\/p>\n<p style=\"text-align: justify;\">No caso da artrite reumat\u00f3ide, segundo o ministro, o novo protocolo d\u00e1 prioridade na compra de um medicamento mais barato, que est\u00e1 na primeira linha de tratamento,. \u201cAqueles que n\u00e3o responderem a esse tratamento receber\u00e3o medicamentos biol\u00f3gicos mais caros. Vamos tamb\u00e9m acompanhar [os problemas decorrentes da] a judicializa\u00e7\u00e3o, em especial as senten\u00e7as judiciais com prescri\u00e7\u00e3o diferente da bula\u201d, disse o ministro. \u201cNesses casos, devolvemos e mandamos verificar porque s\u00e3o medicamentos de alto custo que n\u00e3o podem ser aplicados simplesmente para favorecer o laborat\u00f3rio que fornece o medicamento\u201d, acrescentou.<\/p>\n<p style=\"text-align: justify;\"><strong>Febre Amarela<\/strong><\/p>\n<p style=\"text-align: justify;\">Ao comentar os resultados do boletim da febre amarela, ele disse que tudo est\u00e1 dentro do previsto. \u201cComparado com o ano passado, temos ainda menos casos e \u00f3bitos, embora este ano o impacto da circula\u00e7\u00e3o do v\u00edrus seja em uma popula\u00e7\u00e3o muito maior do que a que tinha sido atingida no ano passado\u201d. O ministro lembrou que 20 milh\u00f5es de pessoas ser\u00e3o vacinadas na campanha que ser\u00e1 deflagrada.<\/p>\n<p style=\"text-align: justify;\">Perguntado sobre se os casos teriam rela\u00e7\u00e3o com a trag\u00e9dia ocorrida com o rompimento da barragem do Fund\u00e3o, pr\u00f3xima ao munic\u00edpio de Mariana, em novembro de 2015, Barros disse que \u201cn\u00e3o h\u00e1 nenhum estudo t\u00e9cnico que comprove que esse desequil\u00edbrio ambiental tenha afetado a prolifera\u00e7\u00e3o do mosquito que transmite a febre amarela silvestre\u201d.<\/p>\n<p style=\"text-align: justify;\">\n<p style=\"text-align: justify;\">Fonte: Diario de Pernambuco<\/p>\n","protected":false},"excerpt":{"rendered":"<p>Tamb\u00e9m anunciaram o Programa de Cuidados Farmac\u00eauticos, que beneficiar\u00e1 pacientes portadores de hepatite e artrite reumat\u00f3ide O Minist\u00e9rio da Sa\u00fade anunciou nesta quarta-feira (24) duas medidas que visam melhorar a qualidade e o acompanhamento dos servi\u00e7os farmac\u00eauticos oferecidos pelo Sistema \u00danico de Sa\u00fade (SUS). A primeira \u00e9 a inclus\u00e3o do profissional farmac\u00eautico no c\u00f3digo de [&hellip;]<\/p>\n","protected":false},"author":1,"featured_media":0,"comment_status":"open","ping_status":"open","sticky":false,"template":"","format":"standard","meta":{"ocean_post_layout":"","ocean_both_sidebars_style":"","ocean_both_sidebars_content_width":0,"ocean_both_sidebars_sidebars_width":0,"ocean_sidebar":"","ocean_second_sidebar":"","ocean_disable_margins":"enable","ocean_add_body_class":"","ocean_shortcode_before_top_bar":"","ocean_shortcode_after_top_bar":"","ocean_shortcode_before_header":"","ocean_shortcode_after_header":"","ocean_has_shortcode":"","ocean_shortcode_after_title":"","ocean_shortcode_before_footer_widgets":"","ocean_shortcode_after_footer_widgets":"","ocean_shortcode_before_footer_bottom":"","ocean_shortcode_after_footer_bottom":"","ocean_display_top_bar":"default","ocean_display_header":"default","ocean_header_style":"","ocean_center_header_left_menu":"","ocean_custom_header_template":"","ocean_custom_logo":0,"ocean_custom_retina_logo":0,"ocean_custom_logo_max_width":0,"ocean_custom_logo_tablet_max_width":0,"ocean_custom_logo_mobile_max_width":0,"ocean_custom_logo_max_height":0,"ocean_custom_logo_tablet_max_height":0,"ocean_custom_logo_mobile_max_height":0,"ocean_header_custom_menu":"","ocean_menu_typo_font_family":"","ocean_menu_typo_font_subset":"","ocean_menu_typo_font_size":0,"ocean_menu_typo_font_size_tablet":0,"ocean_menu_typo_font_size_mobile":0,"ocean_menu_typo_font_size_unit":"px","ocean_menu_typo_font_weight":"","ocean_menu_typo_font_weight_tablet":"","ocean_menu_typo_font_weight_mobile":"","ocean_menu_typo_transform":"","ocean_menu_typo_transform_tablet":"","ocean_menu_typo_transform_mobile":"","ocean_menu_typo_line_height":0,"ocean_menu_typo_line_height_tablet":0,"ocean_menu_typo_line_height_mobile":0,"ocean_menu_typo_line_height_unit":"","ocean_menu_typo_spacing":0,"ocean_menu_typo_spacing_tablet":0,"ocean_menu_typo_spacing_mobile":0,"ocean_menu_typo_spacing_unit":"","ocean_menu_link_color":"","ocean_menu_link_color_hover":"","ocean_menu_link_color_active":"","ocean_menu_link_background":"","ocean_menu_link_hover_background":"","ocean_menu_link_active_background":"","ocean_menu_social_links_bg":"","ocean_menu_social_hover_links_bg":"","ocean_menu_social_links_color":"","ocean_menu_social_hover_links_color":"","ocean_disable_title":"default","ocean_disable_heading":"default","ocean_post_title":"","ocean_post_subheading":"","ocean_post_title_style":"","ocean_post_title_background_color":"","ocean_post_title_background":0,"ocean_post_title_bg_image_position":"","ocean_post_title_bg_image_attachment":"","ocean_post_title_bg_image_repeat":"","ocean_post_title_bg_image_size":"","ocean_post_title_height":0,"ocean_post_title_bg_overlay":0.5,"ocean_post_title_bg_overlay_color":"","ocean_disable_breadcrumbs":"default","ocean_breadcrumbs_color":"","ocean_breadcrumbs_separator_color":"","ocean_breadcrumbs_links_color":"","ocean_breadcrumbs_links_hover_color":"","ocean_display_footer_widgets":"default","ocean_display_footer_bottom":"default","ocean_custom_footer_template":"","ocean_post_oembed":"","ocean_post_self_hosted_media":"","ocean_post_video_embed":"","ocean_link_format":"","ocean_link_format_target":"self","ocean_quote_format":"","ocean_quote_format_link":"post","ocean_gallery_link_images":"on","ocean_gallery_id":[]},"categories":[9],"tags":[],"acf":[],"_links":{"self":[{"href":"https:\/\/www.simepe.com.br\/novo\/wp-json\/wp\/v2\/posts\/43603"}],"collection":[{"href":"https:\/\/www.simepe.com.br\/novo\/wp-json\/wp\/v2\/posts"}],"about":[{"href":"https:\/\/www.simepe.com.br\/novo\/wp-json\/wp\/v2\/types\/post"}],"author":[{"embeddable":true,"href":"https:\/\/www.simepe.com.br\/novo\/wp-json\/wp\/v2\/users\/1"}],"replies":[{"embeddable":true,"href":"https:\/\/www.simepe.com.br\/novo\/wp-json\/wp\/v2\/comments?post=43603"}],"version-history":[{"count":1,"href":"https:\/\/www.simepe.com.br\/novo\/wp-json\/wp\/v2\/posts\/43603\/revisions"}],"predecessor-version":[{"id":43604,"href":"https:\/\/www.simepe.com.br\/novo\/wp-json\/wp\/v2\/posts\/43603\/revisions\/43604"}],"wp:attachment":[{"href":"https:\/\/www.simepe.com.br\/novo\/wp-json\/wp\/v2\/media?parent=43603"}],"wp:term":[{"taxonomy":"category","embeddable":true,"href":"https:\/\/www.simepe.com.br\/novo\/wp-json\/wp\/v2\/categories?post=43603"},{"taxonomy":"post_tag","embeddable":true,"href":"https:\/\/www.simepe.com.br\/novo\/wp-json\/wp\/v2\/tags?post=43603"}],"curies":[{"name":"wp","href":"https:\/\/api.w.org\/{rel}","templated":true}]}}