{"id":43605,"date":"2018-01-25T09:12:57","date_gmt":"2018-01-25T12:12:57","guid":{"rendered":"http:\/\/www.simepe.com.br\/novo\/?p=43605"},"modified":"2018-01-25T09:12:57","modified_gmt":"2018-01-25T12:12:57","slug":"ministerio-da-saude-alinha-estrategia-de-campanha-para-a-febre-amarela","status":"publish","type":"post","link":"https:\/\/www.simepe.com.br\/novo\/ministerio-da-saude-alinha-estrategia-de-campanha-para-a-febre-amarela\/","title":{"rendered":"Minist\u00e9rio da Sa\u00fade alinha estrat\u00e9gia de campanha para a febre amarela"},"content":{"rendered":"<p style=\"text-align: justify;\">Minist\u00e9rio da Sa\u00fade alinha estrat\u00e9gia de campanha para a febre amarela<\/p>\n<p style=\"text-align: justify;\">Campanha com dose fracionada come\u00e7a nesta quinta-feira (25) em S\u00e3o Paulo e Rio de Janeiro. Ministro Ricardo Barros participou de videoconfer\u00eancia com representantes estaduais e municipais<\/p>\n<p style=\"text-align: justify;\">O Minist\u00e9rio da Sa\u00fade realizou, nesta quarta-feira (24), videoconfer\u00eancia para tratar das estrat\u00e9gias programadas para o in\u00edcio da campanha da febre amarela com as secretarias estaduais e municipais de S\u00e3o Paulo, Rio de Janeiro e Bahia. A campanha com a dose fracionada come\u00e7a nesta quinta-feira (25) em munic\u00edpios de S\u00e3o Paulo e Rio de Janeiro. No estado da Bahia a data ser\u00e1 no dia 19 de fevereiro. O Minist\u00e9rio da Sa\u00fade tamb\u00e9m se reuniu nesta quarta-feira com a Organiza\u00e7\u00e3o Mundial de Sa\u00fade (OMS) para comunicar sobre as medidas tomadas pelo Brasil.<\/p>\n<p style=\"text-align: justify;\">Para o ministro da Sa\u00fade, Ricardo Barros, as a\u00e7\u00f5es do governo federal, estados e munic\u00edpios est\u00e3o em conson\u00e2ncia. \u201cAs tr\u00eas esferas de governo t\u00eam definido as estrat\u00e9gias de preven\u00e7\u00e3o e conten\u00e7\u00e3o da doen\u00e7a de forma alinhada. Essa unifica\u00e7\u00e3o das a\u00e7\u00f5es e troca de informa\u00e7\u00f5es entre os gestores \u00e9 essencial para tranquilizar a popula\u00e7\u00e3o e garantir a efetividade da campanha\u201d, destacou o ministro.<\/p>\n<p style=\"text-align: justify;\">Ao todo, 23,8 milh\u00f5es de pessoas dever\u00e3o ser vacinadas durante a campanha, nos 77 munic\u00edpios que adotar\u00e3o a estrat\u00e9gia de fracionamento. No estado de S\u00e3o Paulo, a expectativa \u00e9 vacinar cerca de 10,3 milh\u00f5es de pessoas, e no Rio de Janeiro um total de 10 milh\u00f5es. O estado da Bahia ter\u00e1 p\u00fablico-alvo de 3,3 milh\u00f5es de pessoas.<\/p>\n<p style=\"text-align: justify;\">Para auxiliar os estados e munic\u00edpios na vacina\u00e7\u00e3o, o Minist\u00e9rio da Sa\u00fade est\u00e1 repassando R$ 54 milh\u00f5es, para serem utilizados na estrutura\u00e7\u00e3o das campanhas. Desse total, j\u00e1 foram enviados R$ 15,8 milh\u00f5es para S\u00e3o Paulo e R$ 30 milh\u00f5es para Rio de Janeiro. Est\u00e1 em tr\u00e2mite a portaria que autorizar\u00e1 o repasse no valor de R$ 8,2 milh\u00f5es para o estado da Bahia.<\/p>\n<p style=\"text-align: justify;\">O secret\u00e1rio-executivo do Minist\u00e9rio da Sa\u00fade, Ant\u00f4nio Nardi, ressaltou a import\u00e2ncia de vacinar apenas a popula\u00e7\u00e3o que faz parte das \u00e1reas de recomenda\u00e7\u00e3o. \u201dPedimos \u00e0 popula\u00e7\u00e3o que tenha consci\u00eancia neste momento. A campanha foi definida estrategicamente para proteger as pessoas que atualmente est\u00e3o em \u00e1reas de maior risco de infec\u00e7\u00e3o pela doen\u00e7a. Esses locais foram definidos com base no monitoramento epidemiol\u00f3gico da febre amarela. Toda a popula\u00e7\u00e3o brasileira que mora em \u00e1reas com recomenda\u00e7\u00e3o tem a vacina garantida, durante todo o ano, nos postos de vacina\u00e7\u00e3o. Este \u00e9 o momento de vacinar um p\u00fablico espec\u00edfico, que mora ou frequenta lugares com circula\u00e7\u00e3o do v\u00edrus\u201d, explicou o secret\u00e1rio.<\/p>\n<p style=\"text-align: justify;\">A ado\u00e7\u00e3o do fracionamento das vacinas \u00e9 uma medida preventiva e recomendada pela OMS quando h\u00e1 aumento de epizootias e casos de febre amarela silvestre de forma intensa, com risco de expans\u00e3o da doen\u00e7a em cidades com elevado \u00edndice populacional. A dose fracionada tem apresentado a mesma prote\u00e7\u00e3o que a dose padr\u00e3o. Estudos em andamento j\u00e1 demonstraram prote\u00e7\u00e3o por pelo menos oito anos e novas pesquisas continuar\u00e3o a avaliar a prote\u00e7\u00e3o posterior a esse per\u00edodo.<\/p>\n<p style=\"text-align: justify;\">CASOS \u2013 Minist\u00e9rio da Sa\u00fade atualizou, nesta ter\u00e7a-feira (23), as informa\u00e7\u00f5es repassadas pelas secretarias estaduais de sa\u00fade sobre a situa\u00e7\u00e3o da febre amarela no pa\u00eds. No per\u00edodo de monitoramento (de 1\u00ba de julho\/2017 a 23 de janeiro de 2018), foram confirmados 130 casos de febre amarela no pa\u00eds, sendo que 53 vieram a \u00f3bito. Ao todo, foram notificados 601 casos suspeitos, sendo que 162 permanecem em investiga\u00e7\u00e3o e 309 foram descartados, neste per\u00edodo.<\/p>\n<p style=\"text-align: justify;\">No ano passado, de julho de 2016 at\u00e9 23 janeiro de 2017, eram 397 casos confirmados e 131 \u00f3bitos confirmados. Os informes de febre amarela seguem, desde o ano passado, a sazonalidade da doen\u00e7a, que acontece, em sua maioria, no ver\u00e3o. Dessa forma, o per\u00edodo para a an\u00e1lise considera de 1\u00ba de julho a 30 de junho de cada ano.<\/p>\n<p style=\"text-align: justify;\">O Minist\u00e9rio da Sa\u00fade, de 2017 at\u00e9 o momento, encaminhou \u00e0s Unidades da Federa\u00e7\u00e3o aproximadamente 57,4 milh\u00f5es de doses da vacina. Para os estados de S\u00e3o Paulo, Minas Gerais, Rio de Janeiro, Esp\u00edrito Santo e Bahia foram enviados cerca de 48,4 milh\u00f5es de doses da vacina febre amarela, com objetivo de intensificar as estrat\u00e9gias de vacina\u00e7\u00e3o de forma seletiva, sendo 18,3 milh\u00f5es (SP), 10,7 milh\u00f5es (MG), 12 milh\u00f5es (RJ), 3,7 milh\u00f5es (ES) e 3,7 milh\u00f5es (BA).<\/p>\n<p style=\"text-align: justify;\">\u00c9 importante informar que a febre amarela \u00e9 transmitida por meio de vetor (mosquitos dos g\u00eaneros Haemagogus e Sabethes no ambiente silvestre). O \u00faltimo caso de febre amarela urbana foi registrado no Brasil em 1942, e todos os casos confirmados desde ent\u00e3o decorrem do ciclo silvestre de transmiss\u00e3o.<\/p>\n<p style=\"text-align: justify;\"><strong>Distribui\u00e7\u00e3o dos casos de febre amarela notificados: 1\u00ba\/7\/2017 a 23\/01\/2018<\/strong><\/p>\n<div style=\"text-align: justify;\" align=\"center\">\n<table border=\"1\" width=\"675\" cellspacing=\"0\" cellpadding=\"8\">\n<tbody>\n<tr>\n<td valign=\"top\" width=\"98\"><strong>UF (LPI)*<\/strong><\/td>\n<td valign=\"top\" width=\"111\">\n<p align=\"center\"><strong>Notificados<\/strong><\/p>\n<\/td>\n<td valign=\"top\" width=\"119\">\n<p align=\"center\"><strong>Descartados<\/strong><\/p>\n<\/td>\n<td valign=\"top\" width=\"153\">\n<p align=\"center\"><strong>Em Investiga\u00e7\u00e3o<\/strong><\/p>\n<\/td>\n<td valign=\"top\" width=\"122\">\n<p align=\"center\"><strong>Confirmados<\/strong><\/p>\n<\/td>\n<td valign=\"top\" width=\"72\">\n<p align=\"center\"><strong>\u00d3bitos<\/strong><\/p>\n<\/td>\n<\/tr>\n<tr>\n<td valign=\"top\" width=\"98\">\n<p align=\"center\">AP<\/p>\n<\/td>\n<td valign=\"top\" width=\"111\">\n<p align=\"center\">2<\/p>\n<\/td>\n<td valign=\"top\" width=\"119\">\n<p align=\"center\">2<\/p>\n<\/td>\n<td valign=\"top\" width=\"153\">\n<p align=\"center\">&#8211;<\/p>\n<\/td>\n<td valign=\"top\" width=\"122\">\n<p align=\"center\">0<\/p>\n<\/td>\n<td valign=\"top\" width=\"72\">\n<p align=\"center\">&#8211;<\/p>\n<\/td>\n<\/tr>\n<tr>\n<td valign=\"top\" width=\"98\">\n<p align=\"center\">AM<\/p>\n<\/td>\n<td valign=\"top\" width=\"111\">\n<p align=\"center\">1<\/p>\n<\/td>\n<td valign=\"top\" width=\"119\">\n<p align=\"center\">1<\/p>\n<\/td>\n<td valign=\"top\" width=\"153\">\n<p align=\"center\">&#8211;<\/p>\n<\/td>\n<td valign=\"top\" width=\"122\">\n<p align=\"center\">0<\/p>\n<\/td>\n<td valign=\"top\" width=\"72\">\n<p align=\"center\">&#8211;<\/p>\n<\/td>\n<\/tr>\n<tr>\n<td valign=\"top\" width=\"98\">\n<p align=\"center\">PA<\/p>\n<\/td>\n<td valign=\"top\" width=\"111\">\n<p align=\"center\">18<\/p>\n<\/td>\n<td valign=\"top\" width=\"119\">\n<p align=\"center\">11<\/p>\n<\/td>\n<td valign=\"top\" width=\"153\">\n<p align=\"center\">7<\/p>\n<\/td>\n<td valign=\"top\" width=\"122\">\n<p align=\"center\">0<\/p>\n<\/td>\n<td valign=\"top\" width=\"72\">\n<p align=\"center\">&#8211;<\/p>\n<\/td>\n<\/tr>\n<tr>\n<td valign=\"top\" width=\"98\">\n<p align=\"center\">RO<\/p>\n<\/td>\n<td valign=\"top\" width=\"111\">\n<p align=\"center\">5<\/p>\n<\/td>\n<td valign=\"top\" width=\"119\">\n<p align=\"center\">5<\/p>\n<\/td>\n<td valign=\"top\" width=\"153\">\n<p align=\"center\">&#8211;<\/p>\n<\/td>\n<td valign=\"top\" width=\"122\">\n<p align=\"center\">0<\/p>\n<\/td>\n<td valign=\"top\" width=\"72\">\n<p align=\"center\">&#8211;<\/p>\n<\/td>\n<\/tr>\n<tr>\n<td valign=\"top\" width=\"98\">\n<p align=\"center\">RR<\/p>\n<\/td>\n<td valign=\"top\" width=\"111\">\n<p align=\"center\">2<\/p>\n<\/td>\n<td valign=\"top\" width=\"119\">\n<p align=\"center\">2<\/p>\n<\/td>\n<td valign=\"top\" width=\"153\">\n<p align=\"center\">&#8211;<\/p>\n<\/td>\n<td valign=\"top\" width=\"122\">\n<p align=\"center\">0<\/p>\n<\/td>\n<td valign=\"top\" width=\"72\">\n<p align=\"center\">&#8211;<\/p>\n<\/td>\n<\/tr>\n<tr>\n<td valign=\"top\" width=\"98\">\n<p align=\"center\">TO<\/p>\n<\/td>\n<td valign=\"top\" width=\"111\">\n<p align=\"center\">7<\/p>\n<\/td>\n<td valign=\"top\" width=\"119\">\n<p align=\"center\">6<\/p>\n<\/td>\n<td valign=\"top\" width=\"153\">\n<p align=\"center\">1<\/p>\n<\/td>\n<td valign=\"top\" width=\"122\">\n<p align=\"center\">0<\/p>\n<\/td>\n<td valign=\"top\" width=\"72\">\n<p align=\"center\">&#8211;<\/p>\n<\/td>\n<\/tr>\n<tr>\n<td valign=\"top\" width=\"98\">\n<p align=\"center\">BA<\/p>\n<\/td>\n<td valign=\"top\" width=\"111\">\n<p align=\"center\">11<\/p>\n<\/td>\n<td valign=\"top\" width=\"119\">\n<p align=\"center\">6<\/p>\n<\/td>\n<td valign=\"top\" width=\"153\">\n<p align=\"center\">5<\/p>\n<\/td>\n<td valign=\"top\" width=\"122\">\n<p align=\"center\">0<\/p>\n<\/td>\n<td valign=\"top\" width=\"72\">\n<p align=\"center\">&#8211;<\/p>\n<\/td>\n<\/tr>\n<tr>\n<td valign=\"top\" width=\"98\">\n<p align=\"center\">CE<\/p>\n<\/td>\n<td valign=\"top\" width=\"111\">\n<p align=\"center\">1<\/p>\n<\/td>\n<td valign=\"top\" width=\"119\">\n<p align=\"center\">1<\/p>\n<\/td>\n<td valign=\"top\" width=\"153\">\n<p align=\"center\">&#8211;<\/p>\n<\/td>\n<td valign=\"top\" width=\"122\">\n<p align=\"center\">0<\/p>\n<\/td>\n<td valign=\"top\" width=\"72\">\n<p align=\"center\">&#8211;<\/p>\n<\/td>\n<\/tr>\n<tr>\n<td valign=\"top\" width=\"98\">\n<p align=\"center\">MA<\/p>\n<\/td>\n<td valign=\"top\" width=\"111\">\n<p align=\"center\">1<\/p>\n<\/td>\n<td valign=\"top\" width=\"119\">\n<p align=\"center\">1<\/p>\n<\/td>\n<td valign=\"top\" width=\"153\">\n<p align=\"center\">&#8211;<\/p>\n<\/td>\n<td valign=\"top\" width=\"122\">\n<p align=\"center\">0<\/p>\n<\/td>\n<td valign=\"top\" width=\"72\">\n<p align=\"center\">&#8211;<\/p>\n<\/td>\n<\/tr>\n<tr>\n<td valign=\"top\" width=\"98\">\n<p align=\"center\">PE<\/p>\n<\/td>\n<td valign=\"top\" width=\"111\">\n<p align=\"center\">1<\/p>\n<\/td>\n<td valign=\"top\" width=\"119\">\n<p align=\"center\">0<\/p>\n<\/td>\n<td valign=\"top\" width=\"153\">\n<p align=\"center\">1<\/p>\n<\/td>\n<td valign=\"top\" width=\"122\">\n<p align=\"center\">0<\/p>\n<\/td>\n<td valign=\"top\" width=\"72\">\n<p align=\"center\">&#8211;<\/p>\n<\/td>\n<\/tr>\n<tr>\n<td valign=\"top\" width=\"98\">\n<p align=\"center\">PI<\/p>\n<\/td>\n<td valign=\"top\" width=\"111\">\n<p align=\"center\">3<\/p>\n<\/td>\n<td valign=\"top\" width=\"119\">\n<p align=\"center\">1<\/p>\n<\/td>\n<td valign=\"top\" width=\"153\">\n<p align=\"center\">2<\/p>\n<\/td>\n<td valign=\"top\" width=\"122\">\n<p align=\"center\">0<\/p>\n<\/td>\n<td valign=\"top\" width=\"72\">\n<p align=\"center\">&#8211;<\/p>\n<\/td>\n<\/tr>\n<tr>\n<td valign=\"top\" width=\"98\">\n<p align=\"center\">RN<\/p>\n<\/td>\n<td valign=\"top\" width=\"111\">\n<p align=\"center\">1<\/p>\n<\/td>\n<td valign=\"top\" width=\"119\">\n<p align=\"center\">0<\/p>\n<\/td>\n<td valign=\"top\" width=\"153\">\n<p align=\"center\">1<\/p>\n<\/td>\n<td valign=\"top\" width=\"122\">\n<p align=\"center\">0<\/p>\n<\/td>\n<td valign=\"top\" width=\"72\">\n<p align=\"center\">&#8211;<\/p>\n<\/td>\n<\/tr>\n<tr>\n<td valign=\"top\" width=\"98\">\n<p align=\"center\">DF<\/p>\n<\/td>\n<td valign=\"top\" width=\"111\">\n<p align=\"center\">22<\/p>\n<\/td>\n<td valign=\"top\" width=\"119\">\n<p align=\"center\">17<\/p>\n<\/td>\n<td valign=\"top\" width=\"153\">\n<p align=\"center\">4<\/p>\n<\/td>\n<td valign=\"top\" width=\"122\">\n<p align=\"center\">1<\/p>\n<\/td>\n<td valign=\"top\" width=\"72\">\n<p align=\"center\">1<\/p>\n<\/td>\n<\/tr>\n<tr>\n<td valign=\"top\" width=\"98\">\n<p align=\"center\">GO<\/p>\n<\/td>\n<td valign=\"top\" width=\"111\">\n<p align=\"center\">20<\/p>\n<\/td>\n<td valign=\"top\" width=\"119\">\n<p align=\"center\">14<\/p>\n<\/td>\n<td valign=\"top\" width=\"153\">\n<p align=\"center\">6<\/p>\n<\/td>\n<td valign=\"top\" width=\"122\">\n<p align=\"center\">0<\/p>\n<\/td>\n<td valign=\"top\" width=\"72\">\n<p align=\"center\">&#8211;<\/p>\n<\/td>\n<\/tr>\n<tr>\n<td valign=\"top\" width=\"98\">\n<p align=\"center\">MT<\/p>\n<\/td>\n<td valign=\"top\" width=\"111\">\n<p align=\"center\">1<\/p>\n<\/td>\n<td valign=\"top\" width=\"119\">\n<p align=\"center\">0<\/p>\n<\/td>\n<td valign=\"top\" width=\"153\">\n<p align=\"center\">1<\/p>\n<\/td>\n<td valign=\"top\" width=\"122\">\n<p align=\"center\">0<\/p>\n<\/td>\n<td valign=\"top\" width=\"72\">\n<p align=\"center\">&#8211;<\/p>\n<\/td>\n<\/tr>\n<tr>\n<td valign=\"top\" width=\"98\">\n<p align=\"center\">MS<\/p>\n<\/td>\n<td valign=\"top\" width=\"111\">\n<p align=\"center\">4<\/p>\n<\/td>\n<td valign=\"top\" width=\"119\">\n<p align=\"center\">3<\/p>\n<\/td>\n<td valign=\"top\" width=\"153\">\n<p align=\"center\">1<\/p>\n<\/td>\n<td valign=\"top\" width=\"122\">\n<p align=\"center\">0<\/p>\n<\/td>\n<td valign=\"top\" width=\"72\">\n<p align=\"center\">&#8211;<\/p>\n<\/td>\n<\/tr>\n<tr>\n<td valign=\"top\" width=\"98\">\n<p align=\"center\">ES<\/p>\n<\/td>\n<td valign=\"top\" width=\"111\">\n<p align=\"center\">53<\/p>\n<\/td>\n<td valign=\"top\" width=\"119\">\n<p align=\"center\">31<\/p>\n<\/td>\n<td valign=\"top\" width=\"153\">\n<p align=\"center\">22<\/p>\n<\/td>\n<td valign=\"top\" width=\"122\">\n<p align=\"center\">0<\/p>\n<\/td>\n<td valign=\"top\" width=\"72\">\n<p align=\"center\">&#8211;<\/p>\n<\/td>\n<\/tr>\n<tr>\n<td valign=\"top\" width=\"98\">\n<p align=\"center\">MG<\/p>\n<\/td>\n<td valign=\"top\" width=\"111\">\n<p align=\"center\">123<\/p>\n<\/td>\n<td valign=\"top\" width=\"119\">\n<p align=\"center\">55<\/p>\n<\/td>\n<td valign=\"top\" width=\"153\">\n<p align=\"center\">18<\/p>\n<\/td>\n<td valign=\"top\" width=\"122\">\n<p align=\"center\">50<\/p>\n<\/td>\n<td valign=\"top\" width=\"72\">\n<p align=\"center\">24<\/p>\n<\/td>\n<\/tr>\n<tr>\n<td valign=\"top\" width=\"98\">\n<p align=\"center\">RJ<\/p>\n<\/td>\n<td valign=\"top\" width=\"111\">\n<p align=\"center\">22<\/p>\n<\/td>\n<td valign=\"top\" width=\"119\">\n<p align=\"center\">3<\/p>\n<\/td>\n<td valign=\"top\" width=\"153\">\n<p align=\"center\">1<\/p>\n<\/td>\n<td valign=\"top\" width=\"122\">\n<p align=\"center\">18<\/p>\n<\/td>\n<td valign=\"top\" width=\"72\">\n<p align=\"center\">7<\/p>\n<\/td>\n<\/tr>\n<tr>\n<td valign=\"top\" width=\"98\">\n<p align=\"center\">SP<\/p>\n<\/td>\n<td valign=\"top\" width=\"111\">\n<p align=\"center\">277<\/p>\n<\/td>\n<td valign=\"top\" width=\"119\">\n<p align=\"center\">132<\/p>\n<\/td>\n<td valign=\"top\" width=\"153\">\n<p align=\"center\">84<\/p>\n<\/td>\n<td valign=\"top\" width=\"122\">\n<p align=\"center\">61<\/p>\n<\/td>\n<td valign=\"top\" width=\"72\">\n<p align=\"center\">21<\/p>\n<\/td>\n<\/tr>\n<tr>\n<td valign=\"top\" width=\"98\">\n<p align=\"center\">PR<\/p>\n<\/td>\n<td valign=\"top\" width=\"111\">\n<p align=\"center\">14<\/p>\n<\/td>\n<td valign=\"top\" width=\"119\">\n<p align=\"center\">13<\/p>\n<\/td>\n<td valign=\"top\" width=\"153\">\n<p align=\"center\">1<\/p>\n<\/td>\n<td valign=\"top\" width=\"122\">\n<p align=\"center\">0<\/p>\n<\/td>\n<td valign=\"top\" width=\"72\">\n<p align=\"center\">&#8211;<\/p>\n<\/td>\n<\/tr>\n<tr>\n<td valign=\"top\" width=\"98\">\n<p align=\"center\">RS<\/p>\n<\/td>\n<td valign=\"top\" width=\"111\">\n<p align=\"center\">7<\/p>\n<\/td>\n<td valign=\"top\" width=\"119\">\n<p align=\"center\">3<\/p>\n<\/td>\n<td valign=\"top\" width=\"153\">\n<p align=\"center\">4<\/p>\n<\/td>\n<td valign=\"top\" width=\"122\">\n<p align=\"center\">0<\/p>\n<\/td>\n<td valign=\"top\" width=\"72\">\n<p align=\"center\">&#8211;<\/p>\n<\/td>\n<\/tr>\n<tr>\n<td valign=\"top\" width=\"98\">\n<p align=\"center\">SC<\/p>\n<\/td>\n<td valign=\"top\" width=\"111\">\n<p align=\"center\">5<\/p>\n<\/td>\n<td valign=\"top\" width=\"119\">\n<p align=\"center\">2<\/p>\n<\/td>\n<td valign=\"top\" width=\"153\">\n<p align=\"center\">3<\/p>\n<\/td>\n<td valign=\"top\" width=\"122\">\n<p align=\"center\">0<\/p>\n<\/td>\n<td valign=\"top\" width=\"72\">\n<p align=\"center\">&#8211;<\/p>\n<\/td>\n<\/tr>\n<tr>\n<td valign=\"top\" width=\"98\">\n<p align=\"center\"><strong>Total<\/strong><\/p>\n<\/td>\n<td valign=\"top\" width=\"111\">\n<p align=\"center\"><strong>601<\/strong><\/p>\n<\/td>\n<td valign=\"top\" width=\"119\">\n<p align=\"center\"><strong>309<\/strong><\/p>\n<\/td>\n<td valign=\"top\" width=\"153\">\n<p align=\"center\"><strong>162<\/strong><\/p>\n<\/td>\n<td valign=\"top\" width=\"122\">\n<p align=\"center\"><strong>130<\/strong><\/p>\n<\/td>\n<td valign=\"top\" width=\"72\">\n<p align=\"center\"><strong>53<\/strong><\/p>\n<\/td>\n<\/tr>\n<\/tbody>\n<\/table>\n<\/div>\n<p style=\"text-align: justify;\"><em>Dados preliminares e sujeitos \u00e0 revis\u00e3o<\/em><br \/>\n<em>*LPI \u2013 Local Prov\u00e1vel de Infec\u00e7\u00e3o<\/em><\/p>\n<p style=\"text-align: justify;\">\n<p style=\"text-align: justify;\">Fonte: Assessoria de Comunica\u00e7\u00e3o do Minist\u00e9rio da Sa\u00fade<\/p>\n","protected":false},"excerpt":{"rendered":"<p>Minist\u00e9rio da Sa\u00fade alinha estrat\u00e9gia de campanha para a febre amarela Campanha com dose fracionada come\u00e7a nesta quinta-feira (25) em S\u00e3o Paulo e Rio de Janeiro. Ministro Ricardo Barros participou de videoconfer\u00eancia com representantes estaduais e municipais O Minist\u00e9rio da Sa\u00fade realizou, nesta quarta-feira (24), videoconfer\u00eancia para tratar das estrat\u00e9gias programadas para o in\u00edcio da [&hellip;]<\/p>\n","protected":false},"author":1,"featured_media":0,"comment_status":"open","ping_status":"open","sticky":false,"template":"","format":"standard","meta":{"ocean_post_layout":"","ocean_both_sidebars_style":"","ocean_both_sidebars_content_width":0,"ocean_both_sidebars_sidebars_width":0,"ocean_sidebar":"","ocean_second_sidebar":"","ocean_disable_margins":"enable","ocean_add_body_class":"","ocean_shortcode_before_top_bar":"","ocean_shortcode_after_top_bar":"","ocean_shortcode_before_header":"","ocean_shortcode_after_header":"","ocean_has_shortcode":"","ocean_shortcode_after_title":"","ocean_shortcode_before_footer_widgets":"","ocean_shortcode_after_footer_widgets":"","ocean_shortcode_before_footer_bottom":"","ocean_shortcode_after_footer_bottom":"","ocean_display_top_bar":"default","ocean_display_header":"default","ocean_header_style":"","ocean_center_header_left_menu":"","ocean_custom_header_template":"","ocean_custom_logo":0,"ocean_custom_retina_logo":0,"ocean_custom_logo_max_width":0,"ocean_custom_logo_tablet_max_width":0,"ocean_custom_logo_mobile_max_width":0,"ocean_custom_logo_max_height":0,"ocean_custom_logo_tablet_max_height":0,"ocean_custom_logo_mobile_max_height":0,"ocean_header_custom_menu":"","ocean_menu_typo_font_family":"","ocean_menu_typo_font_subset":"","ocean_menu_typo_font_size":0,"ocean_menu_typo_font_size_tablet":0,"ocean_menu_typo_font_size_mobile":0,"ocean_menu_typo_font_size_unit":"px","ocean_menu_typo_font_weight":"","ocean_menu_typo_font_weight_tablet":"","ocean_menu_typo_font_weight_mobile":"","ocean_menu_typo_transform":"","ocean_menu_typo_transform_tablet":"","ocean_menu_typo_transform_mobile":"","ocean_menu_typo_line_height":0,"ocean_menu_typo_line_height_tablet":0,"ocean_menu_typo_line_height_mobile":0,"ocean_menu_typo_line_height_unit":"","ocean_menu_typo_spacing":0,"ocean_menu_typo_spacing_tablet":0,"ocean_menu_typo_spacing_mobile":0,"ocean_menu_typo_spacing_unit":"","ocean_menu_link_color":"","ocean_menu_link_color_hover":"","ocean_menu_link_color_active":"","ocean_menu_link_background":"","ocean_menu_link_hover_background":"","ocean_menu_link_active_background":"","ocean_menu_social_links_bg":"","ocean_menu_social_hover_links_bg":"","ocean_menu_social_links_color":"","ocean_menu_social_hover_links_color":"","ocean_disable_title":"default","ocean_disable_heading":"default","ocean_post_title":"","ocean_post_subheading":"","ocean_post_title_style":"","ocean_post_title_background_color":"","ocean_post_title_background":0,"ocean_post_title_bg_image_position":"","ocean_post_title_bg_image_attachment":"","ocean_post_title_bg_image_repeat":"","ocean_post_title_bg_image_size":"","ocean_post_title_height":0,"ocean_post_title_bg_overlay":0.5,"ocean_post_title_bg_overlay_color":"","ocean_disable_breadcrumbs":"default","ocean_breadcrumbs_color":"","ocean_breadcrumbs_separator_color":"","ocean_breadcrumbs_links_color":"","ocean_breadcrumbs_links_hover_color":"","ocean_display_footer_widgets":"default","ocean_display_footer_bottom":"default","ocean_custom_footer_template":"","ocean_post_oembed":"","ocean_post_self_hosted_media":"","ocean_post_video_embed":"","ocean_link_format":"","ocean_link_format_target":"self","ocean_quote_format":"","ocean_quote_format_link":"post","ocean_gallery_link_images":"on","ocean_gallery_id":[]},"categories":[9],"tags":[],"acf":[],"_links":{"self":[{"href":"https:\/\/www.simepe.com.br\/novo\/wp-json\/wp\/v2\/posts\/43605"}],"collection":[{"href":"https:\/\/www.simepe.com.br\/novo\/wp-json\/wp\/v2\/posts"}],"about":[{"href":"https:\/\/www.simepe.com.br\/novo\/wp-json\/wp\/v2\/types\/post"}],"author":[{"embeddable":true,"href":"https:\/\/www.simepe.com.br\/novo\/wp-json\/wp\/v2\/users\/1"}],"replies":[{"embeddable":true,"href":"https:\/\/www.simepe.com.br\/novo\/wp-json\/wp\/v2\/comments?post=43605"}],"version-history":[{"count":1,"href":"https:\/\/www.simepe.com.br\/novo\/wp-json\/wp\/v2\/posts\/43605\/revisions"}],"predecessor-version":[{"id":43606,"href":"https:\/\/www.simepe.com.br\/novo\/wp-json\/wp\/v2\/posts\/43605\/revisions\/43606"}],"wp:attachment":[{"href":"https:\/\/www.simepe.com.br\/novo\/wp-json\/wp\/v2\/media?parent=43605"}],"wp:term":[{"taxonomy":"category","embeddable":true,"href":"https:\/\/www.simepe.com.br\/novo\/wp-json\/wp\/v2\/categories?post=43605"},{"taxonomy":"post_tag","embeddable":true,"href":"https:\/\/www.simepe.com.br\/novo\/wp-json\/wp\/v2\/tags?post=43605"}],"curies":[{"name":"wp","href":"https:\/\/api.w.org\/{rel}","templated":true}]}}