{"id":43609,"date":"2018-01-25T09:25:31","date_gmt":"2018-01-25T12:25:31","guid":{"rendered":"http:\/\/www.simepe.com.br\/novo\/?p=43609"},"modified":"2018-01-25T09:25:31","modified_gmt":"2018-01-25T12:25:31","slug":"governo-de-sao-paulo-reconhece-surto-de-febre-amarela","status":"publish","type":"post","link":"https:\/\/www.simepe.com.br\/novo\/governo-de-sao-paulo-reconhece-surto-de-febre-amarela\/","title":{"rendered":"Governo de S\u00e3o Paulo reconhece surto de febre amarela"},"content":{"rendered":"<p style=\"text-align: justify;\">Desde dezembro, o estado apresenta 58 casos, dos quais 28 foram letais<\/p>\n<p style=\"text-align: justify;\">As autoridades do estado de S\u00e3o Paulo tentam conter uma onda de p\u00e2nico diante do surto de febre amarela, que, desde o in\u00edcio do ver\u00e3o, multiplica os casos de uma doen\u00e7a frequentemente letal.<\/p>\n<p style=\"text-align: justify;\">&#8220;N\u00e3o h\u00e1 d\u00favida de que existe um surto de febre amarela em S\u00e3o Paulo&#8221;, reconheceu na ter\u00e7a-feira o coordenador da Coordenadoria de Controle de Doen\u00e7as (CCD) da Secretaria de Estado de Sa\u00fade de S\u00e3o Paulo, Marcos Boulos.<\/p>\n<p style=\"text-align: justify;\">Desde dezembro, S\u00e3o Paulo registrou 58 casos de febre amarela, 28 deles letais, contra 53 casos e 16 mortes nos primeiros onze meses do ano.<\/p>\n<p style=\"text-align: justify;\">\u00c9 uma situa\u00e7\u00e3o &#8220;nunca antes vista&#8221;, com casos diagnosticados em locais pr\u00f3ximos a centros urbanos. &#8220;\u00c9 uma situa\u00e7\u00e3o imprevista, que tem causado grandes danos \u00e0 popula\u00e7\u00e3o&#8221;, disse Boulos em entrevista por telefone.<\/p>\n<p style=\"text-align: justify;\"><strong>N\u00fameros<\/strong><\/p>\n<p style=\"text-align: justify;\">\nOutras regi\u00f5es, principalmente o sudeste, tamb\u00e9m acenderam os alarmes. Em Minas Gerais, 25 pessoas morreram entre julho de 2017 e 23 em janeiro; e no Rio de Janeiro, com 15 casos at\u00e9 segunda-feira, foram registradas sete mortes em 2018.<\/p>\n<p style=\"text-align: justify;\">O ministro da Sa\u00fade Ricardo Barros garante, no entanto, que ainda n\u00e3o se pode falar de &#8220;surto&#8221;, definido por especialistas como um aumento nos casos superior ao esperado em um determinado per\u00edodo.<\/p>\n<p style=\"text-align: justify;\">\n&#8220;Ainda n\u00e3o d\u00e1 para falar de surto. A cada ano, nesta \u00e9poca, surgem casos de febre amarela&#8221;, disse Barros \u00e0 AFP por telefone.<\/p>\n<p style=\"text-align: justify;\">Apesar da diferen\u00e7a de defini\u00e7\u00f5es, Boulos e Barros dizem que n\u00e3o h\u00e1 motivo para entrar em p\u00e2nico.<\/p>\n<p style=\"text-align: justify;\">&#8220;As pessoas acreditam que podem contrair o v\u00edrus independentemente de onde vivem e se est\u00e3o expostas a riscos&#8221;, ressalta o coordenador do controle de doen\u00e7as.<\/p>\n<p style=\"text-align: justify;\">&#8220;N\u00e3o conseguimos transmitir a mensagem de que a doen\u00e7a \u00e9 silvestre. N\u00e3o pode contrair a doen\u00e7a que n\u00e3o vai a zonas florestais&#8221;, acrescentou, descartando a possibilidade de transmiss\u00e3o urbana do v\u00edrus, apesar do fato de que dezenas de casos foram registrados em novas \u00e1reas.<\/p>\n<p style=\"text-align: justify;\">De acordo com Boulos, foi precisamente o p\u00e2nico generalizado que causou uma escassez de vacinas no estado de S\u00e3o Paulo, declarado na semana passada pela \u00e1rea da Organiza\u00e7\u00e3o Mundial da Sa\u00fade (OMS) zona de risco de transmiss\u00e3o da febre amarela.<\/p>\n<p style=\"text-align: justify;\">Em plena f\u00e9rias escolares e com milhares de visitantes por m\u00eas, o Jardim Bot\u00e2nico e dois parques zool\u00f3gicos de S\u00e3o Paulo fecharam suas portas na ter\u00e7a-feira, depois que um macaco foi encontrado morto por causa do v\u00edrus.<\/p>\n<p style=\"text-align: justify;\">\n<p style=\"text-align: justify;\">Fonte: Jornal do Commercio<\/p>\n","protected":false},"excerpt":{"rendered":"<p>Desde dezembro, o estado apresenta 58 casos, dos quais 28 foram letais As autoridades do estado de S\u00e3o Paulo tentam conter uma onda de p\u00e2nico diante do surto de febre amarela, que, desde o in\u00edcio do ver\u00e3o, multiplica os casos de uma doen\u00e7a frequentemente letal. &#8220;N\u00e3o h\u00e1 d\u00favida de que existe um surto de febre [&hellip;]<\/p>\n","protected":false},"author":1,"featured_media":0,"comment_status":"open","ping_status":"open","sticky":false,"template":"","format":"standard","meta":{"ocean_post_layout":"","ocean_both_sidebars_style":"","ocean_both_sidebars_content_width":0,"ocean_both_sidebars_sidebars_width":0,"ocean_sidebar":"","ocean_second_sidebar":"","ocean_disable_margins":"enable","ocean_add_body_class":"","ocean_shortcode_before_top_bar":"","ocean_shortcode_after_top_bar":"","ocean_shortcode_before_header":"","ocean_shortcode_after_header":"","ocean_has_shortcode":"","ocean_shortcode_after_title":"","ocean_shortcode_before_footer_widgets":"","ocean_shortcode_after_footer_widgets":"","ocean_shortcode_before_footer_bottom":"","ocean_shortcode_after_footer_bottom":"","ocean_display_top_bar":"default","ocean_display_header":"default","ocean_header_style":"","ocean_center_header_left_menu":"","ocean_custom_header_template":"","ocean_custom_logo":0,"ocean_custom_retina_logo":0,"ocean_custom_logo_max_width":0,"ocean_custom_logo_tablet_max_width":0,"ocean_custom_logo_mobile_max_width":0,"ocean_custom_logo_max_height":0,"ocean_custom_logo_tablet_max_height":0,"ocean_custom_logo_mobile_max_height":0,"ocean_header_custom_menu":"","ocean_menu_typo_font_family":"","ocean_menu_typo_font_subset":"","ocean_menu_typo_font_size":0,"ocean_menu_typo_font_size_tablet":0,"ocean_menu_typo_font_size_mobile":0,"ocean_menu_typo_font_size_unit":"px","ocean_menu_typo_font_weight":"","ocean_menu_typo_font_weight_tablet":"","ocean_menu_typo_font_weight_mobile":"","ocean_menu_typo_transform":"","ocean_menu_typo_transform_tablet":"","ocean_menu_typo_transform_mobile":"","ocean_menu_typo_line_height":0,"ocean_menu_typo_line_height_tablet":0,"ocean_menu_typo_line_height_mobile":0,"ocean_menu_typo_line_height_unit":"","ocean_menu_typo_spacing":0,"ocean_menu_typo_spacing_tablet":0,"ocean_menu_typo_spacing_mobile":0,"ocean_menu_typo_spacing_unit":"","ocean_menu_link_color":"","ocean_menu_link_color_hover":"","ocean_menu_link_color_active":"","ocean_menu_link_background":"","ocean_menu_link_hover_background":"","ocean_menu_link_active_background":"","ocean_menu_social_links_bg":"","ocean_menu_social_hover_links_bg":"","ocean_menu_social_links_color":"","ocean_menu_social_hover_links_color":"","ocean_disable_title":"default","ocean_disable_heading":"default","ocean_post_title":"","ocean_post_subheading":"","ocean_post_title_style":"","ocean_post_title_background_color":"","ocean_post_title_background":0,"ocean_post_title_bg_image_position":"","ocean_post_title_bg_image_attachment":"","ocean_post_title_bg_image_repeat":"","ocean_post_title_bg_image_size":"","ocean_post_title_height":0,"ocean_post_title_bg_overlay":0.5,"ocean_post_title_bg_overlay_color":"","ocean_disable_breadcrumbs":"default","ocean_breadcrumbs_color":"","ocean_breadcrumbs_separator_color":"","ocean_breadcrumbs_links_color":"","ocean_breadcrumbs_links_hover_color":"","ocean_display_footer_widgets":"default","ocean_display_footer_bottom":"default","ocean_custom_footer_template":"","ocean_post_oembed":"","ocean_post_self_hosted_media":"","ocean_post_video_embed":"","ocean_link_format":"","ocean_link_format_target":"self","ocean_quote_format":"","ocean_quote_format_link":"post","ocean_gallery_link_images":"on","ocean_gallery_id":[]},"categories":[9],"tags":[],"acf":[],"_links":{"self":[{"href":"https:\/\/www.simepe.com.br\/novo\/wp-json\/wp\/v2\/posts\/43609"}],"collection":[{"href":"https:\/\/www.simepe.com.br\/novo\/wp-json\/wp\/v2\/posts"}],"about":[{"href":"https:\/\/www.simepe.com.br\/novo\/wp-json\/wp\/v2\/types\/post"}],"author":[{"embeddable":true,"href":"https:\/\/www.simepe.com.br\/novo\/wp-json\/wp\/v2\/users\/1"}],"replies":[{"embeddable":true,"href":"https:\/\/www.simepe.com.br\/novo\/wp-json\/wp\/v2\/comments?post=43609"}],"version-history":[{"count":1,"href":"https:\/\/www.simepe.com.br\/novo\/wp-json\/wp\/v2\/posts\/43609\/revisions"}],"predecessor-version":[{"id":43610,"href":"https:\/\/www.simepe.com.br\/novo\/wp-json\/wp\/v2\/posts\/43609\/revisions\/43610"}],"wp:attachment":[{"href":"https:\/\/www.simepe.com.br\/novo\/wp-json\/wp\/v2\/media?parent=43609"}],"wp:term":[{"taxonomy":"category","embeddable":true,"href":"https:\/\/www.simepe.com.br\/novo\/wp-json\/wp\/v2\/categories?post=43609"},{"taxonomy":"post_tag","embeddable":true,"href":"https:\/\/www.simepe.com.br\/novo\/wp-json\/wp\/v2\/tags?post=43609"}],"curies":[{"name":"wp","href":"https:\/\/api.w.org\/{rel}","templated":true}]}}