{"id":43614,"date":"2018-01-25T09:44:51","date_gmt":"2018-01-25T12:44:51","guid":{"rendered":"http:\/\/www.simepe.com.br\/novo\/?p=43614"},"modified":"2018-01-25T09:44:51","modified_gmt":"2018-01-25T12:44:51","slug":"entidade-internacional-alerta-para-alta-da-febre-amarela-no-brasil","status":"publish","type":"post","link":"https:\/\/www.simepe.com.br\/novo\/entidade-internacional-alerta-para-alta-da-febre-amarela-no-brasil\/","title":{"rendered":"Entidade internacional alerta para alta da febre amarela no Brasil"},"content":{"rendered":"<p style=\"text-align: justify;\">Organiza\u00e7\u00e3o Panamericana de Sa\u00fade (Opas) divulga informe destacando o risco de surto se expandir no Pa\u00eds e admitindo que h\u00e1 limita\u00e7\u00e3o de vacinas para toda a popula\u00e7\u00e3o<\/p>\n<p style=\"text-align: justify;\">\n<strong>GENEBRA<\/strong> &#8211; Informe divulgado neste fim de semana pela Organiza\u00e7\u00e3o Panamericana de Sa\u00fade (Opas), bra\u00e7o regional da Organiza\u00e7\u00e3o Mundial da Sa\u00fade (OMS), destaca o crescimento da febre amarela no Brasil, alerta para o risco de o surto no Pa\u00eds se expandir e admite que h\u00e1 limita\u00e7\u00e3o de vacinas para proteger toda a popula\u00e7\u00e3o.<\/p>\n<p>No documento, a Opas afirma que a Am\u00e9rica Latina registra desde 2016 o maior n\u00famero de casos da doen\u00e7a em d\u00e9cadas. Segundo a organiza\u00e7\u00e3o, entre janeiro de 2016 e dezembro de 2017, sete pa\u00edses das Am\u00e9ricas registraram casos: Bol\u00edvia, Brasil, Col\u00f4mbia, Equador, Guiana Francesa, Peru e Suriname. &#8220;O n\u00famero de casos humanos registrado nesse per\u00edodo nas Am\u00e9ricas \u00e9 o maior alto observado em d\u00e9cadas&#8221;, diz o informe, sem detalhar. &#8220;O aumento observado tem rela\u00e7\u00e3o com um ecossistema favor\u00e1vel \u00e0 dissemina\u00e7\u00e3o do v\u00edrus, assim como uma popula\u00e7\u00e3o n\u00e3o imunizada.&#8221;<\/p>\n<p style=\"text-align: justify;\">Mas, desde 13 de dezembro de 2017, apenas o Brasil registrou novos casos na regi\u00e3o. De acordo com a Opas, foram confirmados 777 casos de febre amarela entre o segundo semestre de 2016 e junho de 2017, com 261 mortes. Depois disso, por\u00e9m, o Pa\u00eds viveu uma fase de baixa transmiss\u00e3o.<\/p>\n<p>O que surpreendeu a entidade foi que, entre julho de 2017 e a primeira semana de 2018, um total de 2.296 casos suspeitos entre animais foram observados no Pa\u00eds, sendo que 358 foram confirmados. O Estado de S\u00e3o Paulo registrou o maior n\u00famero (322); Minas teve 32 e o Rio, apenas 3.<\/p>\n<p>&#8220;A ocorr\u00eancia de epizo\u00f3ticos (casos entre animais) confirmados em Minas Gerais e S\u00e3o Paulo nas mesmas \u00e1reas afetadas pelo surto de 2016 e 2017 sugere a persist\u00eancia do risco de ocorr\u00eancia de casos humanos&#8221;, alertou a Opas.<\/p>\n<p>De acordo com a entidade, casos foram registrados em &#8220;locais que eram considerados anteriormente como sendo de baixo risco de febre amarela&#8221;. Tamb\u00e9m chamou a aten\u00e7\u00e3o a ocorr\u00eancia da doen\u00e7a no Estado de S\u00e3o Paulo, &#8220;inclusive durante meses com baixas temperaturas e condi\u00e7\u00f5es clim\u00e1ticas n\u00e3o favor\u00e1veis \u00e0 transmiss\u00e3o&#8221;.<\/p>\n<p>A Opas ainda faz uma advert\u00eancia regional, diante do quadro brasileiro, seguido pelo aparecimento da doen\u00e7a na Argentina e no Paraguai: &#8220;\u00c9 necess\u00e1rio monitorar de perto a situa\u00e7\u00e3o da febre amarela no Sul e Sudeste do Brasil&#8221;.<\/p>\n<p>Vacina\u00e7\u00e3o. O documento da ag\u00eancia tamb\u00e9m retrata a situa\u00e7\u00e3o da vacina\u00e7\u00e3o na regi\u00e3o. &#8220;Diante da limita\u00e7\u00e3o na disponibilidade de vacinas e com o objetivo de promover seu uso racional&#8221;, \u00e9 recomenda\u00e7\u00e3o \u00e9 para que pelo menos 95% da popula\u00e7\u00e3o residente seja vacinada. No entanto, &#8220;pa\u00edses que n\u00e3o estejam experimentando surtos n\u00e3o devem conduzir campanhas de imuniza\u00e7\u00e3o&#8221;.<\/p>\n<p style=\"text-align: justify;\">\n<p style=\"text-align: justify;\">Fonte: Assessoria de Comunica\u00e7\u00e3o do Sindicato dos M\u00e9dicos da Para\u00edba<\/p>\n","protected":false},"excerpt":{"rendered":"<p>Organiza\u00e7\u00e3o Panamericana de Sa\u00fade (Opas) divulga informe destacando o risco de surto se expandir no Pa\u00eds e admitindo que h\u00e1 limita\u00e7\u00e3o de vacinas para toda a popula\u00e7\u00e3o GENEBRA &#8211; Informe divulgado neste fim de semana pela Organiza\u00e7\u00e3o Panamericana de Sa\u00fade (Opas), bra\u00e7o regional da Organiza\u00e7\u00e3o Mundial da Sa\u00fade (OMS), destaca o crescimento da febre amarela [&hellip;]<\/p>\n","protected":false},"author":1,"featured_media":43615,"comment_status":"open","ping_status":"open","sticky":false,"template":"","format":"standard","meta":{"ocean_post_layout":"","ocean_both_sidebars_style":"","ocean_both_sidebars_content_width":0,"ocean_both_sidebars_sidebars_width":0,"ocean_sidebar":"","ocean_second_sidebar":"","ocean_disable_margins":"enable","ocean_add_body_class":"","ocean_shortcode_before_top_bar":"","ocean_shortcode_after_top_bar":"","ocean_shortcode_before_header":"","ocean_shortcode_after_header":"","ocean_has_shortcode":"","ocean_shortcode_after_title":"","ocean_shortcode_before_footer_widgets":"","ocean_shortcode_after_footer_widgets":"","ocean_shortcode_before_footer_bottom":"","ocean_shortcode_after_footer_bottom":"","ocean_display_top_bar":"default","ocean_display_header":"default","ocean_header_style":"","ocean_center_header_left_menu":"","ocean_custom_header_template":"","ocean_custom_logo":0,"ocean_custom_retina_logo":0,"ocean_custom_logo_max_width":0,"ocean_custom_logo_tablet_max_width":0,"ocean_custom_logo_mobile_max_width":0,"ocean_custom_logo_max_height":0,"ocean_custom_logo_tablet_max_height":0,"ocean_custom_logo_mobile_max_height":0,"ocean_header_custom_menu":"","ocean_menu_typo_font_family":"","ocean_menu_typo_font_subset":"","ocean_menu_typo_font_size":0,"ocean_menu_typo_font_size_tablet":0,"ocean_menu_typo_font_size_mobile":0,"ocean_menu_typo_font_size_unit":"px","ocean_menu_typo_font_weight":"","ocean_menu_typo_font_weight_tablet":"","ocean_menu_typo_font_weight_mobile":"","ocean_menu_typo_transform":"","ocean_menu_typo_transform_tablet":"","ocean_menu_typo_transform_mobile":"","ocean_menu_typo_line_height":0,"ocean_menu_typo_line_height_tablet":0,"ocean_menu_typo_line_height_mobile":0,"ocean_menu_typo_line_height_unit":"","ocean_menu_typo_spacing":0,"ocean_menu_typo_spacing_tablet":0,"ocean_menu_typo_spacing_mobile":0,"ocean_menu_typo_spacing_unit":"","ocean_menu_link_color":"","ocean_menu_link_color_hover":"","ocean_menu_link_color_active":"","ocean_menu_link_background":"","ocean_menu_link_hover_background":"","ocean_menu_link_active_background":"","ocean_menu_social_links_bg":"","ocean_menu_social_hover_links_bg":"","ocean_menu_social_links_color":"","ocean_menu_social_hover_links_color":"","ocean_disable_title":"default","ocean_disable_heading":"default","ocean_post_title":"","ocean_post_subheading":"","ocean_post_title_style":"","ocean_post_title_background_color":"","ocean_post_title_background":0,"ocean_post_title_bg_image_position":"","ocean_post_title_bg_image_attachment":"","ocean_post_title_bg_image_repeat":"","ocean_post_title_bg_image_size":"","ocean_post_title_height":0,"ocean_post_title_bg_overlay":0.5,"ocean_post_title_bg_overlay_color":"","ocean_disable_breadcrumbs":"default","ocean_breadcrumbs_color":"","ocean_breadcrumbs_separator_color":"","ocean_breadcrumbs_links_color":"","ocean_breadcrumbs_links_hover_color":"","ocean_display_footer_widgets":"default","ocean_display_footer_bottom":"default","ocean_custom_footer_template":"","ocean_post_oembed":"","ocean_post_self_hosted_media":"","ocean_post_video_embed":"","ocean_link_format":"","ocean_link_format_target":"self","ocean_quote_format":"","ocean_quote_format_link":"post","ocean_gallery_link_images":"on","ocean_gallery_id":[]},"categories":[1],"tags":[],"acf":[],"_links":{"self":[{"href":"https:\/\/www.simepe.com.br\/novo\/wp-json\/wp\/v2\/posts\/43614"}],"collection":[{"href":"https:\/\/www.simepe.com.br\/novo\/wp-json\/wp\/v2\/posts"}],"about":[{"href":"https:\/\/www.simepe.com.br\/novo\/wp-json\/wp\/v2\/types\/post"}],"author":[{"embeddable":true,"href":"https:\/\/www.simepe.com.br\/novo\/wp-json\/wp\/v2\/users\/1"}],"replies":[{"embeddable":true,"href":"https:\/\/www.simepe.com.br\/novo\/wp-json\/wp\/v2\/comments?post=43614"}],"version-history":[{"count":1,"href":"https:\/\/www.simepe.com.br\/novo\/wp-json\/wp\/v2\/posts\/43614\/revisions"}],"predecessor-version":[{"id":43616,"href":"https:\/\/www.simepe.com.br\/novo\/wp-json\/wp\/v2\/posts\/43614\/revisions\/43616"}],"wp:featuredmedia":[{"embeddable":true,"href":"https:\/\/www.simepe.com.br\/novo\/wp-json\/wp\/v2\/media\/43615"}],"wp:attachment":[{"href":"https:\/\/www.simepe.com.br\/novo\/wp-json\/wp\/v2\/media?parent=43614"}],"wp:term":[{"taxonomy":"category","embeddable":true,"href":"https:\/\/www.simepe.com.br\/novo\/wp-json\/wp\/v2\/categories?post=43614"},{"taxonomy":"post_tag","embeddable":true,"href":"https:\/\/www.simepe.com.br\/novo\/wp-json\/wp\/v2\/tags?post=43614"}],"curies":[{"name":"wp","href":"https:\/\/api.w.org\/{rel}","templated":true}]}}