{"id":43618,"date":"2018-01-25T09:47:46","date_gmt":"2018-01-25T12:47:46","guid":{"rendered":"http:\/\/www.simepe.com.br\/novo\/?p=43618"},"modified":"2018-01-25T09:47:46","modified_gmt":"2018-01-25T12:47:46","slug":"medicos-da-prefeitura-de-poa-organizam-paralisacao-no-dia-26","status":"publish","type":"post","link":"https:\/\/www.simepe.com.br\/novo\/medicos-da-prefeitura-de-poa-organizam-paralisacao-no-dia-26\/","title":{"rendered":"M\u00e9dicos da prefeitura de Po\u00e1 organizam paralisa\u00e7\u00e3o no dia 26"},"content":{"rendered":"<p style=\"text-align: justify;\">Na pr\u00f3xima sexta-feira, 26, est\u00e1 marcada uma paralisa\u00e7\u00e3o e ato dos m\u00e9dicos da prefeitura de Po\u00e1 para lutar contra a grave crise que a sa\u00fade p\u00fablica da cidade enfrenta. O prefeito Gian Lopes, que termina o mandato s\u00f3 em 2020, j\u00e1 aprovou a redu\u00e7\u00e3o de 20% do pagamento dos m\u00e9dicos, em dezembro, e a demiss\u00e3o de aproximadamente 30 profissionais com um Projeto de Lei (PL) que pro\u00edbe os profissionais aposentados de continuarem exercendo suas fun\u00e7\u00f5es. Al\u00e9m disso tamb\u00e9m foi fechado o pronto-socorro de pediatria do Hospital Municipal Guido Guida e demais servi\u00e7os. O ato ter\u00e1 in\u00edcio \u00e0s 9h15, e os atendimentos de urg\u00eancia e emerg\u00eancia ser\u00e3o mantidos.<\/p>\n<p style=\"text-align: justify;\">O Sindicato dos M\u00e9dicos de S\u00e3o Paulo (Simesp), tentou por in\u00fameras vezes estabelecer um di\u00e1logo com o prefeito da cidade, mas n\u00e3o foi atendido. A \u00faltima tentativa era uma reuni\u00e3o agendada para o dia da paralisa\u00e7\u00e3o, entre o presidente do Simesp, Eder Gatti e Lopes, que foi cancelada. \u201cO que o prefeito est\u00e1 fazendo \u00e9 um verdadeiro sucateamento da sa\u00fade p\u00fablica de Po\u00e1 e faz isso na inten\u00e7\u00e3o de terceirizar os servi\u00e7os. Diante dessa quest\u00e3o, os m\u00e9dicos est\u00e3o unidos na luta pela sa\u00fade p\u00fablica de Po\u00e1 e pedem o apoio da popula\u00e7\u00e3o.\u201d, conta Gatti.<\/p>\n<p style=\"text-align: justify;\">\n<p style=\"text-align: justify;\">Fonte: Assessoria de Comunica\u00e7\u00e3o do Sindicato dos M\u00e9dicos (Simesp)<\/p>\n","protected":false},"excerpt":{"rendered":"<p>Na pr\u00f3xima sexta-feira, 26, est\u00e1 marcada uma paralisa\u00e7\u00e3o e ato dos m\u00e9dicos da prefeitura de Po\u00e1 para lutar contra a grave crise que a sa\u00fade p\u00fablica da cidade enfrenta. O prefeito Gian Lopes, que termina o mandato s\u00f3 em 2020, j\u00e1 aprovou a redu\u00e7\u00e3o de 20% do pagamento dos m\u00e9dicos, em dezembro, e a demiss\u00e3o [&hellip;]<\/p>\n","protected":false},"author":1,"featured_media":0,"comment_status":"open","ping_status":"open","sticky":false,"template":"","format":"standard","meta":{"ocean_post_layout":"","ocean_both_sidebars_style":"","ocean_both_sidebars_content_width":0,"ocean_both_sidebars_sidebars_width":0,"ocean_sidebar":"","ocean_second_sidebar":"","ocean_disable_margins":"enable","ocean_add_body_class":"","ocean_shortcode_before_top_bar":"","ocean_shortcode_after_top_bar":"","ocean_shortcode_before_header":"","ocean_shortcode_after_header":"","ocean_has_shortcode":"","ocean_shortcode_after_title":"","ocean_shortcode_before_footer_widgets":"","ocean_shortcode_after_footer_widgets":"","ocean_shortcode_before_footer_bottom":"","ocean_shortcode_after_footer_bottom":"","ocean_display_top_bar":"default","ocean_display_header":"default","ocean_header_style":"","ocean_center_header_left_menu":"","ocean_custom_header_template":"","ocean_custom_logo":0,"ocean_custom_retina_logo":0,"ocean_custom_logo_max_width":0,"ocean_custom_logo_tablet_max_width":0,"ocean_custom_logo_mobile_max_width":0,"ocean_custom_logo_max_height":0,"ocean_custom_logo_tablet_max_height":0,"ocean_custom_logo_mobile_max_height":0,"ocean_header_custom_menu":"","ocean_menu_typo_font_family":"","ocean_menu_typo_font_subset":"","ocean_menu_typo_font_size":0,"ocean_menu_typo_font_size_tablet":0,"ocean_menu_typo_font_size_mobile":0,"ocean_menu_typo_font_size_unit":"px","ocean_menu_typo_font_weight":"","ocean_menu_typo_font_weight_tablet":"","ocean_menu_typo_font_weight_mobile":"","ocean_menu_typo_transform":"","ocean_menu_typo_transform_tablet":"","ocean_menu_typo_transform_mobile":"","ocean_menu_typo_line_height":0,"ocean_menu_typo_line_height_tablet":0,"ocean_menu_typo_line_height_mobile":0,"ocean_menu_typo_line_height_unit":"","ocean_menu_typo_spacing":0,"ocean_menu_typo_spacing_tablet":0,"ocean_menu_typo_spacing_mobile":0,"ocean_menu_typo_spacing_unit":"","ocean_menu_link_color":"","ocean_menu_link_color_hover":"","ocean_menu_link_color_active":"","ocean_menu_link_background":"","ocean_menu_link_hover_background":"","ocean_menu_link_active_background":"","ocean_menu_social_links_bg":"","ocean_menu_social_hover_links_bg":"","ocean_menu_social_links_color":"","ocean_menu_social_hover_links_color":"","ocean_disable_title":"default","ocean_disable_heading":"default","ocean_post_title":"","ocean_post_subheading":"","ocean_post_title_style":"","ocean_post_title_background_color":"","ocean_post_title_background":0,"ocean_post_title_bg_image_position":"","ocean_post_title_bg_image_attachment":"","ocean_post_title_bg_image_repeat":"","ocean_post_title_bg_image_size":"","ocean_post_title_height":0,"ocean_post_title_bg_overlay":0.5,"ocean_post_title_bg_overlay_color":"","ocean_disable_breadcrumbs":"default","ocean_breadcrumbs_color":"","ocean_breadcrumbs_separator_color":"","ocean_breadcrumbs_links_color":"","ocean_breadcrumbs_links_hover_color":"","ocean_display_footer_widgets":"default","ocean_display_footer_bottom":"default","ocean_custom_footer_template":"","ocean_post_oembed":"","ocean_post_self_hosted_media":"","ocean_post_video_embed":"","ocean_link_format":"","ocean_link_format_target":"self","ocean_quote_format":"","ocean_quote_format_link":"post","ocean_gallery_link_images":"on","ocean_gallery_id":[]},"categories":[1],"tags":[],"acf":[],"_links":{"self":[{"href":"https:\/\/www.simepe.com.br\/novo\/wp-json\/wp\/v2\/posts\/43618"}],"collection":[{"href":"https:\/\/www.simepe.com.br\/novo\/wp-json\/wp\/v2\/posts"}],"about":[{"href":"https:\/\/www.simepe.com.br\/novo\/wp-json\/wp\/v2\/types\/post"}],"author":[{"embeddable":true,"href":"https:\/\/www.simepe.com.br\/novo\/wp-json\/wp\/v2\/users\/1"}],"replies":[{"embeddable":true,"href":"https:\/\/www.simepe.com.br\/novo\/wp-json\/wp\/v2\/comments?post=43618"}],"version-history":[{"count":1,"href":"https:\/\/www.simepe.com.br\/novo\/wp-json\/wp\/v2\/posts\/43618\/revisions"}],"predecessor-version":[{"id":43619,"href":"https:\/\/www.simepe.com.br\/novo\/wp-json\/wp\/v2\/posts\/43618\/revisions\/43619"}],"wp:attachment":[{"href":"https:\/\/www.simepe.com.br\/novo\/wp-json\/wp\/v2\/media?parent=43618"}],"wp:term":[{"taxonomy":"category","embeddable":true,"href":"https:\/\/www.simepe.com.br\/novo\/wp-json\/wp\/v2\/categories?post=43618"},{"taxonomy":"post_tag","embeddable":true,"href":"https:\/\/www.simepe.com.br\/novo\/wp-json\/wp\/v2\/tags?post=43618"}],"curies":[{"name":"wp","href":"https:\/\/api.w.org\/{rel}","templated":true}]}}