{"id":44084,"date":"2018-01-07T10:42:48","date_gmt":"2018-01-07T13:42:48","guid":{"rendered":"http:\/\/www.simepe.com.br\/novo\/?p=44084"},"modified":"2018-02-20T10:46:52","modified_gmt":"2018-02-20T13:46:52","slug":"atencao-medico-07-01-2018","status":"publish","type":"post","link":"https:\/\/www.simepe.com.br\/novo\/atencao-medico-07-01-2018\/","title":{"rendered":"Aten\u00e7\u00e3o M\u00e9dico 07.01.2018"},"content":{"rendered":"<p style=\"text-align: center;\"><strong>Recife na sa\u00fade vai de mal a pior<\/strong><\/p>\n<p style=\"text-align: justify;\">\nO Recife vive um verdadeiro descaso com a sa\u00fade p\u00fablica. At\u00e9 quando, a Prefeitura vai virar as costas para os profissionais m\u00e9dicos e para o povo da nossa cidade? Em 2018, os m\u00e9dicos da Prefeitura do Recife v\u00e3o continuar com o movimento de paralisa\u00e7\u00e3o entre os dias 08 a 12 de janeiro, nos ambulat\u00f3rios. Postos de Sa\u00fade da Fam\u00edlia (PSFs) e Centros de Aten\u00e7\u00e3o Psicossocial (CAPs). Os profissionais demonstram, mais uma vez, insatisfa\u00e7\u00e3o com a gest\u00e3o municipal que n\u00e3o prioriza a pauta da sa\u00fade. Existe uma s\u00e9rie de problemas enfrentados no dia a dia pela categoria, como por exemplo, a inseguran\u00e7a nos postos de sa\u00fade, desabastecimento de medicamentos, condi\u00e7\u00f5es prec\u00e1rias e improvisadas de trabalho, d\u00e9ficit de profissionais m\u00e9dicos e falta de reajuste salarial. Os m\u00e9dicos est\u00e3o em movimento de valoriza\u00e7\u00e3o h\u00e1 quase um ano, per\u00edodo no qual foram dados v\u00e1rios prazos aos gestores da sa\u00fade, que n\u00e3o conseguiram apresentar uma proposta efetiva que atendesse \u00e0s necessidades da categoria. Solicitamos uma reuni\u00e3o com o Prefeito urgente! A popula\u00e7\u00e3o do Recife merece uma sa\u00fade melhor.<\/p>\n<p style=\"text-align: justify;\">\n<strong>Agenda Sindical <\/strong><\/p>\n<p style=\"text-align: justify;\">\n<em>Segunda-Feira &#8211; 08\/01 <\/em><\/p>\n<p style=\"text-align: justify;\">Paralisa\u00e7\u00e3o dos m\u00e9dicos da PCR;<br \/>\n\u2022 09h \u00e0s 14h &#8211; A\u00e7\u00e3o Social, no Parque 13 de Maio;<\/p>\n<p style=\"text-align: justify;\"><em>Ter\u00e7a-Feira &#8211; 09\/01<\/em><\/p>\n<p style=\"text-align: justify;\">\nParalisa\u00e7\u00e3o dos m\u00e9dicos da PCR;<br \/>\n\u2022 19h \u2013 AGE m\u00e9dicos da UPAe de Caruaru, no Simepe.<\/p>\n<p style=\"text-align: justify;\">\n<em>Quarta-Feira &#8211; 10\/01<\/em><\/p>\n<p style=\"text-align: justify;\">\nParalisa\u00e7\u00e3o dos m\u00e9dicos da PCR;<br \/>\n\u2022 09h &#8211; Reuni\u00e3o da CAP, no Bongi;<br \/>\n\u2022 09h \u2013 Reuni\u00e3o no SindHospe.<\/p>\n<p style=\"text-align: justify;\">\n<em>Quinta \u2013Feira- 11\/01<\/em><\/p>\n<p style=\"text-align: justify;\">\nParalisa\u00e7\u00e3o dos m\u00e9dicos da PCR.<\/p>\n<p style=\"text-align: justify;\">\n<em>Sexta \u2013feira &#8211; 12\/01<\/em><\/p>\n<p style=\"text-align: justify;\">\nParalisa\u00e7\u00e3o dos m\u00e9dicos da PCR;<br \/>\n\u2022 09h30 \u2013 AGE m\u00e9dicos da PCR, na AMPE\/Boa Vista.<\/p>\n<p style=\"text-align: center;\">M\u00e9dico, o Sindicato \u00e9 voc\u00ea! N\u00e3o h\u00e1 sindicato sem luta. N\u00e3o h\u00e1 luta sem sindicato!<\/p>\n<p style=\"text-align: center;\">Recife, 07 de janeiro de 2017<\/p>\n","protected":false},"excerpt":{"rendered":"<p>Recife na sa\u00fade vai de mal a pior O Recife vive um verdadeiro descaso com a sa\u00fade p\u00fablica. At\u00e9 quando, a Prefeitura vai virar as costas para os profissionais m\u00e9dicos e para o povo da nossa cidade? Em 2018, os m\u00e9dicos da Prefeitura do Recife v\u00e3o continuar com o movimento de paralisa\u00e7\u00e3o entre os dias [&hellip;]<\/p>\n","protected":false},"author":1,"featured_media":0,"comment_status":"open","ping_status":"open","sticky":false,"template":"","format":"standard","meta":{"ocean_post_layout":"","ocean_both_sidebars_style":"","ocean_both_sidebars_content_width":0,"ocean_both_sidebars_sidebars_width":0,"ocean_sidebar":"","ocean_second_sidebar":"","ocean_disable_margins":"enable","ocean_add_body_class":"","ocean_shortcode_before_top_bar":"","ocean_shortcode_after_top_bar":"","ocean_shortcode_before_header":"","ocean_shortcode_after_header":"","ocean_has_shortcode":"","ocean_shortcode_after_title":"","ocean_shortcode_before_footer_widgets":"","ocean_shortcode_after_footer_widgets":"","ocean_shortcode_before_footer_bottom":"","ocean_shortcode_after_footer_bottom":"","ocean_display_top_bar":"default","ocean_display_header":"default","ocean_header_style":"","ocean_center_header_left_menu":"","ocean_custom_header_template":"","ocean_custom_logo":0,"ocean_custom_retina_logo":0,"ocean_custom_logo_max_width":0,"ocean_custom_logo_tablet_max_width":0,"ocean_custom_logo_mobile_max_width":0,"ocean_custom_logo_max_height":0,"ocean_custom_logo_tablet_max_height":0,"ocean_custom_logo_mobile_max_height":0,"ocean_header_custom_menu":"","ocean_menu_typo_font_family":"","ocean_menu_typo_font_subset":"","ocean_menu_typo_font_size":0,"ocean_menu_typo_font_size_tablet":0,"ocean_menu_typo_font_size_mobile":0,"ocean_menu_typo_font_size_unit":"px","ocean_menu_typo_font_weight":"","ocean_menu_typo_font_weight_tablet":"","ocean_menu_typo_font_weight_mobile":"","ocean_menu_typo_transform":"","ocean_menu_typo_transform_tablet":"","ocean_menu_typo_transform_mobile":"","ocean_menu_typo_line_height":0,"ocean_menu_typo_line_height_tablet":0,"ocean_menu_typo_line_height_mobile":0,"ocean_menu_typo_line_height_unit":"","ocean_menu_typo_spacing":0,"ocean_menu_typo_spacing_tablet":0,"ocean_menu_typo_spacing_mobile":0,"ocean_menu_typo_spacing_unit":"","ocean_menu_link_color":"","ocean_menu_link_color_hover":"","ocean_menu_link_color_active":"","ocean_menu_link_background":"","ocean_menu_link_hover_background":"","ocean_menu_link_active_background":"","ocean_menu_social_links_bg":"","ocean_menu_social_hover_links_bg":"","ocean_menu_social_links_color":"","ocean_menu_social_hover_links_color":"","ocean_disable_title":"default","ocean_disable_heading":"default","ocean_post_title":"","ocean_post_subheading":"","ocean_post_title_style":"","ocean_post_title_background_color":"","ocean_post_title_background":0,"ocean_post_title_bg_image_position":"","ocean_post_title_bg_image_attachment":"","ocean_post_title_bg_image_repeat":"","ocean_post_title_bg_image_size":"","ocean_post_title_height":0,"ocean_post_title_bg_overlay":0.5,"ocean_post_title_bg_overlay_color":"","ocean_disable_breadcrumbs":"default","ocean_breadcrumbs_color":"","ocean_breadcrumbs_separator_color":"","ocean_breadcrumbs_links_color":"","ocean_breadcrumbs_links_hover_color":"","ocean_display_footer_widgets":"default","ocean_display_footer_bottom":"default","ocean_custom_footer_template":"","ocean_post_oembed":"","ocean_post_self_hosted_media":"","ocean_post_video_embed":"","ocean_link_format":"","ocean_link_format_target":"self","ocean_quote_format":"","ocean_quote_format_link":"post","ocean_gallery_link_images":"on","ocean_gallery_id":[]},"categories":[1],"tags":[],"acf":[],"_links":{"self":[{"href":"https:\/\/www.simepe.com.br\/novo\/wp-json\/wp\/v2\/posts\/44084"}],"collection":[{"href":"https:\/\/www.simepe.com.br\/novo\/wp-json\/wp\/v2\/posts"}],"about":[{"href":"https:\/\/www.simepe.com.br\/novo\/wp-json\/wp\/v2\/types\/post"}],"author":[{"embeddable":true,"href":"https:\/\/www.simepe.com.br\/novo\/wp-json\/wp\/v2\/users\/1"}],"replies":[{"embeddable":true,"href":"https:\/\/www.simepe.com.br\/novo\/wp-json\/wp\/v2\/comments?post=44084"}],"version-history":[{"count":1,"href":"https:\/\/www.simepe.com.br\/novo\/wp-json\/wp\/v2\/posts\/44084\/revisions"}],"predecessor-version":[{"id":44085,"href":"https:\/\/www.simepe.com.br\/novo\/wp-json\/wp\/v2\/posts\/44084\/revisions\/44085"}],"wp:attachment":[{"href":"https:\/\/www.simepe.com.br\/novo\/wp-json\/wp\/v2\/media?parent=44084"}],"wp:term":[{"taxonomy":"category","embeddable":true,"href":"https:\/\/www.simepe.com.br\/novo\/wp-json\/wp\/v2\/categories?post=44084"},{"taxonomy":"post_tag","embeddable":true,"href":"https:\/\/www.simepe.com.br\/novo\/wp-json\/wp\/v2\/tags?post=44084"}],"curies":[{"name":"wp","href":"https:\/\/api.w.org\/{rel}","templated":true}]}}