{"id":44101,"date":"2018-02-21T08:48:36","date_gmt":"2018-02-21T11:48:36","guid":{"rendered":"http:\/\/www.simepe.com.br\/novo\/?p=44101"},"modified":"2018-02-21T08:48:36","modified_gmt":"2018-02-21T11:48:36","slug":"casos-confirmados-de-febre-amarela-sobem-para-222-em-minas","status":"publish","type":"post","link":"https:\/\/www.simepe.com.br\/novo\/casos-confirmados-de-febre-amarela-sobem-para-222-em-minas\/","title":{"rendered":"Casos confirmados de febre amarela sobem para 222 em Minas"},"content":{"rendered":"<p style=\"text-align: justify;\">Ainda h\u00e1 505 casos em investiga\u00e7\u00e3o<\/p>\n<p style=\"text-align: justify;\">O n\u00famero de mortes por febre amarela continua a subir. Dados divulgados na tarde desta quarta-feira pela Secretaria de Estado de Sa\u00fade (SES) mostram um salto de 76 para 86 mortes confirmadas pela doen\u00e7a. Al\u00e9m disso, outros 31 \u00f3bitos est\u00e3o sendo investigados.<\/p>\n<p style=\"text-align: justify;\">A SES informa que 74 munic\u00edpios foram notificados com casos suspeitos, sendo 222 pessoas doentes confirmadas. Entre as cidades mais afetadas est\u00e3o Mariana (22), Nova Lima (20), Juiz de fora (15), Bar\u00e3o de Cocais (9), Caet\u00e9 (9), que lideram com o n\u00famero de casos. A capital mineira segue com 7.<\/p>\n<p style=\"text-align: justify;\">Desde o in\u00edcio do ano, as infec\u00e7\u00f5es por febre amarela v\u00eam subindo rapidamente. No primeiro boletim sobre a doen\u00e7a divulgado em 2018, Minas apresentava duas mortes causadas pela doen\u00e7a. Cinco dias depois, j\u00e1 tinha 13 casos confirmados, sendo seis \u00f3bitos, e 10 casos investigados. Em 11 de janeiro, eram 11 confirma\u00e7\u00f5es, nove mortes e 10 notifica\u00e7\u00f5es em apura\u00e7\u00e3o.<\/p>\n<p style=\"text-align: justify;\">Em 15 de janeiro, o n\u00famero de casos subiu para 12, com 11 \u00f3bitos, e 34 registros em investiga\u00e7\u00e3o. O boletim seguinte foi divulgado em 17 de janeiro, com 22 casos, 15 mortes e 46 notifica\u00e7\u00f5es em apura\u00e7\u00e3o. Janeiro terminou com 81 casos confirmados, 36 mortes e 208 casos ainda sendo investigados.<\/p>\n<p style=\"text-align: justify;\">Em fevereiro, a escalada prossegue. O primeiro balan\u00e7o no m\u00eas foi liberado no dia 6, quando 164 casos tinham sido confirmados, com 61 \u00f3bitos, e 301 exames ainda estavam pendentes. No boletim de semana passada, dia 13, foram inclu\u00eddos 19 casos e 15 mortes. Agora, Minas segue com 39 casos confirmados e 10 mortes a mais em rela\u00e7\u00e3o ao \u00faltimo balan\u00e7o.<\/p>\n<p style=\"text-align: justify;\">Do total de casos confirmados de febre amarela silvestre, 199 (89,6%) s\u00e3o do sexo masculino e 23 (10,4%) do sexo feminino. Todos os casos foram confirmados laboratorialmente. At\u00e9 o momento, n\u00e3o h\u00e1 relato de vacina\u00e7\u00e3o para a febre amarela entre os casos confirmados.<\/p>\n<p style=\"text-align: justify;\">\n<p style=\"text-align: justify;\">Fonte: Diario de Pernambuco<\/p>\n","protected":false},"excerpt":{"rendered":"<p>Ainda h\u00e1 505 casos em investiga\u00e7\u00e3o O n\u00famero de mortes por febre amarela continua a subir. Dados divulgados na tarde desta quarta-feira pela Secretaria de Estado de Sa\u00fade (SES) mostram um salto de 76 para 86 mortes confirmadas pela doen\u00e7a. Al\u00e9m disso, outros 31 \u00f3bitos est\u00e3o sendo investigados. A SES informa que 74 munic\u00edpios foram [&hellip;]<\/p>\n","protected":false},"author":1,"featured_media":0,"comment_status":"open","ping_status":"open","sticky":false,"template":"","format":"standard","meta":{"ocean_post_layout":"","ocean_both_sidebars_style":"","ocean_both_sidebars_content_width":0,"ocean_both_sidebars_sidebars_width":0,"ocean_sidebar":"","ocean_second_sidebar":"","ocean_disable_margins":"enable","ocean_add_body_class":"","ocean_shortcode_before_top_bar":"","ocean_shortcode_after_top_bar":"","ocean_shortcode_before_header":"","ocean_shortcode_after_header":"","ocean_has_shortcode":"","ocean_shortcode_after_title":"","ocean_shortcode_before_footer_widgets":"","ocean_shortcode_after_footer_widgets":"","ocean_shortcode_before_footer_bottom":"","ocean_shortcode_after_footer_bottom":"","ocean_display_top_bar":"default","ocean_display_header":"default","ocean_header_style":"","ocean_center_header_left_menu":"","ocean_custom_header_template":"","ocean_custom_logo":0,"ocean_custom_retina_logo":0,"ocean_custom_logo_max_width":0,"ocean_custom_logo_tablet_max_width":0,"ocean_custom_logo_mobile_max_width":0,"ocean_custom_logo_max_height":0,"ocean_custom_logo_tablet_max_height":0,"ocean_custom_logo_mobile_max_height":0,"ocean_header_custom_menu":"","ocean_menu_typo_font_family":"","ocean_menu_typo_font_subset":"","ocean_menu_typo_font_size":0,"ocean_menu_typo_font_size_tablet":0,"ocean_menu_typo_font_size_mobile":0,"ocean_menu_typo_font_size_unit":"px","ocean_menu_typo_font_weight":"","ocean_menu_typo_font_weight_tablet":"","ocean_menu_typo_font_weight_mobile":"","ocean_menu_typo_transform":"","ocean_menu_typo_transform_tablet":"","ocean_menu_typo_transform_mobile":"","ocean_menu_typo_line_height":0,"ocean_menu_typo_line_height_tablet":0,"ocean_menu_typo_line_height_mobile":0,"ocean_menu_typo_line_height_unit":"","ocean_menu_typo_spacing":0,"ocean_menu_typo_spacing_tablet":0,"ocean_menu_typo_spacing_mobile":0,"ocean_menu_typo_spacing_unit":"","ocean_menu_link_color":"","ocean_menu_link_color_hover":"","ocean_menu_link_color_active":"","ocean_menu_link_background":"","ocean_menu_link_hover_background":"","ocean_menu_link_active_background":"","ocean_menu_social_links_bg":"","ocean_menu_social_hover_links_bg":"","ocean_menu_social_links_color":"","ocean_menu_social_hover_links_color":"","ocean_disable_title":"default","ocean_disable_heading":"default","ocean_post_title":"","ocean_post_subheading":"","ocean_post_title_style":"","ocean_post_title_background_color":"","ocean_post_title_background":0,"ocean_post_title_bg_image_position":"","ocean_post_title_bg_image_attachment":"","ocean_post_title_bg_image_repeat":"","ocean_post_title_bg_image_size":"","ocean_post_title_height":0,"ocean_post_title_bg_overlay":0.5,"ocean_post_title_bg_overlay_color":"","ocean_disable_breadcrumbs":"default","ocean_breadcrumbs_color":"","ocean_breadcrumbs_separator_color":"","ocean_breadcrumbs_links_color":"","ocean_breadcrumbs_links_hover_color":"","ocean_display_footer_widgets":"default","ocean_display_footer_bottom":"default","ocean_custom_footer_template":"","ocean_post_oembed":"","ocean_post_self_hosted_media":"","ocean_post_video_embed":"","ocean_link_format":"","ocean_link_format_target":"self","ocean_quote_format":"","ocean_quote_format_link":"post","ocean_gallery_link_images":"on","ocean_gallery_id":[]},"categories":[9],"tags":[],"acf":[],"_links":{"self":[{"href":"https:\/\/www.simepe.com.br\/novo\/wp-json\/wp\/v2\/posts\/44101"}],"collection":[{"href":"https:\/\/www.simepe.com.br\/novo\/wp-json\/wp\/v2\/posts"}],"about":[{"href":"https:\/\/www.simepe.com.br\/novo\/wp-json\/wp\/v2\/types\/post"}],"author":[{"embeddable":true,"href":"https:\/\/www.simepe.com.br\/novo\/wp-json\/wp\/v2\/users\/1"}],"replies":[{"embeddable":true,"href":"https:\/\/www.simepe.com.br\/novo\/wp-json\/wp\/v2\/comments?post=44101"}],"version-history":[{"count":1,"href":"https:\/\/www.simepe.com.br\/novo\/wp-json\/wp\/v2\/posts\/44101\/revisions"}],"predecessor-version":[{"id":44102,"href":"https:\/\/www.simepe.com.br\/novo\/wp-json\/wp\/v2\/posts\/44101\/revisions\/44102"}],"wp:attachment":[{"href":"https:\/\/www.simepe.com.br\/novo\/wp-json\/wp\/v2\/media?parent=44101"}],"wp:term":[{"taxonomy":"category","embeddable":true,"href":"https:\/\/www.simepe.com.br\/novo\/wp-json\/wp\/v2\/categories?post=44101"},{"taxonomy":"post_tag","embeddable":true,"href":"https:\/\/www.simepe.com.br\/novo\/wp-json\/wp\/v2\/tags?post=44101"}],"curies":[{"name":"wp","href":"https:\/\/api.w.org\/{rel}","templated":true}]}}