{"id":44109,"date":"2018-02-21T09:09:54","date_gmt":"2018-02-21T12:09:54","guid":{"rendered":"http:\/\/www.simepe.com.br\/novo\/?p=44109"},"modified":"2018-02-21T09:09:54","modified_gmt":"2018-02-21T12:09:54","slug":"imunizacao-falha-e-onda-antivacina-explicam-aumento-de-400-de-sarampo-na-europa-diz-oms","status":"publish","type":"post","link":"https:\/\/www.simepe.com.br\/novo\/imunizacao-falha-e-onda-antivacina-explicam-aumento-de-400-de-sarampo-na-europa-diz-oms\/","title":{"rendered":"Imuniza\u00e7\u00e3o falha e onda antivacina explicam aumento de 400% de sarampo na Europa, diz OMS"},"content":{"rendered":"<p style=\"text-align: justify;\">Rom\u00eania, It\u00e1lia e Ucr\u00e2nia puxam crescimento de casos na regi\u00e3o em 2017; \u00f3rg\u00e3o pede &#8216;maior comprometimento pol\u00edtico&#8217; com sistemas de sa\u00fade<\/p>\n<p style=\"text-align: justify;\">A Organiza\u00e7\u00e3o Mundial de Sa\u00fade (OMS) chamou de &#8220;trag\u00e9dia&#8221; o aumento de 400% nos casos de sarampo em 2017 na Europa.<\/p>\n<p style=\"text-align: justify;\">Os 53 pa\u00edses da regi\u00e3o, como classificado pela OMS, registraram 21.315 casos de sarampo em 2017 \u2013 35 deles resultaram em morte.<\/p>\n<p style=\"text-align: justify;\">A alta foi puxada por Rom\u00eania, It\u00e1lia e Ucr\u00e2nia. Os dados foram divulgados nesta ter\u00e7a-feira (20), durante um encontro dos ministros da sa\u00fade europeus em Montenegro.<\/p>\n<p style=\"text-align: justify;\">O aumento em 2017 incluiu grandes surtos (100 ou mais casos, segundo a OMS) em 15 dos 53 pa\u00edses da regi\u00e3o, ou seja, cerca de um em cada quatro pa\u00edses.<\/p>\n<p style=\"text-align: justify;\">Os pa\u00edses com mais de 100 casos da doen\u00e7a incluem desde os que est\u00e3o mergulhados em crises econ\u00f4micas e pol\u00edticas, como Gr\u00e9cia, Espanha e S\u00e9rvia, at\u00e9 os mais desenvolvidos, como Alemanha, Fran\u00e7a, B\u00e9lgica, Reino Unido e Su\u00ed\u00e7a.<\/p>\n<p style=\"text-align: justify;\">Segundo a OMS, a principal raz\u00e3o por tr\u00e1s do aumento de casos de sarampo na Europa s\u00e3o as falhas nos programas de imuniza\u00e7\u00e3o, al\u00e9m de pouca cobertura de grupos marginalizados, interrup\u00e7\u00f5es na entrega de vacinas e falhas nos sistemas de vigil\u00e2ncia sanit\u00e1ria de diversos pa\u00edses.<\/p>\n<p style=\"text-align: justify;\">\u00c9 o caso da Rom\u00eania, que est\u00e1 lidando com seu pior surto de sarampo em d\u00e9cadas. No ano passado, houve mais de 5 mil casos por causa de falta de vacina e m\u00e1s condi\u00e7\u00f5es de centros de sa\u00fade.<\/p>\n<p style=\"text-align: justify;\">De acordo com o \u00f3rg\u00e3o, a grande popula\u00e7\u00e3o roman\u00ed (cigana) do pa\u00eds, que geralmente vive em extrema pobreza, corre risco especial de contrair e espalhar o v\u00edrus.<\/p>\n<p style=\"text-align: justify;\">A Ucr\u00e2nia tamb\u00e9m teve quase 5 mil casos registrados em 2017. A OMS diz que pa\u00edses em conflito, como \u00e9 o caso, t\u00eam risco aumentado de surto do v\u00edrus por causa dos danos causados \u00e0 infraestrutura e aos servi\u00e7os de sa\u00fade.<\/p>\n<p style=\"text-align: justify;\">De acordo com a OMS, houve queda na cobertura vacinal no continente. &#8220;Cada nova pessoa afetada pelo sarampo na Europa nos lembra que crian\u00e7as e adultos n\u00e3o vacinados, independentemente de onde vivem, continuam em risco de contrair a doen\u00e7a e pass\u00e1-la para outros que podem n\u00e3o conseguir ser vacinados&#8221;, disse Zsuzsanna Jakab, diretora da OMS para a Europa.<\/p>\n<p style=\"text-align: justify;\">&#8220;Este contratempo de curto prazo n\u00e3o pode nos deter do nosso compromisso de ser a gera\u00e7\u00e3o que liberta nossas crian\u00e7as dessas doen\u00e7as de uma vez por todas.&#8221;<br \/>\nPara prevenir surtos, o \u00f3rg\u00e3o diz que 95% da popula\u00e7\u00e3o deve ser imunizada.<\/p>\n<p style=\"text-align: justify;\">O sarampo \u00e9 uma doen\u00e7a viral altamente infecciosa que pode levar \u00e0 morte, e a vacina \u00e9 a forma mais segura de preveni-la, segundo m\u00e9dicos.<\/p>\n<p style=\"text-align: justify;\">Os sintomas incluem nariz escorrendo, espirros e tosse, dor e vermelhid\u00e3o nos olhos, febre e, ap\u00f3s alguns dias, erup\u00e7\u00f5es avermelhadas na pele.<\/p>\n<p style=\"text-align: justify;\">&#8216;<strong>Teorias anticient\u00edficas&#8217;<\/strong><\/p>\n<p style=\"text-align: justify;\">\nDe acordo com especialistas, o movimento antivacina \u00e9, em parte, respons\u00e1vel pelo problema europeu.<\/p>\n<p style=\"text-align: justify;\">Um grupo de pais ainda acredita em uma poss\u00edvel liga\u00e7\u00e3o entre a vacina contra o sarampo e o autismo &#8211; hip\u00f3tese levantada em uma pesquisa de 20 anos atr\u00e1s que foi descreditada pela comunidade cient\u00edfica.<\/p>\n<p style=\"text-align: justify;\">A It\u00e1lia, onde o movimento antivacina vem ganhando for\u00e7a nos \u00faltimos anos, foi o segundo pa\u00eds com o maior n\u00famero de casos de sarampo na regi\u00e3o em 2017.<\/p>\n<p style=\"text-align: justify;\">Em maio do ano passado, o governo italiano determinou que as crian\u00e7as de at\u00e9 seis anos de idade devem ser vacinadas contra 12 doen\u00e7as comuns antes de serem matriculadas em escolas p\u00fablicas. Caso isso n\u00e3o aconte\u00e7a, os pais podem ser multados em at\u00e9 2.500 euros.<\/p>\n<p style=\"text-align: justify;\">A lei causou pol\u00eamica e tornou-se um dos principais temas das elei\u00e7\u00f5es legislativas do pa\u00eds, que ocorrem no pr\u00f3ximo dia 4 de mar\u00e7o.<\/p>\n<p style=\"text-align: justify;\">Na \u00e9poca de sua aprova\u00e7\u00e3o, o primeiro-ministro Paolo Gentiloni afirmou que a queda na cobertura vacinal do pa\u00eds &#8211; que foi de mais de 90% a menos de 80% entre 2011 e 2015, no caso do sarampo &#8211; se devia, em parte, \u00e0 &#8220;propaga\u00e7\u00e3o de teorias anticient\u00edficas&#8221;.<\/p>\n<p style=\"text-align: justify;\">A It\u00e1lia foi um dos pa\u00edses onde um estudo do brit\u00e2nico Andrew Wakefield, publicado em 1998, ligava a vacina tr\u00edplice &#8211; contra sarampo, caxumba e rub\u00e9ola &#8211; ao desenvolvimento de autismo em crian\u00e7as.<\/p>\n<p style=\"text-align: justify;\">O estudo foi feito com apenas 12 crian\u00e7as e nenhum outro conseguiu replicar seus resultados desde ent\u00e3o. Por isso, foi retirado das publica\u00e7\u00f5es cient\u00edficas em 2010. Wakefield foi proibido de exercer a Medicina no Reino Unido.<\/p>\n<p style=\"text-align: justify;\">Mas em 2012, um tribunal em Rimini, na It\u00e1lia, determinou que a fam\u00edlia de um garoto com autismo recebesse indeniza\u00e7\u00e3o com o argumento de que sua condi\u00e7\u00e3o teria sido causada pela vacina. A decis\u00e3o foi revogada tr\u00eas anos depois.<\/p>\n<p style=\"text-align: justify;\">Mesmo assim, o caso teria ajudado a fortalecer o movimento antivacina\u00e7\u00e3o no pa\u00eds.<\/p>\n<p style=\"text-align: justify;\"><strong>&#8216;Culpa n\u00e3o \u00e9 s\u00f3 dos pais&#8217;<\/strong><\/p>\n<p style=\"text-align: justify;\">\nNo entanto, o diretor do Programa de Doen\u00e7as Preven\u00edveis com Vacinas e de Imuniza\u00e7\u00e3o da OMS Europa, Robb Butler, diz que culpar o movimento \u00e9 &#8220;dar \u00eanfase demais&#8221; a sua import\u00e2ncia na regi\u00e3o.<\/p>\n<p style=\"text-align: justify;\">&#8220;Sabemos que o movimento antivacina na Europa tem impacto, mas n\u00e3o tem tanto quanto as pessoas sugerem. Ele n\u00e3o \u00e9 t\u00e3o forte quanto nos EUA, por exemplo. Aqui temos mais vozes individuais que fazem barulho&#8221;, disse \u00e0 BBC Brasil.<br \/>\n&#8220;Os maiores surtos de sarampo ocorrem em pa\u00edses onde h\u00e1 bols\u00f5es de suscetibilidade. Muitos pa\u00edses n\u00e3o est\u00e3o entregando as vacinas para suas popula\u00e7\u00f5es na quantidade necess\u00e1ria.&#8221;<\/p>\n<p style=\"text-align: justify;\">De acordo com Butler, a OMS tem pedido comprometimento pol\u00edtico dos governos europeus para fortalecer seus sistemas de vacina\u00e7\u00e3o, j\u00e1 que apenas nove pa\u00edses onde a doen\u00e7a \u00e9 end\u00eamica est\u00e3o &#8220;exportando&#8221; o v\u00edrus para os outros.<\/p>\n<p style=\"text-align: justify;\">&#8220;O sarampo \u00e9 t\u00e3o contagioso que voc\u00ea precisa de uma cobertura muito, muito alta. \u00c9 poss\u00edvel ter uma boa cobertura e ainda ter surtos&#8221;, afirma.<br \/>\nEle admite, no entanto, que a resist\u00eancia \u00e0 vacina tem um papel, especialmente em pa\u00edses como a It\u00e1lia, onde o lobby contra a vacina\u00e7\u00e3o \u00e9 mais forte.<\/p>\n<p style=\"text-align: justify;\">&#8220;Estamos vendo pessoas jovens e adultos contraindo a doen\u00e7a. A resist\u00eancia dos pais h\u00e1 20 anos, quando come\u00e7ou a circular a teoria da liga\u00e7\u00e3o com o autismo, fez com que agora seus filhos estejam sendo afetados pelo v\u00edrus.&#8221;<\/p>\n<p style=\"text-align: justify;\">\n&#8220;Mesmo assim, n\u00e3o d\u00e1 para dizer que o cen\u00e1rio atual \u00e9 s\u00f3 culpa dos pais. Ao fazer isso, os pa\u00edses estariam dizendo que seus servi\u00e7os de sa\u00fade s\u00e3o perfeitos, e simplesmente n\u00e3o s\u00e3o. Para recusar uma vacina, \u00e9 preciso que ela seja, primeiro, oferecida a voc\u00ea.&#8221;<\/p>\n<p style=\"text-align: justify;\">\n<strong>No Brasil<\/strong><\/p>\n<p style=\"text-align: justify;\">\nN\u00e3o h\u00e1 registro de casos de sarampo no Brasil desde 2001 &#8211; a doen\u00e7a \u00e9 considerada erradicada no pa\u00eds.<\/p>\n<p style=\"text-align: justify;\">No entanto, em 2017, o Minist\u00e9rio da Sa\u00fade alertou para a necessidade de refor\u00e7ar a vacina\u00e7\u00e3o tr\u00edplice por causa do aumento de casos na Europa.<\/p>\n<p style=\"text-align: justify;\">A primeira dose da vacina, que protege contra sarampo, caxumba e rub\u00e9ola, deve ser tomada aos 12 meses de idade.<\/p>\n<p style=\"text-align: justify;\">Aos 15 meses, \u00e9 necess\u00e1ria uma dose da vacina tetraviral, que corresponde \u00e0 segunda dose da vacina tr\u00edplice viral mais uma dose da vacina contra a varicela.<\/p>\n<p style=\"text-align: justify;\">De acordo com o Minist\u00e9rio, crian\u00e7as de at\u00e9 4 anos ainda podem receber a vacina tetraviral, caso haja atraso na imuniza\u00e7\u00e3o. A partir dos 5 anos e at\u00e9 os 29 anos de idade, dever\u00e3o ser administradas duas doses da vacina tr\u00edplice viral.<\/p>\n<p style=\"text-align: justify;\">Pessoas de 30 a 49 aos de idade devem receber uma s\u00f3 dose da vacina tr\u00edplice viral, caso n\u00e3o tenham sido vacinadas na idade correta.<\/p>\n<p style=\"text-align: justify;\">\n<p style=\"text-align: justify;\">Fonte: G1<\/p>\n","protected":false},"excerpt":{"rendered":"<p>Rom\u00eania, It\u00e1lia e Ucr\u00e2nia puxam crescimento de casos na regi\u00e3o em 2017; \u00f3rg\u00e3o pede &#8216;maior comprometimento pol\u00edtico&#8217; com sistemas de sa\u00fade A Organiza\u00e7\u00e3o Mundial de Sa\u00fade (OMS) chamou de &#8220;trag\u00e9dia&#8221; o aumento de 400% nos casos de sarampo em 2017 na Europa. Os 53 pa\u00edses da regi\u00e3o, como classificado pela OMS, registraram 21.315 casos de [&hellip;]<\/p>\n","protected":false},"author":1,"featured_media":44110,"comment_status":"open","ping_status":"open","sticky":false,"template":"","format":"standard","meta":{"ocean_post_layout":"","ocean_both_sidebars_style":"","ocean_both_sidebars_content_width":0,"ocean_both_sidebars_sidebars_width":0,"ocean_sidebar":"","ocean_second_sidebar":"","ocean_disable_margins":"enable","ocean_add_body_class":"","ocean_shortcode_before_top_bar":"","ocean_shortcode_after_top_bar":"","ocean_shortcode_before_header":"","ocean_shortcode_after_header":"","ocean_has_shortcode":"","ocean_shortcode_after_title":"","ocean_shortcode_before_footer_widgets":"","ocean_shortcode_after_footer_widgets":"","ocean_shortcode_before_footer_bottom":"","ocean_shortcode_after_footer_bottom":"","ocean_display_top_bar":"default","ocean_display_header":"default","ocean_header_style":"","ocean_center_header_left_menu":"","ocean_custom_header_template":"","ocean_custom_logo":0,"ocean_custom_retina_logo":0,"ocean_custom_logo_max_width":0,"ocean_custom_logo_tablet_max_width":0,"ocean_custom_logo_mobile_max_width":0,"ocean_custom_logo_max_height":0,"ocean_custom_logo_tablet_max_height":0,"ocean_custom_logo_mobile_max_height":0,"ocean_header_custom_menu":"","ocean_menu_typo_font_family":"","ocean_menu_typo_font_subset":"","ocean_menu_typo_font_size":0,"ocean_menu_typo_font_size_tablet":0,"ocean_menu_typo_font_size_mobile":0,"ocean_menu_typo_font_size_unit":"px","ocean_menu_typo_font_weight":"","ocean_menu_typo_font_weight_tablet":"","ocean_menu_typo_font_weight_mobile":"","ocean_menu_typo_transform":"","ocean_menu_typo_transform_tablet":"","ocean_menu_typo_transform_mobile":"","ocean_menu_typo_line_height":0,"ocean_menu_typo_line_height_tablet":0,"ocean_menu_typo_line_height_mobile":0,"ocean_menu_typo_line_height_unit":"","ocean_menu_typo_spacing":0,"ocean_menu_typo_spacing_tablet":0,"ocean_menu_typo_spacing_mobile":0,"ocean_menu_typo_spacing_unit":"","ocean_menu_link_color":"","ocean_menu_link_color_hover":"","ocean_menu_link_color_active":"","ocean_menu_link_background":"","ocean_menu_link_hover_background":"","ocean_menu_link_active_background":"","ocean_menu_social_links_bg":"","ocean_menu_social_hover_links_bg":"","ocean_menu_social_links_color":"","ocean_menu_social_hover_links_color":"","ocean_disable_title":"default","ocean_disable_heading":"default","ocean_post_title":"","ocean_post_subheading":"","ocean_post_title_style":"","ocean_post_title_background_color":"","ocean_post_title_background":0,"ocean_post_title_bg_image_position":"","ocean_post_title_bg_image_attachment":"","ocean_post_title_bg_image_repeat":"","ocean_post_title_bg_image_size":"","ocean_post_title_height":0,"ocean_post_title_bg_overlay":0.5,"ocean_post_title_bg_overlay_color":"","ocean_disable_breadcrumbs":"default","ocean_breadcrumbs_color":"","ocean_breadcrumbs_separator_color":"","ocean_breadcrumbs_links_color":"","ocean_breadcrumbs_links_hover_color":"","ocean_display_footer_widgets":"default","ocean_display_footer_bottom":"default","ocean_custom_footer_template":"","ocean_post_oembed":"","ocean_post_self_hosted_media":"","ocean_post_video_embed":"","ocean_link_format":"","ocean_link_format_target":"self","ocean_quote_format":"","ocean_quote_format_link":"post","ocean_gallery_link_images":"on","ocean_gallery_id":[]},"categories":[1],"tags":[2548,1708,1283],"acf":[],"_links":{"self":[{"href":"https:\/\/www.simepe.com.br\/novo\/wp-json\/wp\/v2\/posts\/44109"}],"collection":[{"href":"https:\/\/www.simepe.com.br\/novo\/wp-json\/wp\/v2\/posts"}],"about":[{"href":"https:\/\/www.simepe.com.br\/novo\/wp-json\/wp\/v2\/types\/post"}],"author":[{"embeddable":true,"href":"https:\/\/www.simepe.com.br\/novo\/wp-json\/wp\/v2\/users\/1"}],"replies":[{"embeddable":true,"href":"https:\/\/www.simepe.com.br\/novo\/wp-json\/wp\/v2\/comments?post=44109"}],"version-history":[{"count":1,"href":"https:\/\/www.simepe.com.br\/novo\/wp-json\/wp\/v2\/posts\/44109\/revisions"}],"predecessor-version":[{"id":44111,"href":"https:\/\/www.simepe.com.br\/novo\/wp-json\/wp\/v2\/posts\/44109\/revisions\/44111"}],"wp:featuredmedia":[{"embeddable":true,"href":"https:\/\/www.simepe.com.br\/novo\/wp-json\/wp\/v2\/media\/44110"}],"wp:attachment":[{"href":"https:\/\/www.simepe.com.br\/novo\/wp-json\/wp\/v2\/media?parent=44109"}],"wp:term":[{"taxonomy":"category","embeddable":true,"href":"https:\/\/www.simepe.com.br\/novo\/wp-json\/wp\/v2\/categories?post=44109"},{"taxonomy":"post_tag","embeddable":true,"href":"https:\/\/www.simepe.com.br\/novo\/wp-json\/wp\/v2\/tags?post=44109"}],"curies":[{"name":"wp","href":"https:\/\/api.w.org\/{rel}","templated":true}]}}