{"id":44333,"date":"2018-03-01T11:07:28","date_gmt":"2018-03-01T14:07:28","guid":{"rendered":"http:\/\/www.simepe.com.br\/novo\/?p=44333"},"modified":"2018-03-01T11:07:28","modified_gmt":"2018-03-01T14:07:28","slug":"sociedade-brasileira-de-dermatologia-lista-as-principais-doencas-da-pele-em-criancas-no-retorno-as-aulas","status":"publish","type":"post","link":"https:\/\/www.simepe.com.br\/novo\/sociedade-brasileira-de-dermatologia-lista-as-principais-doencas-da-pele-em-criancas-no-retorno-as-aulas\/","title":{"rendered":"Sociedade Brasileira de Dermatologia lista as principais doen\u00e7as da pele em crian\u00e7as no retorno \u00e0s aulas"},"content":{"rendered":"<p style=\"text-align: justify;\">Volta \u00e0s aulas, voltam as preocupa\u00e7\u00f5es com as doen\u00e7as da pele na crian\u00e7ada. N\u00e3o \u00e9 raro os pequenos voltarem das f\u00e9rias com problemas na pele e no cabelo que, muitas vezes, podem ser transmitidos durante o contato com as outras crian\u00e7as no ambiente escolar.<\/p>\n<p style=\"text-align: justify;\">\u201c\u00c9 importante a fam\u00edlia entender que ao retornar ao col\u00e9gio, \u00e9 recomend\u00e1vel uma visita ao dermatologista para checkup e prote\u00e7\u00e3o da pele, maior \u00f3rg\u00e3o do corpo humano\u201d, explica a Dra. Ana M\u00f3sca, m\u00e9dica dermatologista da Sociedade Brasileira de Dermatologia.<\/p>\n<p style=\"text-align: justify;\">Pensando nisso, a SBD listou as principais doen\u00e7as da pele e do cabelo que as crian\u00e7as contraem nas f\u00e9rias e que podem transmitir para os amigos de col\u00e9gio no retorno das atividades escolares. Veja a lista das principais doen\u00e7as, suas causas e como preveni-las:<\/p>\n<p style=\"text-align: justify;\">\u2013 <strong>Pediculose (Piolho)<\/strong><\/p>\n<p style=\"text-align: justify;\">Conhecida popularmente como piolho, \u00e9 uma doen\u00e7a parasit\u00e1ria causada por insetos sugadores de sangue que vivem e se reproduzem na superf\u00edcie da pele e dos pelos. \u00c9 importante a fam\u00edlia saber que as crian\u00e7as n\u00e3o devem ir de cabelo molhado para a escola, porque a umidade e a aglomera\u00e7\u00e3o de indiv\u00edduos favorecem a infesta\u00e7\u00e3o do piolho. Portanto, o ideal \u00e9 que os cabelos sejam lavados ao final do dia. As crian\u00e7as de cabelos compridos devem ir \u00e0 escola com os cabelos presos. \u00c9 importante orientar as crian\u00e7as para n\u00e3o compartilharem objetos de uso pessoal como escovas de cabelo, pentes, arcos e bon\u00e9s.<\/p>\n<p style=\"text-align: justify;\">\u2013 <strong>Micose<\/strong><\/p>\n<p style=\"text-align: justify;\">S\u00e3o infec\u00e7\u00f5es causadas por fungos que atingem a pele, as unhas e o cabelo. A transpira\u00e7\u00e3o, o calor e a umidade s\u00e3o alguns fatores que favorecem o surgimento das micoses superficiais. Nas f\u00e9rias, as crian\u00e7as n\u00e3o costumam fazer uma boa higiene. Com isso, podem aparecer as micoses oportunistas. \u00c9 necess\u00e1rio que os respons\u00e1veis prestem aten\u00e7\u00e3o se as crian\u00e7as est\u00e3o fazendo uma higiene adequada, principalmente os adolescentes que costumam \u201cse virar sozinhos\u201d.<\/p>\n<p style=\"text-align: justify;\">\u2013 <strong>Pitir\u00edase Versicolor (Pano Branco)<\/strong><\/p>\n<p style=\"text-align: justify;\">\u00c9 um tipo de micose oportunista causada por uma levedura, encontrada com elevada frequ\u00eancia no couro cabeludo e em regi\u00f5es da pele ricas em gl\u00e2ndulas seb\u00e1ceas. \u00c9 comum nos climas quentes e \u00famidos, em pacientes com peles oleosas ou que fazem uso cont\u00ednuo de produtos oleosos. O indiv\u00edduo muitas vezes j\u00e1 est\u00e1 com essa doen\u00e7a consigo, e, quando ele se bronzeia, percebe essa caracter\u00edstica de manchas arredondadas ou ovais, ou muitas vezes de aspecto geogr\u00e1fico, geralmente brancas e menos comumente rosadas. A fam\u00edlia deve ficar atenta aos sintomas na crian\u00e7a e procurar um dermatologista para cuidar.<\/p>\n<p style=\"text-align: justify;\">\u2013 <strong>Molusco<\/strong><\/p>\n<p style=\"text-align: justify;\">Tamb\u00e9m conhecido como molusco contagioso \u00e9 uma infec\u00e7\u00e3o viral contagiosa relativamente comum nas crian\u00e7as. O contato direto \u00e9 a forma de cont\u00e1gio mais comum que existe para esse tipo de infec\u00e7\u00e3o. As les\u00f5es s\u00e3o formadas por eleva\u00e7\u00f5es transl\u00facidas, com certo brilho e com umbilica\u00e7\u00e3o (depress\u00e3o) central. \u00c9 auto inocul\u00e1vel e pode apresentar auto inocula\u00e7\u00e3o p\u00f3s-trauma, por isso deve-se evitar co\u00e7ar e mexer nas les\u00f5es por conta pr\u00f3pria. Nesses casos, os pais precisam procurar um dermatologista para tratar com medicamentos ou remover essas les\u00f5es.<\/p>\n<p style=\"text-align: justify;\">\u2013 <strong>Impetigo<\/strong><\/p>\n<p style=\"text-align: justify;\">\u00c9 uma infec\u00e7\u00e3o bacteriana superficial da pele, altamente contagiosa, e muito comum na face ou extremidades da pele de crian\u00e7as. O ver\u00e3o \u00e9 a esta\u00e7\u00e3o prop\u00edcia para o desenvolvimento do impetigo, uma vez que o calor e a umidade favorecem a instala\u00e7\u00e3o e o desenvolvimento dos agentes infecciosos. Outros fatores como queda no sistema de defesa do organismo, ferimentos superficiais na pele (arranh\u00f5es e pequenos cortes), picadas de insetos ou mesmo les\u00f5es de pele de outras doen\u00e7as pr\u00e9-existentes (como a dermatite at\u00f3pica) podem servir de porta de entrada para a bact\u00e9ria e manifesta\u00e7\u00e3o da doen\u00e7a.<\/p>\n<p style=\"text-align: justify;\">\u2013 <strong>Alergia<\/strong><\/p>\n<p style=\"text-align: justify;\">\u00c9 comum que meninas utilizem maquiagens de adulto ou pintem os cabelos para irem \u00e0s aulas. Mas, a pele das crian\u00e7as tende a ser mais fina e porosa do que a dos adultos, por isso absorve mais os produtos e tem maior risco de apresentar rea\u00e7\u00f5es al\u00e9rgicas graves em contato com algumas subst\u00e2ncias qu\u00edmicas. Por isso, a SBD recomenda que os pais permitam apenas os produtos infantis e espec\u00edficos para a faixa et\u00e1ria dos filhos. A tintura ou descoloramento dos cabelos das crian\u00e7as \u00e9 outro motivo das alergias. Nesse caso, a SBD n\u00e3o recomenda nenhum tipo de tintura.<\/p>\n<p style=\"text-align: justify;\">\u201cA escola \u00e9 essencial na educa\u00e7\u00e3o da sa\u00fade e pode ser parceira na prote\u00e7\u00e3o da pele das crian\u00e7as. Uma dica \u00e9 orientar as fam\u00edlias, no in\u00edcio do ano letivo, a observar suas crian\u00e7as e verificar se voltaram das f\u00e9rias com a pele comprometida\u201d, conclui a Dra. Ana M\u00f3sca.<\/p>\n<p style=\"text-align: justify;\">\n<p style=\"text-align: justify;\">Fonte: Assessoria de Comunica\u00e7\u00e3o do Cremepe<\/p>\n","protected":false},"excerpt":{"rendered":"<p>Volta \u00e0s aulas, voltam as preocupa\u00e7\u00f5es com as doen\u00e7as da pele na crian\u00e7ada. N\u00e3o \u00e9 raro os pequenos voltarem das f\u00e9rias com problemas na pele e no cabelo que, muitas vezes, podem ser transmitidos durante o contato com as outras crian\u00e7as no ambiente escolar. \u201c\u00c9 importante a fam\u00edlia entender que ao retornar ao col\u00e9gio, \u00e9 [&hellip;]<\/p>\n","protected":false},"author":1,"featured_media":0,"comment_status":"open","ping_status":"open","sticky":false,"template":"","format":"standard","meta":{"ocean_post_layout":"","ocean_both_sidebars_style":"","ocean_both_sidebars_content_width":0,"ocean_both_sidebars_sidebars_width":0,"ocean_sidebar":"","ocean_second_sidebar":"","ocean_disable_margins":"enable","ocean_add_body_class":"","ocean_shortcode_before_top_bar":"","ocean_shortcode_after_top_bar":"","ocean_shortcode_before_header":"","ocean_shortcode_after_header":"","ocean_has_shortcode":"","ocean_shortcode_after_title":"","ocean_shortcode_before_footer_widgets":"","ocean_shortcode_after_footer_widgets":"","ocean_shortcode_before_footer_bottom":"","ocean_shortcode_after_footer_bottom":"","ocean_display_top_bar":"default","ocean_display_header":"default","ocean_header_style":"","ocean_center_header_left_menu":"","ocean_custom_header_template":"","ocean_custom_logo":0,"ocean_custom_retina_logo":0,"ocean_custom_logo_max_width":0,"ocean_custom_logo_tablet_max_width":0,"ocean_custom_logo_mobile_max_width":0,"ocean_custom_logo_max_height":0,"ocean_custom_logo_tablet_max_height":0,"ocean_custom_logo_mobile_max_height":0,"ocean_header_custom_menu":"","ocean_menu_typo_font_family":"","ocean_menu_typo_font_subset":"","ocean_menu_typo_font_size":0,"ocean_menu_typo_font_size_tablet":0,"ocean_menu_typo_font_size_mobile":0,"ocean_menu_typo_font_size_unit":"px","ocean_menu_typo_font_weight":"","ocean_menu_typo_font_weight_tablet":"","ocean_menu_typo_font_weight_mobile":"","ocean_menu_typo_transform":"","ocean_menu_typo_transform_tablet":"","ocean_menu_typo_transform_mobile":"","ocean_menu_typo_line_height":0,"ocean_menu_typo_line_height_tablet":0,"ocean_menu_typo_line_height_mobile":0,"ocean_menu_typo_line_height_unit":"","ocean_menu_typo_spacing":0,"ocean_menu_typo_spacing_tablet":0,"ocean_menu_typo_spacing_mobile":0,"ocean_menu_typo_spacing_unit":"","ocean_menu_link_color":"","ocean_menu_link_color_hover":"","ocean_menu_link_color_active":"","ocean_menu_link_background":"","ocean_menu_link_hover_background":"","ocean_menu_link_active_background":"","ocean_menu_social_links_bg":"","ocean_menu_social_hover_links_bg":"","ocean_menu_social_links_color":"","ocean_menu_social_hover_links_color":"","ocean_disable_title":"default","ocean_disable_heading":"default","ocean_post_title":"","ocean_post_subheading":"","ocean_post_title_style":"","ocean_post_title_background_color":"","ocean_post_title_background":0,"ocean_post_title_bg_image_position":"","ocean_post_title_bg_image_attachment":"","ocean_post_title_bg_image_repeat":"","ocean_post_title_bg_image_size":"","ocean_post_title_height":0,"ocean_post_title_bg_overlay":0.5,"ocean_post_title_bg_overlay_color":"","ocean_disable_breadcrumbs":"default","ocean_breadcrumbs_color":"","ocean_breadcrumbs_separator_color":"","ocean_breadcrumbs_links_color":"","ocean_breadcrumbs_links_hover_color":"","ocean_display_footer_widgets":"default","ocean_display_footer_bottom":"default","ocean_custom_footer_template":"","ocean_post_oembed":"","ocean_post_self_hosted_media":"","ocean_post_video_embed":"","ocean_link_format":"","ocean_link_format_target":"self","ocean_quote_format":"","ocean_quote_format_link":"post","ocean_gallery_link_images":"on","ocean_gallery_id":[]},"categories":[9],"tags":[],"acf":[],"_links":{"self":[{"href":"https:\/\/www.simepe.com.br\/novo\/wp-json\/wp\/v2\/posts\/44333"}],"collection":[{"href":"https:\/\/www.simepe.com.br\/novo\/wp-json\/wp\/v2\/posts"}],"about":[{"href":"https:\/\/www.simepe.com.br\/novo\/wp-json\/wp\/v2\/types\/post"}],"author":[{"embeddable":true,"href":"https:\/\/www.simepe.com.br\/novo\/wp-json\/wp\/v2\/users\/1"}],"replies":[{"embeddable":true,"href":"https:\/\/www.simepe.com.br\/novo\/wp-json\/wp\/v2\/comments?post=44333"}],"version-history":[{"count":1,"href":"https:\/\/www.simepe.com.br\/novo\/wp-json\/wp\/v2\/posts\/44333\/revisions"}],"predecessor-version":[{"id":44334,"href":"https:\/\/www.simepe.com.br\/novo\/wp-json\/wp\/v2\/posts\/44333\/revisions\/44334"}],"wp:attachment":[{"href":"https:\/\/www.simepe.com.br\/novo\/wp-json\/wp\/v2\/media?parent=44333"}],"wp:term":[{"taxonomy":"category","embeddable":true,"href":"https:\/\/www.simepe.com.br\/novo\/wp-json\/wp\/v2\/categories?post=44333"},{"taxonomy":"post_tag","embeddable":true,"href":"https:\/\/www.simepe.com.br\/novo\/wp-json\/wp\/v2\/tags?post=44333"}],"curies":[{"name":"wp","href":"https:\/\/api.w.org\/{rel}","templated":true}]}}