{"id":44335,"date":"2018-03-01T11:08:56","date_gmt":"2018-03-01T14:08:56","guid":{"rendered":"http:\/\/www.simepe.com.br\/novo\/?p=44335"},"modified":"2018-03-01T11:08:56","modified_gmt":"2018-03-01T14:08:56","slug":"sexta-vitima-de-medico-suspeito-de-abusos-sexuais-denuncia-profissional-a-policia","status":"publish","type":"post","link":"https:\/\/www.simepe.com.br\/novo\/sexta-vitima-de-medico-suspeito-de-abusos-sexuais-denuncia-profissional-a-policia\/","title":{"rendered":"Sexta v\u00edtima de m\u00e9dico suspeito de abusos sexuais denuncia profissional \u00e0 pol\u00edcia"},"content":{"rendered":"<p style=\"text-align: justify;\">Leia depoimento entregue \u00e0 Delegacia da Mulher. Traumatologista \u00e9 esperado para dar depoimento<\/p>\n<p style=\"text-align: justify;\">A Delegacia de Repress\u00e3o aos Crimes contra a Mulher confirmou que j\u00e1 s\u00e3o seis as v\u00edtimas a denunciarem o ortopedista e traumatologista da Unidade de Pronto Atendimento (UPA) do bairro da Imbiribeira, na Zona Sul do Recife, Kid N\u00e9lio Souza de Melo, 35, por estupro. Na tarde de ontem, mais uma paciente procurou a pol\u00edcia para relatar abusos cometidos por ele. Al\u00e9m das acusa\u00e7\u00f5es de viol\u00eancia sexual, Kid responde a dois processos na Justi\u00e7a por erro m\u00e9dico. Ele j\u00e1 foi suspenso das atividades pela Secretaria Estadual de Sa\u00fade. O suspeito deve prestar depoimento, mas ainda n\u00e3o h\u00e1 previs\u00e3o para a ouvida.<\/p>\n<p style=\"text-align: justify;\">A sexta v\u00edtima chegou \u00e0 Delegacia da Mulher, no bairro de Santo Amaro, por volta das 14h30 de ontem. Ela contou que foi \u00e0 UPA da Imbiribeira por volta das 8h40 do dia 29 de novembro do ano passado. Buscou atendimento por conta de uma tor\u00e7\u00e3o no p\u00e9. A v\u00edtima disse que o m\u00e9dico alisou sua perna e apalpou sua n\u00e1dega e seu seio.<\/p>\n<p style=\"text-align: justify;\">\u201cEle pediu para que eu ficasse de costas para ele. Em p\u00e9, me segurava pelo peito. Fui ficando cada vez mais nervosa e comecei a me tremer\u201d, escreveu ela em uma carta levada \u00e0 delegacia (leia depoimento completo nesta p\u00e1gina). A mulher, que n\u00e3o quis revelar seu nome ou idade, e declinou de ser fotografada at\u00e9 mesmo de costas, viveu momentos de horror na companhia do especialista em seu consult\u00f3rio na UPA.<\/p>\n<p style=\"text-align: justify;\">O m\u00e9dico, que se formou em 2009, foi denunciado por outras cinco pacientes que dizem ter sido abusadas por ele. Uma v\u00edtima de 18 anos, que fez a primeira den\u00fancia, procurou atendimento no setor de traumatologia da UPA da Imbiribeira por volta das 9h do dia 21 de fevereiro deste ano, ap\u00f3s sofrer um acidente em casa. Ela disse que Kid N\u00e9lio chegou a ejacular durante os abusos.<\/p>\n<p style=\"text-align: justify;\">Ontem, pelas redes sociais, outros ex-pacientes, que n\u00e3o procuraram a pol\u00edcia, comentaram a conduta do suspeito no consult\u00f3rio. \u201cQuando fui ser consultada, ele me tratou muito mal. Fui indicada por outro m\u00e9dico, mas gra\u00e7as a Deus n\u00e3o fiz a minha cirurgia com ele\u201d, relatou uma internauta. \u201cAchei que n\u00e3o fosse ver esse homem nunca mais na minha vida. Tive a sorte de escapar. Agora voc\u00ea vai pagar. Que a justi\u00e7a seja feita\u201d, escreveu outra mulher. \u201cTive a infelicidade de cair num ambulat\u00f3rio de traumatologia com esse sujeito. P\u00e9ssimo profissional, al\u00e9m de muito anti\u00e9tico\u201d, postou um internauta.<\/p>\n<p style=\"text-align: justify;\">Al\u00e9m da UPA da Imbiribeira, o m\u00e9dico atende em um consult\u00f3rio de um hospital particular do Recife e em uma rede hospitalar de um plano de sa\u00fade. As acusa\u00e7\u00f5es contra ele est\u00e3o sendo investigadas pela delegada Ana Elisa Sobreira, que foi designada pela gestora do Departamento da Mulher da Pol\u00edcia Civil de Pernambuco, Gleide \u00c2ngelo. O Conselho Regional de Medicina de Pernambuco (Cremepe) abriu sindic\u00e2ncia interna para investigar o caso, e o trabalho pode culminar com a cassa\u00e7\u00e3o do registro.<\/p>\n<p style=\"text-align: justify;\">Com rela\u00e7\u00e3o aos processos por erro m\u00e9dico, o primeiro tramita na 31\u00aa Vara Civil da Capital e foi distribu\u00eddo em maio de 2016. Diz respeito a uma den\u00fancia de um policial que passou por uma cirurgia no punho direito e precisou ter o procedimento refeito por outro profissional. O segundo, que chegou ao Poder Judici\u00e1rio em outubro do mesmo ano, tem como v\u00edtima uma mulher. A a\u00e7\u00e3o corre na 31\u00aa Vara C\u00edvel da Capital.<\/p>\n<p style=\"text-align: justify;\"><strong>Em carta \u00e0 pol\u00edcia, paciente detalha sess\u00e3o de abusos<\/strong><\/p>\n<p style=\"text-align: justify;\">\nLeia o depoimento entregue \u00e0 Delegacia da Mulher pela sexta v\u00edtima do m\u00e9dico, que afirma ter sofrido viol\u00eancia em 29 de novembro de 2017<\/p>\n<p style=\"text-align: justify;\">\u201cCheguei \u00e0 UPA da Imbiribeira por volta das 8h40. Preenchi a ficha e aguardei ser chamada. Foi quando apareceram na tela o n\u00famero da sala e o meu nome. Eu tinha torcido o p\u00e9 um dia antes. Quando entrei na sala, ele (o m\u00e9dico Kid N\u00e9lio) perguntou o que aconteceu e eu o informei. O mesmo pediu para eu colocar meu p\u00e9 em cima da perna dele. N\u00e3o vi necessidade, mas coloquei, achando que seria esse o procedimento.<\/p>\n<p style=\"text-align: justify;\">\nAp\u00f3s eu colocar o p\u00e9 (na perna do m\u00e9dico), ele ficou alisando meu p\u00e9 e subindo (com a m\u00e3o) pela perna. Eu dizia que era apenas o p\u00e9, que minha perna estava normal. Em seguida, ele me encaminhou para fazer um raio x e disse que, assim que sa\u00edsse o resultado, eu voltaria para a sala. Ap\u00f3s ter feito o exame, voltei para a sala dele. O mesmo sentou-se na cadeira que seria para o paciente e ficou fechando a porta. Sentado na cadeira, impedia a entrada de outros na sala (a cadeira foi usada pelo m\u00e9dico para bloquear a entrada, segundo a v\u00edtima).<\/p>\n<p style=\"text-align: justify;\">\nO mesmo pediu para que eu ficasse em p\u00e9 na frente dele. Ele colocou as m\u00e3os no meu quadril e me aproximou um pouco mais dele. Pedia para que eu tentasse ficar de ponta de p\u00e9 e eu informava que n\u00e3o conseguia. Ele falava \u2018eu estou lhe segurando, voc\u00ea n\u00e3o vai cair\u2019 e continuava segurando no meu quadril, com parte da m\u00e3o sobre a minha bunda.<\/p>\n<p style=\"text-align: justify;\">\nEu achei muito estranho. Fiquei nervosa com a situa\u00e7\u00e3o, e o mesmo insistia que eu fizesse novamente o exerc\u00edcio. Logo em seguida, ele pediu para que eu ficasse de costas para ele. Em p\u00e9, ele me segurava pelo peito. Fui ficando cada vez mais nervosa e comecei a me tremer. Eu informava a ele que n\u00e3o conseguia ficar de ponta de p\u00e9. J\u00e1 estava suando de nervosa e ele pedindo para que eu continuasse. Ele estava se esfregando em mim por tr\u00e1s e falando ao meu ouvido.<\/p>\n<p style=\"text-align: justify;\">\nIsso continuou por um per\u00edodo entre cinco e sete minutos. Foi quando eu disse que n\u00e3o aguentava mais, que meu p\u00e9 do\u00eda muito. Pedi para ele passar um rem\u00e9dio para que eu tomasse. O mesmo me soltou. Eu fiquei pr\u00f3xima da maca.<\/p>\n<p style=\"text-align: justify;\">\nEle pegou o raio x e disse apenas que o tend\u00e3o estava inflamado. Me encaminhou para a sala de medica\u00e7\u00e3o. Quando cheguei \u00e0 sala, nervosa, perguntei qual o rem\u00e9dio que iria tomar e ela (uma enfermeira) disse que seria dipirona injet\u00e1vel. Eu disse que n\u00e3o ia tomar e pedi minha alta. A enfermeira disse que eu teria que voltar para o m\u00e9dico para inform\u00e1-lo. Bati na porta da sala dele e nem entrei. Pedi minha alta e disse que queria ir embora. Ele me deu uma requisi\u00e7\u00e3o com o medicamento para comprar e perguntou se eu estava bem. Eu disse que sim e sa\u00ed pulando daquele lugar. Tudo aconteceu no dia 29\/11\/2017. Sa\u00ed da UPA por volta das 10h20.\u201d\n<\/p>\n<p style=\"text-align: justify;\">\n<p style=\"text-align: justify;\">Fonte: Diario de Pernambuco<\/p>\n","protected":false},"excerpt":{"rendered":"<p>Leia depoimento entregue \u00e0 Delegacia da Mulher. Traumatologista \u00e9 esperado para dar depoimento A Delegacia de Repress\u00e3o aos Crimes contra a Mulher confirmou que j\u00e1 s\u00e3o seis as v\u00edtimas a denunciarem o ortopedista e traumatologista da Unidade de Pronto Atendimento (UPA) do bairro da Imbiribeira, na Zona Sul do Recife, Kid N\u00e9lio Souza de Melo, [&hellip;]<\/p>\n","protected":false},"author":1,"featured_media":0,"comment_status":"open","ping_status":"open","sticky":false,"template":"","format":"standard","meta":{"ocean_post_layout":"","ocean_both_sidebars_style":"","ocean_both_sidebars_content_width":0,"ocean_both_sidebars_sidebars_width":0,"ocean_sidebar":"","ocean_second_sidebar":"","ocean_disable_margins":"enable","ocean_add_body_class":"","ocean_shortcode_before_top_bar":"","ocean_shortcode_after_top_bar":"","ocean_shortcode_before_header":"","ocean_shortcode_after_header":"","ocean_has_shortcode":"","ocean_shortcode_after_title":"","ocean_shortcode_before_footer_widgets":"","ocean_shortcode_after_footer_widgets":"","ocean_shortcode_before_footer_bottom":"","ocean_shortcode_after_footer_bottom":"","ocean_display_top_bar":"default","ocean_display_header":"default","ocean_header_style":"","ocean_center_header_left_menu":"","ocean_custom_header_template":"","ocean_custom_logo":0,"ocean_custom_retina_logo":0,"ocean_custom_logo_max_width":0,"ocean_custom_logo_tablet_max_width":0,"ocean_custom_logo_mobile_max_width":0,"ocean_custom_logo_max_height":0,"ocean_custom_logo_tablet_max_height":0,"ocean_custom_logo_mobile_max_height":0,"ocean_header_custom_menu":"","ocean_menu_typo_font_family":"","ocean_menu_typo_font_subset":"","ocean_menu_typo_font_size":0,"ocean_menu_typo_font_size_tablet":0,"ocean_menu_typo_font_size_mobile":0,"ocean_menu_typo_font_size_unit":"px","ocean_menu_typo_font_weight":"","ocean_menu_typo_font_weight_tablet":"","ocean_menu_typo_font_weight_mobile":"","ocean_menu_typo_transform":"","ocean_menu_typo_transform_tablet":"","ocean_menu_typo_transform_mobile":"","ocean_menu_typo_line_height":0,"ocean_menu_typo_line_height_tablet":0,"ocean_menu_typo_line_height_mobile":0,"ocean_menu_typo_line_height_unit":"","ocean_menu_typo_spacing":0,"ocean_menu_typo_spacing_tablet":0,"ocean_menu_typo_spacing_mobile":0,"ocean_menu_typo_spacing_unit":"","ocean_menu_link_color":"","ocean_menu_link_color_hover":"","ocean_menu_link_color_active":"","ocean_menu_link_background":"","ocean_menu_link_hover_background":"","ocean_menu_link_active_background":"","ocean_menu_social_links_bg":"","ocean_menu_social_hover_links_bg":"","ocean_menu_social_links_color":"","ocean_menu_social_hover_links_color":"","ocean_disable_title":"default","ocean_disable_heading":"default","ocean_post_title":"","ocean_post_subheading":"","ocean_post_title_style":"","ocean_post_title_background_color":"","ocean_post_title_background":0,"ocean_post_title_bg_image_position":"","ocean_post_title_bg_image_attachment":"","ocean_post_title_bg_image_repeat":"","ocean_post_title_bg_image_size":"","ocean_post_title_height":0,"ocean_post_title_bg_overlay":0.5,"ocean_post_title_bg_overlay_color":"","ocean_disable_breadcrumbs":"default","ocean_breadcrumbs_color":"","ocean_breadcrumbs_separator_color":"","ocean_breadcrumbs_links_color":"","ocean_breadcrumbs_links_hover_color":"","ocean_display_footer_widgets":"default","ocean_display_footer_bottom":"default","ocean_custom_footer_template":"","ocean_post_oembed":"","ocean_post_self_hosted_media":"","ocean_post_video_embed":"","ocean_link_format":"","ocean_link_format_target":"self","ocean_quote_format":"","ocean_quote_format_link":"post","ocean_gallery_link_images":"on","ocean_gallery_id":[]},"categories":[9],"tags":[],"acf":[],"_links":{"self":[{"href":"https:\/\/www.simepe.com.br\/novo\/wp-json\/wp\/v2\/posts\/44335"}],"collection":[{"href":"https:\/\/www.simepe.com.br\/novo\/wp-json\/wp\/v2\/posts"}],"about":[{"href":"https:\/\/www.simepe.com.br\/novo\/wp-json\/wp\/v2\/types\/post"}],"author":[{"embeddable":true,"href":"https:\/\/www.simepe.com.br\/novo\/wp-json\/wp\/v2\/users\/1"}],"replies":[{"embeddable":true,"href":"https:\/\/www.simepe.com.br\/novo\/wp-json\/wp\/v2\/comments?post=44335"}],"version-history":[{"count":1,"href":"https:\/\/www.simepe.com.br\/novo\/wp-json\/wp\/v2\/posts\/44335\/revisions"}],"predecessor-version":[{"id":44336,"href":"https:\/\/www.simepe.com.br\/novo\/wp-json\/wp\/v2\/posts\/44335\/revisions\/44336"}],"wp:attachment":[{"href":"https:\/\/www.simepe.com.br\/novo\/wp-json\/wp\/v2\/media?parent=44335"}],"wp:term":[{"taxonomy":"category","embeddable":true,"href":"https:\/\/www.simepe.com.br\/novo\/wp-json\/wp\/v2\/categories?post=44335"},{"taxonomy":"post_tag","embeddable":true,"href":"https:\/\/www.simepe.com.br\/novo\/wp-json\/wp\/v2\/tags?post=44335"}],"curies":[{"name":"wp","href":"https:\/\/api.w.org\/{rel}","templated":true}]}}