{"id":44337,"date":"2018-03-01T11:11:09","date_gmt":"2018-03-01T14:11:09","guid":{"rendered":"http:\/\/www.simepe.com.br\/novo\/?p=44337"},"modified":"2018-03-01T11:11:09","modified_gmt":"2018-03-01T14:11:09","slug":"centro-de-referencia-em-doencas-raras-deve-iniciar-atendimentos-ate-maio","status":"publish","type":"post","link":"https:\/\/www.simepe.com.br\/novo\/centro-de-referencia-em-doencas-raras-deve-iniciar-atendimentos-ate-maio\/","title":{"rendered":"Centro de Refer\u00eancia em Doen\u00e7as Raras deve iniciar atendimentos at\u00e9 maio"},"content":{"rendered":"<p style=\"text-align: justify;\">Consultas e acompanhamentos ser\u00e3o feitos no Hospital Maria Lucinda, em Parnamirim<\/p>\n<p style=\"text-align: justify;\">At\u00e9 maio, dever\u00e1 ser inaugurado o Centro de Refer\u00eancia em Doen\u00e7as Raras de Pernambuco. Inicialmente, as consultas especializadas ser\u00e3o focadas em pediatria, neuropediatria e neurologia (que ser\u00e1 oferecida tamb\u00e9m para adultos), ortopedia pedi\u00e1trica, cardiologia pedi\u00e1trica e cl\u00ednica geral. No espa\u00e7o, a ser instalado dentro do Hospital Maria Lucinda, em Parnamirim, ainda haver\u00e1 uma equipe multidisciplinar formada por assistente social, nutricionista e psic\u00f3logo \u00e0 disposi\u00e7\u00e3o. Um bra\u00e7o ambulatorial de atua\u00e7\u00e3o ficar\u00e1 no Derby. De acordo com a Secretaria Estadual de Sa\u00fade, o Ambulat\u00f3rio de Doen\u00e7as Raras de Pernambuco, atualmente, aguarda apenas a habilita\u00e7\u00e3o pelo Minist\u00e9rio da Sa\u00fade.<\/p>\n<p style=\"text-align: justify;\">Atrav\u00e9s da Portaria 199, de 30 de janeiro de 2014, se desenhou o projeto que pode ressignificar a expectativa de vida dos pacientes de doen\u00e7as raras, como Jo\u00e3o Pedro. A determina\u00e7\u00e3o do Minist\u00e9rio da Sa\u00fade institui a Pol\u00edtica Nacional de Aten\u00e7\u00e3o Integral \u00e0s Pessoas com Doen\u00e7as Raras, aprova as diretrizes para Aten\u00e7\u00e3o Integral \u00e0s Pessoas com Doen\u00e7as Raras no \u00e2mbito do Sistema \u00danico de Sa\u00fade (SUS) e institui incentivos financeiros de custeio. &#8220;Desde que foi liberada a portaria, um grupo de profissionais, incluindo eu, que trabalhava com essas enfermidades j\u00e1 se uniu e come\u00e7ou a discutir a relev\u00e2ncia de um centro m\u00e9dico especializado no estado. Existe o problema do diagn\u00f3stico das doen\u00e7as e precisamos ter exames, pesquisas e espa\u00e7o adequado para cuidar desses pacientes&#8221;, complementou a neurologista Vanessa Van Der Linden, que faz parte do corpo profissional que vai compor a unidade.<\/p>\n<p style=\"text-align: justify;\">Associado ao pedido dos m\u00e9dicos, o apelo das fam\u00edlias e o surto da microcefalia causada pela S\u00edndrome Cong\u00eanita do Zika V\u00edrus, tornaram indispens\u00e1vel a constru\u00e7\u00e3o do centro. &#8220;Muitos pacientes levam anos para obter o diagn\u00f3stico correto. Uma crian\u00e7a com doen\u00e7a rara pode n\u00e3o ter defici\u00eancia alguma. Outras nascem completamente normais e s\u00e3o acometidas por enfermidades degenerativas. A exist\u00eancia do centro \u00e9 essencial para que os pacientes recebam os cuidados devidos e para que os profissionais tamb\u00e9m se especializem. Esperamos com o tempo receber residentes, p\u00f3s-graduandos e fortalecer essa equipe&#8221;, disse a m\u00e9dica.<\/p>\n<p style=\"text-align: justify;\">No Centro de Refer\u00eancia, ser\u00e1 disponibilizado, ainda, aconselhamento gen\u00e9tico das pessoas acometidas e tamb\u00e9m de seus familiares. O espa\u00e7o vai atuar na pesquisa e ensino organizado, com programas e protocolos estabelecidos, atuando como polo de difus\u00e3o de conhecimento para outras regi\u00f5es do estado. O an\u00fancio da abertura dos atendimentos no Centro foi feito, no \u00faltimo dia 20, pelo secret\u00e1rio estadual de Sa\u00fade, Iran Costa, durante reuni\u00e3o da Frente em Defesa das Pessoas com Defici\u00eancia na Assembleia Legislativa de Pernambuco (Alepe).<\/p>\n<p style=\"text-align: justify;\">\n<strong>DOEN\u00c7AS RARAS MAIS FREQUENTES EM PERNAMBUCO<\/strong><\/p>\n<ul style=\"text-align: justify;\">\n<li>S\u00edndrome Cong\u00eanita do Zika V\u00edrus<\/li>\n<li>Mucopolissacaridose<\/li>\n<li>Doen\u00e7a de Niemann-Pick<\/li>\n<li>Amiotrofia Espinhal Progressiva<\/li>\n<li>Distrofias Musculares<\/li>\n<li>Miopatias<\/li>\n<\/ul>\n<p style=\"text-align: justify;\">\n<p style=\"text-align: justify;\">Fonte: Diario de Pernambuco<\/p>\n","protected":false},"excerpt":{"rendered":"<p>Consultas e acompanhamentos ser\u00e3o feitos no Hospital Maria Lucinda, em Parnamirim At\u00e9 maio, dever\u00e1 ser inaugurado o Centro de Refer\u00eancia em Doen\u00e7as Raras de Pernambuco. Inicialmente, as consultas especializadas ser\u00e3o focadas em pediatria, neuropediatria e neurologia (que ser\u00e1 oferecida tamb\u00e9m para adultos), ortopedia pedi\u00e1trica, cardiologia pedi\u00e1trica e cl\u00ednica geral. No espa\u00e7o, a ser instalado dentro [&hellip;]<\/p>\n","protected":false},"author":1,"featured_media":0,"comment_status":"open","ping_status":"open","sticky":false,"template":"","format":"standard","meta":{"ocean_post_layout":"","ocean_both_sidebars_style":"","ocean_both_sidebars_content_width":0,"ocean_both_sidebars_sidebars_width":0,"ocean_sidebar":"","ocean_second_sidebar":"","ocean_disable_margins":"enable","ocean_add_body_class":"","ocean_shortcode_before_top_bar":"","ocean_shortcode_after_top_bar":"","ocean_shortcode_before_header":"","ocean_shortcode_after_header":"","ocean_has_shortcode":"","ocean_shortcode_after_title":"","ocean_shortcode_before_footer_widgets":"","ocean_shortcode_after_footer_widgets":"","ocean_shortcode_before_footer_bottom":"","ocean_shortcode_after_footer_bottom":"","ocean_display_top_bar":"default","ocean_display_header":"default","ocean_header_style":"","ocean_center_header_left_menu":"","ocean_custom_header_template":"","ocean_custom_logo":0,"ocean_custom_retina_logo":0,"ocean_custom_logo_max_width":0,"ocean_custom_logo_tablet_max_width":0,"ocean_custom_logo_mobile_max_width":0,"ocean_custom_logo_max_height":0,"ocean_custom_logo_tablet_max_height":0,"ocean_custom_logo_mobile_max_height":0,"ocean_header_custom_menu":"","ocean_menu_typo_font_family":"","ocean_menu_typo_font_subset":"","ocean_menu_typo_font_size":0,"ocean_menu_typo_font_size_tablet":0,"ocean_menu_typo_font_size_mobile":0,"ocean_menu_typo_font_size_unit":"px","ocean_menu_typo_font_weight":"","ocean_menu_typo_font_weight_tablet":"","ocean_menu_typo_font_weight_mobile":"","ocean_menu_typo_transform":"","ocean_menu_typo_transform_tablet":"","ocean_menu_typo_transform_mobile":"","ocean_menu_typo_line_height":0,"ocean_menu_typo_line_height_tablet":0,"ocean_menu_typo_line_height_mobile":0,"ocean_menu_typo_line_height_unit":"","ocean_menu_typo_spacing":0,"ocean_menu_typo_spacing_tablet":0,"ocean_menu_typo_spacing_mobile":0,"ocean_menu_typo_spacing_unit":"","ocean_menu_link_color":"","ocean_menu_link_color_hover":"","ocean_menu_link_color_active":"","ocean_menu_link_background":"","ocean_menu_link_hover_background":"","ocean_menu_link_active_background":"","ocean_menu_social_links_bg":"","ocean_menu_social_hover_links_bg":"","ocean_menu_social_links_color":"","ocean_menu_social_hover_links_color":"","ocean_disable_title":"default","ocean_disable_heading":"default","ocean_post_title":"","ocean_post_subheading":"","ocean_post_title_style":"","ocean_post_title_background_color":"","ocean_post_title_background":0,"ocean_post_title_bg_image_position":"","ocean_post_title_bg_image_attachment":"","ocean_post_title_bg_image_repeat":"","ocean_post_title_bg_image_size":"","ocean_post_title_height":0,"ocean_post_title_bg_overlay":0.5,"ocean_post_title_bg_overlay_color":"","ocean_disable_breadcrumbs":"default","ocean_breadcrumbs_color":"","ocean_breadcrumbs_separator_color":"","ocean_breadcrumbs_links_color":"","ocean_breadcrumbs_links_hover_color":"","ocean_display_footer_widgets":"default","ocean_display_footer_bottom":"default","ocean_custom_footer_template":"","ocean_post_oembed":"","ocean_post_self_hosted_media":"","ocean_post_video_embed":"","ocean_link_format":"","ocean_link_format_target":"self","ocean_quote_format":"","ocean_quote_format_link":"post","ocean_gallery_link_images":"on","ocean_gallery_id":[]},"categories":[9],"tags":[],"acf":[],"_links":{"self":[{"href":"https:\/\/www.simepe.com.br\/novo\/wp-json\/wp\/v2\/posts\/44337"}],"collection":[{"href":"https:\/\/www.simepe.com.br\/novo\/wp-json\/wp\/v2\/posts"}],"about":[{"href":"https:\/\/www.simepe.com.br\/novo\/wp-json\/wp\/v2\/types\/post"}],"author":[{"embeddable":true,"href":"https:\/\/www.simepe.com.br\/novo\/wp-json\/wp\/v2\/users\/1"}],"replies":[{"embeddable":true,"href":"https:\/\/www.simepe.com.br\/novo\/wp-json\/wp\/v2\/comments?post=44337"}],"version-history":[{"count":1,"href":"https:\/\/www.simepe.com.br\/novo\/wp-json\/wp\/v2\/posts\/44337\/revisions"}],"predecessor-version":[{"id":44338,"href":"https:\/\/www.simepe.com.br\/novo\/wp-json\/wp\/v2\/posts\/44337\/revisions\/44338"}],"wp:attachment":[{"href":"https:\/\/www.simepe.com.br\/novo\/wp-json\/wp\/v2\/media?parent=44337"}],"wp:term":[{"taxonomy":"category","embeddable":true,"href":"https:\/\/www.simepe.com.br\/novo\/wp-json\/wp\/v2\/categories?post=44337"},{"taxonomy":"post_tag","embeddable":true,"href":"https:\/\/www.simepe.com.br\/novo\/wp-json\/wp\/v2\/tags?post=44337"}],"curies":[{"name":"wp","href":"https:\/\/api.w.org\/{rel}","templated":true}]}}