{"id":44343,"date":"2018-03-01T11:31:25","date_gmt":"2018-03-01T14:31:25","guid":{"rendered":"http:\/\/www.simepe.com.br\/novo\/?p=44343"},"modified":"2018-03-01T11:31:25","modified_gmt":"2018-03-01T14:31:25","slug":"brasil-tem-gravidez-na-adolescencia-acima-da-media-latino-americana-diz-oms","status":"publish","type":"post","link":"https:\/\/www.simepe.com.br\/novo\/brasil-tem-gravidez-na-adolescencia-acima-da-media-latino-americana-diz-oms\/","title":{"rendered":"Brasil tem gravidez na adolesc\u00eancia acima da m\u00e9dia latino-americana, diz OMS"},"content":{"rendered":"<p style=\"text-align: justify;\">A cada mil adolescentes brasileiras entre 15 e 19 anos, 68,4 ficaram gr\u00e1vidas e tiveram seus beb\u00eas, diz relat\u00f3rio da Organiza\u00e7\u00e3o Mundial da Sa\u00fade.<\/p>\n<p style=\"text-align: justify;\">O Brasil tem 68,4 beb\u00eas nascidos de m\u00e3es adolescentes a cada mil meninas de 15 a 19 anos, diz relat\u00f3rio da Organiza\u00e7\u00e3o Mundial da Sa\u00fade.<\/p>\n<p style=\"text-align: justify;\">O \u00edndice brasileiro est\u00e1 acima da m\u00e9dia latino-americana, estimada em 65,5. No mundo, a m\u00e9dia \u00e9 de 46 nascimentos a cada mil.<\/p>\n<p style=\"text-align: justify;\">Em pa\u00edses como os Estados Unidos, o \u00edndice \u00e9 de 22,3 nascimentos a cada 1 mil adolescentes de 15 a 19 anos.<\/p>\n<p style=\"text-align: justify;\">O relat\u00f3rio da OMS foi divulgado na quarta-feira (28) e as taxas se referem ao \u00faltimo per\u00edodo analisado &#8211; entre 2010 e 2015.<\/p>\n<p style=\"text-align: justify;\">Um outro ponto divulgado pela entidade \u00e9 que a Am\u00e9rica Latina \u00e9 a \u00fanica regi\u00e3o do mundo com uma tend\u00eancia crescente de gravidez entre adolescentes menores de 15 anos.<\/p>\n<p style=\"text-align: justify;\">\u201cA gravidez na adolesc\u00eancia pode ter um efeito profundo na sa\u00fade das meninas durante a vida\u201d, disse Carissa Etienne, diretora da Organiza\u00e7\u00e3o Pan-Americana de Sa\u00fade\/OPAS, em nota.<\/p>\n<p style=\"text-align: justify;\">\n\u201cN\u00e3o apenas cria obst\u00e1culos para seu desenvolvimento psicossocial, como se associa a resultados deficientes na sa\u00fade e a um maior risco de morte materna. Al\u00e9m disso, seus filhos t\u00eam mais risco de ter uma sa\u00fade mais fr\u00e1gil e cair na pobreza\u201d, continua Carissa.<\/p>\n<p style=\"text-align: justify;\">Tamb\u00e9m o documento indica que, apesar de a fecundidade total na Am\u00e9rica Latina ter diminu\u00eddo nos \u00faltimos 30 anos, o mesmo ritmo n\u00e3o foi observado nas gesta\u00e7\u00f5es de adolescentes.<\/p>\n<p style=\"text-align: justify;\">A taxa total de fecundidade na Am\u00e9rica Latina e no Caribe caiu de 3,95 nascimentos por mulher no per\u00edodo de 1980-1985 para 2,15 nascimentos por mulher em 2010-2015.<\/p>\n<p class=\"mc-column show-table__title\" style=\"text-align: justify;\"><em>Taxa de nascimentos a cada mil adolescentes entre 15 e 19 anos<\/em><\/p>\n<div class=\"show-table__centralized\">\n<div class=\"show-table__container\">\n<table class=\"show-table__content\n show-table__content--highlight-top show-table__content--highlight-left        \"><\/p>\n<tbody>\n<tr>\n<td>Pa\u00edses<\/td>\n<td>2005-2010<\/td>\n<td>2010-2015<\/td>\n<\/tr>\n<tr>\n<td>Brasil<\/td>\n<td>70,9<\/td>\n<td>68,4<\/td>\n<\/tr>\n<tr>\n<td>Chile<\/td>\n<td>52,7<\/td>\n<td>49,3<\/td>\n<\/tr>\n<tr>\n<td>Argentina<\/td>\n<td>60,6<\/td>\n<td>64<\/td>\n<\/tr>\n<tr>\n<td>Estados Unidos<\/td>\n<td>39,7<\/td>\n<td>22,3<\/td>\n<\/tr>\n<tr>\n<td>Mexico<\/td>\n<td>71,2<\/td>\n<td>66<\/td>\n<\/tr>\n<tr>\n<td>Canad\u00e1<\/td>\n<td>13,9<\/td>\n<td>11,3<\/td>\n<\/tr>\n<tr>\n<td>Venezuela<\/td>\n<td>82,6<\/td>\n<td>80,9<\/td>\n<\/tr>\n<tr>\n<td>Bol\u00edvia<\/td>\n<td>81,9<\/td>\n<td>72,6<\/td>\n<\/tr>\n<\/tbody>\n<\/table>\n<p>&nbsp;<\/p>\n<\/div>\n<div class=\"show-table__footer\">\n<div class=\"show-table__source\">Fonte: Organiza\u00e7\u00e3o Mundial da Sa\u00fade\/Organiza\u00e7\u00e3o Pan-Americana de Sa\u00fade<\/div>\n<div class=\"show-table__source\"><\/div>\n<\/div>\n<div class=\"show-table__source\" style=\"text-align: justify;\"><strong>Principal causa de morte<\/strong><\/div>\n<div class=\"show-table__source\" style=\"text-align: justify;\">\nSegundo o relat\u00f3rio, a mortalidade materna \u00e9 uma das principais causas da morte entre adolescentes e jovens de 15 a 24 anos na regi\u00e3o das Am\u00e9ricas.<\/p>\n<p>Ainda, globalmente, o risco de morte materna se duplica entre m\u00e3es com menos de 15 anos em pa\u00edses de baixa e m\u00e9dia renda.<\/p>\n<p><strong>Recomenda\u00e7\u00f5es para diminui\u00e7\u00e3o de casos<\/strong><\/div>\n<div class=\"show-table__source\" style=\"text-align: justify;\">\nA entidade exorta que os pa\u00edses com taxas altas apoiem programas dirigidos para mulheres em maior vulnerabilidade para gesta\u00e7\u00f5es precoces.<\/p>\n<p>Tamb\u00e9m h\u00e1 a recomenda\u00e7\u00e3o para que se expanda o acesso a m\u00e9todos anticoncepcionais e que sejam iniciados programas de educa\u00e7\u00e3o sexual para homens e mulheres.<\/p>\n<p>O relat\u00f3rio sugere ainda que se promovam medidas e normas que pro\u00edbam o casamento infantil e as uni\u00f5es precoces antes dos 18 anos.<\/p>\n<p>\u201cMuitas dessas gesta\u00e7\u00f5es n\u00e3o s\u00e3o uma escolha deliberada, mas a causa, por exemplo, de uma rela\u00e7\u00e3o de abuso\u201d, disse Esteban Caballero, diretor regional do Fundo de Popula\u00e7\u00e3o das Na\u00e7\u00f5es Unidas para Am\u00e9rica Latina e Caribe, em nota.<\/p><\/div>\n<div class=\"show-table__source\" style=\"text-align: justify;\">\nOutras medidas de preven\u00e7\u00e3o indicadas no relat\u00f3rio incluem prevenir as rela\u00e7\u00f5es sexuais sob coa\u00e7\u00e3o e manter um entorno favor\u00e1vel para a igualdade de g\u00eanero.<\/div>\n<\/div>\n<div class=\"show-table__source\" style=\"text-align: justify;\"><\/div>\n<div class=\"show-table__source\" style=\"text-align: justify;\"><\/div>\n<div class=\"show-table__source\" style=\"text-align: justify;\">Fonte: G1<\/div>\n<p>&nbsp;<\/p>\n","protected":false},"excerpt":{"rendered":"<p>A cada mil adolescentes brasileiras entre 15 e 19 anos, 68,4 ficaram gr\u00e1vidas e tiveram seus beb\u00eas, diz relat\u00f3rio da Organiza\u00e7\u00e3o Mundial da Sa\u00fade. O Brasil tem 68,4 beb\u00eas nascidos de m\u00e3es adolescentes a cada mil meninas de 15 a 19 anos, diz relat\u00f3rio da Organiza\u00e7\u00e3o Mundial da Sa\u00fade. O \u00edndice brasileiro est\u00e1 acima da [&hellip;]<\/p>\n","protected":false},"author":1,"featured_media":44344,"comment_status":"open","ping_status":"open","sticky":false,"template":"","format":"standard","meta":{"ocean_post_layout":"","ocean_both_sidebars_style":"","ocean_both_sidebars_content_width":0,"ocean_both_sidebars_sidebars_width":0,"ocean_sidebar":"","ocean_second_sidebar":"","ocean_disable_margins":"enable","ocean_add_body_class":"","ocean_shortcode_before_top_bar":"","ocean_shortcode_after_top_bar":"","ocean_shortcode_before_header":"","ocean_shortcode_after_header":"","ocean_has_shortcode":"","ocean_shortcode_after_title":"","ocean_shortcode_before_footer_widgets":"","ocean_shortcode_after_footer_widgets":"","ocean_shortcode_before_footer_bottom":"","ocean_shortcode_after_footer_bottom":"","ocean_display_top_bar":"default","ocean_display_header":"default","ocean_header_style":"","ocean_center_header_left_menu":"","ocean_custom_header_template":"","ocean_custom_logo":0,"ocean_custom_retina_logo":0,"ocean_custom_logo_max_width":0,"ocean_custom_logo_tablet_max_width":0,"ocean_custom_logo_mobile_max_width":0,"ocean_custom_logo_max_height":0,"ocean_custom_logo_tablet_max_height":0,"ocean_custom_logo_mobile_max_height":0,"ocean_header_custom_menu":"","ocean_menu_typo_font_family":"","ocean_menu_typo_font_subset":"","ocean_menu_typo_font_size":0,"ocean_menu_typo_font_size_tablet":0,"ocean_menu_typo_font_size_mobile":0,"ocean_menu_typo_font_size_unit":"px","ocean_menu_typo_font_weight":"","ocean_menu_typo_font_weight_tablet":"","ocean_menu_typo_font_weight_mobile":"","ocean_menu_typo_transform":"","ocean_menu_typo_transform_tablet":"","ocean_menu_typo_transform_mobile":"","ocean_menu_typo_line_height":0,"ocean_menu_typo_line_height_tablet":0,"ocean_menu_typo_line_height_mobile":0,"ocean_menu_typo_line_height_unit":"","ocean_menu_typo_spacing":0,"ocean_menu_typo_spacing_tablet":0,"ocean_menu_typo_spacing_mobile":0,"ocean_menu_typo_spacing_unit":"","ocean_menu_link_color":"","ocean_menu_link_color_hover":"","ocean_menu_link_color_active":"","ocean_menu_link_background":"","ocean_menu_link_hover_background":"","ocean_menu_link_active_background":"","ocean_menu_social_links_bg":"","ocean_menu_social_hover_links_bg":"","ocean_menu_social_links_color":"","ocean_menu_social_hover_links_color":"","ocean_disable_title":"default","ocean_disable_heading":"default","ocean_post_title":"","ocean_post_subheading":"","ocean_post_title_style":"","ocean_post_title_background_color":"","ocean_post_title_background":0,"ocean_post_title_bg_image_position":"","ocean_post_title_bg_image_attachment":"","ocean_post_title_bg_image_repeat":"","ocean_post_title_bg_image_size":"","ocean_post_title_height":0,"ocean_post_title_bg_overlay":0.5,"ocean_post_title_bg_overlay_color":"","ocean_disable_breadcrumbs":"default","ocean_breadcrumbs_color":"","ocean_breadcrumbs_separator_color":"","ocean_breadcrumbs_links_color":"","ocean_breadcrumbs_links_hover_color":"","ocean_display_footer_widgets":"default","ocean_display_footer_bottom":"default","ocean_custom_footer_template":"","ocean_post_oembed":"","ocean_post_self_hosted_media":"","ocean_post_video_embed":"","ocean_link_format":"","ocean_link_format_target":"self","ocean_quote_format":"","ocean_quote_format_link":"post","ocean_gallery_link_images":"on","ocean_gallery_id":[]},"categories":[1],"tags":[2553,221,1414],"acf":[],"_links":{"self":[{"href":"https:\/\/www.simepe.com.br\/novo\/wp-json\/wp\/v2\/posts\/44343"}],"collection":[{"href":"https:\/\/www.simepe.com.br\/novo\/wp-json\/wp\/v2\/posts"}],"about":[{"href":"https:\/\/www.simepe.com.br\/novo\/wp-json\/wp\/v2\/types\/post"}],"author":[{"embeddable":true,"href":"https:\/\/www.simepe.com.br\/novo\/wp-json\/wp\/v2\/users\/1"}],"replies":[{"embeddable":true,"href":"https:\/\/www.simepe.com.br\/novo\/wp-json\/wp\/v2\/comments?post=44343"}],"version-history":[{"count":1,"href":"https:\/\/www.simepe.com.br\/novo\/wp-json\/wp\/v2\/posts\/44343\/revisions"}],"predecessor-version":[{"id":44345,"href":"https:\/\/www.simepe.com.br\/novo\/wp-json\/wp\/v2\/posts\/44343\/revisions\/44345"}],"wp:featuredmedia":[{"embeddable":true,"href":"https:\/\/www.simepe.com.br\/novo\/wp-json\/wp\/v2\/media\/44344"}],"wp:attachment":[{"href":"https:\/\/www.simepe.com.br\/novo\/wp-json\/wp\/v2\/media?parent=44343"}],"wp:term":[{"taxonomy":"category","embeddable":true,"href":"https:\/\/www.simepe.com.br\/novo\/wp-json\/wp\/v2\/categories?post=44343"},{"taxonomy":"post_tag","embeddable":true,"href":"https:\/\/www.simepe.com.br\/novo\/wp-json\/wp\/v2\/tags?post=44343"}],"curies":[{"name":"wp","href":"https:\/\/api.w.org\/{rel}","templated":true}]}}