{"id":44362,"date":"2018-03-02T07:53:53","date_gmt":"2018-03-02T10:53:53","guid":{"rendered":"http:\/\/www.simepe.com.br\/novo\/?p=44362"},"modified":"2018-03-02T07:53:53","modified_gmt":"2018-03-02T10:53:53","slug":"ministerio-da-saude-confirma-723-casos-e-237-mortes-por-febre-amarela","status":"publish","type":"post","link":"https:\/\/www.simepe.com.br\/novo\/ministerio-da-saude-confirma-723-casos-e-237-mortes-por-febre-amarela\/","title":{"rendered":"Minist\u00e9rio da Sa\u00fade confirma 723 casos e 237 mortes por febre amarela"},"content":{"rendered":"<p style=\"text-align: justify;\">Ao todo, 2.867 casos suspeitos foram notificados<\/p>\n<p style=\"text-align: justify;\">O Minist\u00e9rio da Sa\u00fade divulgou nesta quinta-feira (1\u00ba\/3) os n\u00fameros atualizados de casos de febre amarela no pa\u00eds, conforme informa\u00e7\u00f5es repassadas pelas secretarias estaduais de sa\u00fade. Entre 1\u00ba de julho de 2017 e 28 de fevereiro de 2018, foram confirmados 723 casos da doen\u00e7a no pa\u00eds, que resultaram em 237 mortes. No per\u00edodo equivalente do ano anterior, entre julho de 2016 e 28 fevereiro de 2017, foram confirmados 576 casos e 184 \u00f3bitos.<\/p>\n<p style=\"text-align: justify;\">Ao todo, 2.867 casos suspeitos foram notificados. Destes, 1.359 foram descartados e 785 ainda est\u00e3o sendo investigados.<\/p>\n<p style=\"text-align: justify;\">A febre amarela \u00e9 uma doen\u00e7a sazonal, com maior n\u00famero de casos no ver\u00e3o, e segundo o Minist\u00e9rio da Sa\u00fade, apesar de o n\u00famero de casos no atual per\u00edodo de monitoramento ser superior \u00e0 sazonalidade passada, a incid\u00eancia da doen\u00e7a entre a popula\u00e7\u00e3o caiu. No per\u00edodo de monitoramento 2017\/2018, a incid\u00eancia da febre amarela foi de 2,2 casos para 100 mil\/habitantes, enquanto na sazonalidade passada, 2016\/2017, a incid\u00eancia foi 7,1\/100 mil habitantes.<\/p>\n<p style=\"text-align: justify;\">\u201cO v\u00edrus da febre amarela hoje circula em regi\u00f5es metropolitanas do pa\u00eds com maior contingente populacional, atingindo 32,3 milh\u00f5es de pessoas que moram, inclusive, em \u00e1reas que nunca tiveram recomenda\u00e7\u00e3o de vacina. Na sazonalidade passada, por exemplo, o surto atingiu uma popula\u00e7\u00e3o de 8 milh\u00f5es de pessoas, muito menor que a atual.\u201d, explicou o minist\u00e9rio, por meio de informe.<\/p>\n<p style=\"text-align: justify;\"><strong>Recomenda\u00e7\u00e3o<\/strong><\/p>\n<p style=\"text-align: justify;\">O Minist\u00e9rio da Sa\u00fade tem refor\u00e7ado a import\u00e2ncia da vacina\u00e7\u00e3o para a popula\u00e7\u00e3o da Bahia, do Rio de Janeiro e de S\u00e3o Paulo e recomenda que os estados \u201ccontinuem vacinando at\u00e9 atingir alta cobertura\u201d. Dados preliminares do minist\u00e9rio informam que, at\u00e9 27 de fevereiro, 5,5 milh\u00f5es de pessoas foram vacinadas nos tr\u00eas estados, 23,2% do p\u00fablico-alvo da campanha.<\/p>\n<p style=\"text-align: justify;\">De acordo com o minist\u00e9rio, os estados receberam 20,2 milh\u00f5es de doses da vacina em 2018, at\u00e9 o momento. Foram enviadas 15,7 milh\u00f5es de doses para implementa\u00e7\u00e3o da Campanha de Vacina\u00e7\u00e3o contra a Febre Amarela para a Bahia (300 mil), Rio de Janeiro (4.7 milh\u00f5es) e S\u00e3o paulo (10.7 milh\u00f5es).<\/p>\n<p style=\"text-align: justify;\">\n<p style=\"text-align: justify;\">Fonte: Diario de Pernambuco<\/p>\n","protected":false},"excerpt":{"rendered":"<p>Ao todo, 2.867 casos suspeitos foram notificados O Minist\u00e9rio da Sa\u00fade divulgou nesta quinta-feira (1\u00ba\/3) os n\u00fameros atualizados de casos de febre amarela no pa\u00eds, conforme informa\u00e7\u00f5es repassadas pelas secretarias estaduais de sa\u00fade. Entre 1\u00ba de julho de 2017 e 28 de fevereiro de 2018, foram confirmados 723 casos da doen\u00e7a no pa\u00eds, que resultaram [&hellip;]<\/p>\n","protected":false},"author":1,"featured_media":0,"comment_status":"open","ping_status":"open","sticky":false,"template":"","format":"standard","meta":{"ocean_post_layout":"","ocean_both_sidebars_style":"","ocean_both_sidebars_content_width":0,"ocean_both_sidebars_sidebars_width":0,"ocean_sidebar":"","ocean_second_sidebar":"","ocean_disable_margins":"enable","ocean_add_body_class":"","ocean_shortcode_before_top_bar":"","ocean_shortcode_after_top_bar":"","ocean_shortcode_before_header":"","ocean_shortcode_after_header":"","ocean_has_shortcode":"","ocean_shortcode_after_title":"","ocean_shortcode_before_footer_widgets":"","ocean_shortcode_after_footer_widgets":"","ocean_shortcode_before_footer_bottom":"","ocean_shortcode_after_footer_bottom":"","ocean_display_top_bar":"default","ocean_display_header":"default","ocean_header_style":"","ocean_center_header_left_menu":"","ocean_custom_header_template":"","ocean_custom_logo":0,"ocean_custom_retina_logo":0,"ocean_custom_logo_max_width":0,"ocean_custom_logo_tablet_max_width":0,"ocean_custom_logo_mobile_max_width":0,"ocean_custom_logo_max_height":0,"ocean_custom_logo_tablet_max_height":0,"ocean_custom_logo_mobile_max_height":0,"ocean_header_custom_menu":"","ocean_menu_typo_font_family":"","ocean_menu_typo_font_subset":"","ocean_menu_typo_font_size":0,"ocean_menu_typo_font_size_tablet":0,"ocean_menu_typo_font_size_mobile":0,"ocean_menu_typo_font_size_unit":"px","ocean_menu_typo_font_weight":"","ocean_menu_typo_font_weight_tablet":"","ocean_menu_typo_font_weight_mobile":"","ocean_menu_typo_transform":"","ocean_menu_typo_transform_tablet":"","ocean_menu_typo_transform_mobile":"","ocean_menu_typo_line_height":0,"ocean_menu_typo_line_height_tablet":0,"ocean_menu_typo_line_height_mobile":0,"ocean_menu_typo_line_height_unit":"","ocean_menu_typo_spacing":0,"ocean_menu_typo_spacing_tablet":0,"ocean_menu_typo_spacing_mobile":0,"ocean_menu_typo_spacing_unit":"","ocean_menu_link_color":"","ocean_menu_link_color_hover":"","ocean_menu_link_color_active":"","ocean_menu_link_background":"","ocean_menu_link_hover_background":"","ocean_menu_link_active_background":"","ocean_menu_social_links_bg":"","ocean_menu_social_hover_links_bg":"","ocean_menu_social_links_color":"","ocean_menu_social_hover_links_color":"","ocean_disable_title":"default","ocean_disable_heading":"default","ocean_post_title":"","ocean_post_subheading":"","ocean_post_title_style":"","ocean_post_title_background_color":"","ocean_post_title_background":0,"ocean_post_title_bg_image_position":"","ocean_post_title_bg_image_attachment":"","ocean_post_title_bg_image_repeat":"","ocean_post_title_bg_image_size":"","ocean_post_title_height":0,"ocean_post_title_bg_overlay":0.5,"ocean_post_title_bg_overlay_color":"","ocean_disable_breadcrumbs":"default","ocean_breadcrumbs_color":"","ocean_breadcrumbs_separator_color":"","ocean_breadcrumbs_links_color":"","ocean_breadcrumbs_links_hover_color":"","ocean_display_footer_widgets":"default","ocean_display_footer_bottom":"default","ocean_custom_footer_template":"","ocean_post_oembed":"","ocean_post_self_hosted_media":"","ocean_post_video_embed":"","ocean_link_format":"","ocean_link_format_target":"self","ocean_quote_format":"","ocean_quote_format_link":"post","ocean_gallery_link_images":"on","ocean_gallery_id":[]},"categories":[9],"tags":[],"acf":[],"_links":{"self":[{"href":"https:\/\/www.simepe.com.br\/novo\/wp-json\/wp\/v2\/posts\/44362"}],"collection":[{"href":"https:\/\/www.simepe.com.br\/novo\/wp-json\/wp\/v2\/posts"}],"about":[{"href":"https:\/\/www.simepe.com.br\/novo\/wp-json\/wp\/v2\/types\/post"}],"author":[{"embeddable":true,"href":"https:\/\/www.simepe.com.br\/novo\/wp-json\/wp\/v2\/users\/1"}],"replies":[{"embeddable":true,"href":"https:\/\/www.simepe.com.br\/novo\/wp-json\/wp\/v2\/comments?post=44362"}],"version-history":[{"count":1,"href":"https:\/\/www.simepe.com.br\/novo\/wp-json\/wp\/v2\/posts\/44362\/revisions"}],"predecessor-version":[{"id":44363,"href":"https:\/\/www.simepe.com.br\/novo\/wp-json\/wp\/v2\/posts\/44362\/revisions\/44363"}],"wp:attachment":[{"href":"https:\/\/www.simepe.com.br\/novo\/wp-json\/wp\/v2\/media?parent=44362"}],"wp:term":[{"taxonomy":"category","embeddable":true,"href":"https:\/\/www.simepe.com.br\/novo\/wp-json\/wp\/v2\/categories?post=44362"},{"taxonomy":"post_tag","embeddable":true,"href":"https:\/\/www.simepe.com.br\/novo\/wp-json\/wp\/v2\/tags?post=44362"}],"curies":[{"name":"wp","href":"https:\/\/api.w.org\/{rel}","templated":true}]}}