{"id":44368,"date":"2018-03-02T08:15:52","date_gmt":"2018-03-02T11:15:52","guid":{"rendered":"http:\/\/www.simepe.com.br\/novo\/?p=44368"},"modified":"2018-03-02T08:15:52","modified_gmt":"2018-03-02T11:15:52","slug":"filas-e-tumulto-causam-revolta-durante-marcacao-de-consultas-no-hc","status":"publish","type":"post","link":"https:\/\/www.simepe.com.br\/novo\/filas-e-tumulto-causam-revolta-durante-marcacao-de-consultas-no-hc\/","title":{"rendered":"Filas e tumulto causam revolta durante marca\u00e7\u00e3o de consultas no HC"},"content":{"rendered":"<p style=\"text-align: justify;\">Centenas de pacientes estiveram no Hospital das Cl\u00ednicas tentando marcar interconsultas. Alguns esperaram por mais de 6 horas<\/p>\n<p style=\"text-align: justify;\">Um grande tumulto foi registrado na manh\u00e3 desta quinta-feira (1\u00ba) no Hospital das Cl\u00ednicas (HC), ligado \u00e0 Universidade Federal de Pernambuco. Centenas de pacientes estiveram no local para realizar a marca\u00e7\u00e3o de interconsultas. Alguns deles estavam na fila desde \u00e0s 4 horas sem ao menos saber se conseguiriam o agendamento.<\/p>\n<p style=\"text-align: justify;\">De acordo com os pacientes, as marca\u00e7\u00f5es estavam agendadas para o primeiro dia de mar\u00e7o, mas houve casos em que o agendamento s\u00f3 seria feito na pr\u00f3xima semana. A dona de casa Simoni Sueli da Silva saiu de madrugada de Carpina, Mata Norte do Estado, com sua filha de apenas quatro meses para realizar a marca\u00e7\u00e3o de um exame. Segundo ela, ao chegar no HC um vigia sinalizou qual era a fila correta, mas ao chegar a sua vez no atendimento, a mulher foi informada de que o agendamento s\u00f3 poderia ser feito pr\u00f3xima quarta-feira (7). \u201cFomos l\u00e1 para tr\u00e1s, um calor enorme, ficamos na fila at\u00e9 chegar aqui e quando chegou a vez o rapaz disse que n\u00e3o estava marcando hoje, s\u00f3 na pr\u00f3xima quarta\u201d, informou indignada. Ela ainda reclama da falta de informa\u00e7\u00e3o dos funcion\u00e1rios do hospital. \u201cSe n\u00e3o est\u00e1 marcando e olharam o papel e viram que n\u00e3o est\u00e1 marcando, deveriam avisar logo que eu j\u00e1 poderia ir embora. Estamos aqui desde 4h da manh\u00e3\u201d.<\/p>\n<p style=\"text-align: justify;\"><strong>Sexto andar<\/strong><\/p>\n<p style=\"text-align: justify;\">\nAs filas de espera se estendem at\u00e9 6\u00ba andar do pr\u00e9dio. Os pacientes denunciam a falta de organiza\u00e7\u00e3o e o descaso. \u201cTem idosos em p\u00e9 na escada, n\u00e3o tem prefer\u00eancia\u201d, comentou a manicure Ana Cl\u00e1udia da Silva Bezerra que estava tentando marcar uma procedimento desde as 5h. \u201cEles disseram que amanh\u00e3 vai ter marca\u00e7\u00e3o, mas quem garante que vai ter vaga?\u201d indaga.<\/p>\n<p style=\"text-align: justify;\">O chefe do setor de marca\u00e7\u00e3o do HC Edinaldo Brito informou que o que causou o tumulto foi o medo da popula\u00e7\u00e3o de n\u00e3o conseguir a marcar os procedimentos. \u201cAs pessoas estavam com medo de n\u00e3o conseguir marcar e vieram todas no primeiro dia \u00fatil do m\u00eas. Mesmo que n\u00e3o consiga agora, fica na fila de espera\u201d, informou. Ele ainda afirmou que, quando o paciente est\u00e1 na fila de espera, o hospital entra em contato para informar quando houver vaga para o procedimento.<\/p>\n<p style=\"text-align: justify;\">Por telefone, o HC informou que as marca\u00e7\u00f5es tiveram in\u00edcio hoje e v\u00e3o permanecer at\u00e9 o final do ano, sempre das 7h \u00e0s 17h. Segundo eles, o problema foi uma falha na comunica\u00e7\u00e3o.<\/p>\n<p style=\"text-align: justify;\">Link para assistir a mat\u00e9ria:\u00a0<a href=\"http:\/\/jconline.ne10.uol.com.br\/canal\/cidades\/geral\/noticia\/2018\/03\/01\/filas-e-tumulto-causam-revolta-durante-marcacao-de-consultas-no-hc-329720.php\">http:\/\/jconline.ne10.uol.com.br\/canal\/cidades\/geral\/noticia\/2018\/03\/01\/filas-e-tumulto-causam-revolta-durante-marcacao-de-consultas-no-hc-329720.php<\/a>.<\/p>\n<p style=\"text-align: justify;\">\n<p style=\"text-align: justify;\">Fonte: Jornal do Commercio<\/p>\n","protected":false},"excerpt":{"rendered":"<p>Centenas de pacientes estiveram no Hospital das Cl\u00ednicas tentando marcar interconsultas. Alguns esperaram por mais de 6 horas Um grande tumulto foi registrado na manh\u00e3 desta quinta-feira (1\u00ba) no Hospital das Cl\u00ednicas (HC), ligado \u00e0 Universidade Federal de Pernambuco. Centenas de pacientes estiveram no local para realizar a marca\u00e7\u00e3o de interconsultas. Alguns deles estavam na [&hellip;]<\/p>\n","protected":false},"author":1,"featured_media":0,"comment_status":"open","ping_status":"open","sticky":false,"template":"","format":"standard","meta":{"ocean_post_layout":"","ocean_both_sidebars_style":"","ocean_both_sidebars_content_width":0,"ocean_both_sidebars_sidebars_width":0,"ocean_sidebar":"","ocean_second_sidebar":"","ocean_disable_margins":"enable","ocean_add_body_class":"","ocean_shortcode_before_top_bar":"","ocean_shortcode_after_top_bar":"","ocean_shortcode_before_header":"","ocean_shortcode_after_header":"","ocean_has_shortcode":"","ocean_shortcode_after_title":"","ocean_shortcode_before_footer_widgets":"","ocean_shortcode_after_footer_widgets":"","ocean_shortcode_before_footer_bottom":"","ocean_shortcode_after_footer_bottom":"","ocean_display_top_bar":"default","ocean_display_header":"default","ocean_header_style":"","ocean_center_header_left_menu":"","ocean_custom_header_template":"","ocean_custom_logo":0,"ocean_custom_retina_logo":0,"ocean_custom_logo_max_width":0,"ocean_custom_logo_tablet_max_width":0,"ocean_custom_logo_mobile_max_width":0,"ocean_custom_logo_max_height":0,"ocean_custom_logo_tablet_max_height":0,"ocean_custom_logo_mobile_max_height":0,"ocean_header_custom_menu":"","ocean_menu_typo_font_family":"","ocean_menu_typo_font_subset":"","ocean_menu_typo_font_size":0,"ocean_menu_typo_font_size_tablet":0,"ocean_menu_typo_font_size_mobile":0,"ocean_menu_typo_font_size_unit":"px","ocean_menu_typo_font_weight":"","ocean_menu_typo_font_weight_tablet":"","ocean_menu_typo_font_weight_mobile":"","ocean_menu_typo_transform":"","ocean_menu_typo_transform_tablet":"","ocean_menu_typo_transform_mobile":"","ocean_menu_typo_line_height":0,"ocean_menu_typo_line_height_tablet":0,"ocean_menu_typo_line_height_mobile":0,"ocean_menu_typo_line_height_unit":"","ocean_menu_typo_spacing":0,"ocean_menu_typo_spacing_tablet":0,"ocean_menu_typo_spacing_mobile":0,"ocean_menu_typo_spacing_unit":"","ocean_menu_link_color":"","ocean_menu_link_color_hover":"","ocean_menu_link_color_active":"","ocean_menu_link_background":"","ocean_menu_link_hover_background":"","ocean_menu_link_active_background":"","ocean_menu_social_links_bg":"","ocean_menu_social_hover_links_bg":"","ocean_menu_social_links_color":"","ocean_menu_social_hover_links_color":"","ocean_disable_title":"default","ocean_disable_heading":"default","ocean_post_title":"","ocean_post_subheading":"","ocean_post_title_style":"","ocean_post_title_background_color":"","ocean_post_title_background":0,"ocean_post_title_bg_image_position":"","ocean_post_title_bg_image_attachment":"","ocean_post_title_bg_image_repeat":"","ocean_post_title_bg_image_size":"","ocean_post_title_height":0,"ocean_post_title_bg_overlay":0.5,"ocean_post_title_bg_overlay_color":"","ocean_disable_breadcrumbs":"default","ocean_breadcrumbs_color":"","ocean_breadcrumbs_separator_color":"","ocean_breadcrumbs_links_color":"","ocean_breadcrumbs_links_hover_color":"","ocean_display_footer_widgets":"default","ocean_display_footer_bottom":"default","ocean_custom_footer_template":"","ocean_post_oembed":"","ocean_post_self_hosted_media":"","ocean_post_video_embed":"","ocean_link_format":"","ocean_link_format_target":"self","ocean_quote_format":"","ocean_quote_format_link":"post","ocean_gallery_link_images":"on","ocean_gallery_id":[]},"categories":[9],"tags":[],"acf":[],"_links":{"self":[{"href":"https:\/\/www.simepe.com.br\/novo\/wp-json\/wp\/v2\/posts\/44368"}],"collection":[{"href":"https:\/\/www.simepe.com.br\/novo\/wp-json\/wp\/v2\/posts"}],"about":[{"href":"https:\/\/www.simepe.com.br\/novo\/wp-json\/wp\/v2\/types\/post"}],"author":[{"embeddable":true,"href":"https:\/\/www.simepe.com.br\/novo\/wp-json\/wp\/v2\/users\/1"}],"replies":[{"embeddable":true,"href":"https:\/\/www.simepe.com.br\/novo\/wp-json\/wp\/v2\/comments?post=44368"}],"version-history":[{"count":1,"href":"https:\/\/www.simepe.com.br\/novo\/wp-json\/wp\/v2\/posts\/44368\/revisions"}],"predecessor-version":[{"id":44369,"href":"https:\/\/www.simepe.com.br\/novo\/wp-json\/wp\/v2\/posts\/44368\/revisions\/44369"}],"wp:attachment":[{"href":"https:\/\/www.simepe.com.br\/novo\/wp-json\/wp\/v2\/media?parent=44368"}],"wp:term":[{"taxonomy":"category","embeddable":true,"href":"https:\/\/www.simepe.com.br\/novo\/wp-json\/wp\/v2\/categories?post=44368"},{"taxonomy":"post_tag","embeddable":true,"href":"https:\/\/www.simepe.com.br\/novo\/wp-json\/wp\/v2\/tags?post=44368"}],"curies":[{"name":"wp","href":"https:\/\/api.w.org\/{rel}","templated":true}]}}