{"id":44379,"date":"2018-03-02T08:42:04","date_gmt":"2018-03-02T11:42:04","guid":{"rendered":"http:\/\/www.simepe.com.br\/novo\/?p=44379"},"modified":"2018-03-02T08:42:04","modified_gmt":"2018-03-02T11:42:04","slug":"encontro-nacional-das-entidades-medicas-contara-com-estudantes-e-residentes","status":"publish","type":"post","link":"https:\/\/www.simepe.com.br\/novo\/encontro-nacional-das-entidades-medicas-contara-com-estudantes-e-residentes\/","title":{"rendered":"Encontro Nacional das Entidades M\u00e9dicas contar\u00e1 com estudantes e residentes."},"content":{"rendered":"<p style=\"text-align: justify;\">Em reuni\u00e3o realizada no dia 27 de fevereiro, na sede do Conselho Federal de Medicina (CFM), em Bras\u00edlia, a Comiss\u00e3o Nacional Pr\u00f3\u2013SUS encaminhou mais uma importante etapa da organiza\u00e7\u00e3o do Encontro Nacional das Entidades M\u00e9dicas (Enem). A pedido dos representantes estudantis foi aprovado que as entidades m\u00e9dicas organizadoras poder\u00e3o levar para o evento 20 delegados representantes dos estudantes de medicina e 18 delegados representantes dos residentes. O evento ser\u00e1 realizado na capital federal nos dias 29 e 30 de maio, na sede da Associa\u00e7\u00e3o M\u00e9dica de Bras\u00edlia (AMBr).<\/p>\n<p style=\"text-align: justify;\">Com essa nova formata\u00e7\u00e3o, s\u00e3o esperados pelo menos 340 m\u00e9dicos e estudantes delegados de todas as regi\u00f5es do pa\u00eds, que ser\u00e3o representantes do Conselho Federal de Medicina (CFM), Associa\u00e7\u00e3o M\u00e9dica Brasileira (AMB), Federa\u00e7\u00e3o M\u00e9dica Brasileira (FMB) e Federa\u00e7\u00e3o Nacional dos M\u00e9dicos (Fenam).<\/p>\n<p style=\"text-align: justify;\">\u201cCaber\u00e1 a cada uma das quatro entidades indicar seus delegados e dessa forma, teremos contemplada a proposta dos debates com integrantes de todas as frentes de atua\u00e7\u00e3o da medicina\u201d, destaca o secret\u00e1rio de Comunica\u00e7\u00e3o da FMB, Cyro Veiga Soncini, representante da entidade na Comiss\u00e3o Pr\u00f3-SUS, presente \u00e0 reuni\u00e3o.<\/p>\n<p style=\"text-align: justify;\">Os eixos tem\u00e1ticos do Enem contemplar\u00e3o: Mercado de Trabalho M\u00e9dico, Assist\u00eancia M\u00e9dica, Forma\u00e7\u00e3o M\u00e9dica, assim como ser\u00e3o debatidas estrat\u00e9gias da inclus\u00e3o do m\u00e9dico na pol\u00edtica. \u201cAl\u00e9m dos debates, tamb\u00e9m foi definida a solenidade de abertura, que ser\u00e1 realizada no dia 29 a partir das 8h30, quando ser\u00e3o convidados m\u00e9dicos, parlamentares, gestores, representantes dos minist\u00e9rios da Sa\u00fade e da Educa\u00e7\u00e3o e tamb\u00e9m os presidentes do Senado e da C\u00e2mara dos Deputados\u201d, acrescenta Cyro.<\/p>\n<p style=\"text-align: justify;\">A \u00faltima edi\u00e7\u00e3o do ENEM foi realizada em agosto de 2013. A retomada do maior encontro de lideran\u00e7as m\u00e9dicas do Brasil \u00e9 a consolida\u00e7\u00e3o da reunifica\u00e7\u00e3o do movimento m\u00e9dico nacional. A preocupa\u00e7\u00e3o das entidades representativas \u00e9 assegurar respeito, seguran\u00e7a e valoriza\u00e7\u00e3o dos m\u00e9dicos e \u00e0 medicina, inclusive pela elei\u00e7\u00e3o de gestores e parlamentares que defendam as teses da categoria.<\/p>\n<p style=\"text-align: justify;\">\u201c\u00c9 um evento de impacto que est\u00e1 exigindo desde a organiza\u00e7\u00e3o um trabalho integrado das entidades. O objetivo \u00e9 comum: a busca da formata\u00e7\u00e3o de uma proposta em defesa da sa\u00fade, da medicina e dos m\u00e9dicos\u201d, destaca o coordenador da Comiss\u00e3o pr\u00f3-SUS, Donizetti Giamberardino Filho.<\/p>\n<p style=\"text-align: justify;\">O n\u00facleo diretivo do Enem formado por representantes das entidades m\u00e9dicas volta a se reunir em mar\u00e7o para estabelecer as quest\u00f5es t\u00e9cnicas do evento, retomando os assuntos na Comiss\u00e3o Pr\u00f3-SUS em abril.<\/p>\n<p style=\"text-align: justify;\">\n<p style=\"text-align: justify;\">Fonte: Assessoria de Comunica\u00e7\u00e3o do Sindicato dos M\u00e9dicos da Para\u00edba (Sinmed Para\u00edba)<\/p>\n","protected":false},"excerpt":{"rendered":"<p>Em reuni\u00e3o realizada no dia 27 de fevereiro, na sede do Conselho Federal de Medicina (CFM), em Bras\u00edlia, a Comiss\u00e3o Nacional Pr\u00f3\u2013SUS encaminhou mais uma importante etapa da organiza\u00e7\u00e3o do Encontro Nacional das Entidades M\u00e9dicas (Enem). A pedido dos representantes estudantis foi aprovado que as entidades m\u00e9dicas organizadoras poder\u00e3o levar para o evento 20 delegados [&hellip;]<\/p>\n","protected":false},"author":1,"featured_media":44380,"comment_status":"open","ping_status":"open","sticky":false,"template":"","format":"standard","meta":{"ocean_post_layout":"","ocean_both_sidebars_style":"","ocean_both_sidebars_content_width":0,"ocean_both_sidebars_sidebars_width":0,"ocean_sidebar":"","ocean_second_sidebar":"","ocean_disable_margins":"enable","ocean_add_body_class":"","ocean_shortcode_before_top_bar":"","ocean_shortcode_after_top_bar":"","ocean_shortcode_before_header":"","ocean_shortcode_after_header":"","ocean_has_shortcode":"","ocean_shortcode_after_title":"","ocean_shortcode_before_footer_widgets":"","ocean_shortcode_after_footer_widgets":"","ocean_shortcode_before_footer_bottom":"","ocean_shortcode_after_footer_bottom":"","ocean_display_top_bar":"default","ocean_display_header":"default","ocean_header_style":"","ocean_center_header_left_menu":"","ocean_custom_header_template":"","ocean_custom_logo":0,"ocean_custom_retina_logo":0,"ocean_custom_logo_max_width":0,"ocean_custom_logo_tablet_max_width":0,"ocean_custom_logo_mobile_max_width":0,"ocean_custom_logo_max_height":0,"ocean_custom_logo_tablet_max_height":0,"ocean_custom_logo_mobile_max_height":0,"ocean_header_custom_menu":"","ocean_menu_typo_font_family":"","ocean_menu_typo_font_subset":"","ocean_menu_typo_font_size":0,"ocean_menu_typo_font_size_tablet":0,"ocean_menu_typo_font_size_mobile":0,"ocean_menu_typo_font_size_unit":"px","ocean_menu_typo_font_weight":"","ocean_menu_typo_font_weight_tablet":"","ocean_menu_typo_font_weight_mobile":"","ocean_menu_typo_transform":"","ocean_menu_typo_transform_tablet":"","ocean_menu_typo_transform_mobile":"","ocean_menu_typo_line_height":0,"ocean_menu_typo_line_height_tablet":0,"ocean_menu_typo_line_height_mobile":0,"ocean_menu_typo_line_height_unit":"","ocean_menu_typo_spacing":0,"ocean_menu_typo_spacing_tablet":0,"ocean_menu_typo_spacing_mobile":0,"ocean_menu_typo_spacing_unit":"","ocean_menu_link_color":"","ocean_menu_link_color_hover":"","ocean_menu_link_color_active":"","ocean_menu_link_background":"","ocean_menu_link_hover_background":"","ocean_menu_link_active_background":"","ocean_menu_social_links_bg":"","ocean_menu_social_hover_links_bg":"","ocean_menu_social_links_color":"","ocean_menu_social_hover_links_color":"","ocean_disable_title":"default","ocean_disable_heading":"default","ocean_post_title":"","ocean_post_subheading":"","ocean_post_title_style":"","ocean_post_title_background_color":"","ocean_post_title_background":0,"ocean_post_title_bg_image_position":"","ocean_post_title_bg_image_attachment":"","ocean_post_title_bg_image_repeat":"","ocean_post_title_bg_image_size":"","ocean_post_title_height":0,"ocean_post_title_bg_overlay":0.5,"ocean_post_title_bg_overlay_color":"","ocean_disable_breadcrumbs":"default","ocean_breadcrumbs_color":"","ocean_breadcrumbs_separator_color":"","ocean_breadcrumbs_links_color":"","ocean_breadcrumbs_links_hover_color":"","ocean_display_footer_widgets":"default","ocean_display_footer_bottom":"default","ocean_custom_footer_template":"","ocean_post_oembed":"","ocean_post_self_hosted_media":"","ocean_post_video_embed":"","ocean_link_format":"","ocean_link_format_target":"self","ocean_quote_format":"","ocean_quote_format_link":"post","ocean_gallery_link_images":"on","ocean_gallery_id":[]},"categories":[1],"tags":[],"acf":[],"_links":{"self":[{"href":"https:\/\/www.simepe.com.br\/novo\/wp-json\/wp\/v2\/posts\/44379"}],"collection":[{"href":"https:\/\/www.simepe.com.br\/novo\/wp-json\/wp\/v2\/posts"}],"about":[{"href":"https:\/\/www.simepe.com.br\/novo\/wp-json\/wp\/v2\/types\/post"}],"author":[{"embeddable":true,"href":"https:\/\/www.simepe.com.br\/novo\/wp-json\/wp\/v2\/users\/1"}],"replies":[{"embeddable":true,"href":"https:\/\/www.simepe.com.br\/novo\/wp-json\/wp\/v2\/comments?post=44379"}],"version-history":[{"count":1,"href":"https:\/\/www.simepe.com.br\/novo\/wp-json\/wp\/v2\/posts\/44379\/revisions"}],"predecessor-version":[{"id":44381,"href":"https:\/\/www.simepe.com.br\/novo\/wp-json\/wp\/v2\/posts\/44379\/revisions\/44381"}],"wp:featuredmedia":[{"embeddable":true,"href":"https:\/\/www.simepe.com.br\/novo\/wp-json\/wp\/v2\/media\/44380"}],"wp:attachment":[{"href":"https:\/\/www.simepe.com.br\/novo\/wp-json\/wp\/v2\/media?parent=44379"}],"wp:term":[{"taxonomy":"category","embeddable":true,"href":"https:\/\/www.simepe.com.br\/novo\/wp-json\/wp\/v2\/categories?post=44379"},{"taxonomy":"post_tag","embeddable":true,"href":"https:\/\/www.simepe.com.br\/novo\/wp-json\/wp\/v2\/tags?post=44379"}],"curies":[{"name":"wp","href":"https:\/\/api.w.org\/{rel}","templated":true}]}}