{"id":44382,"date":"2018-03-02T08:43:37","date_gmt":"2018-03-02T11:43:37","guid":{"rendered":"http:\/\/www.simepe.com.br\/novo\/?p=44382"},"modified":"2018-03-02T08:43:37","modified_gmt":"2018-03-02T11:43:37","slug":"pela-reabertura-do-hu-usp-movimento-em-defesa-do-hospital-fara-ato-amanha-2","status":"publish","type":"post","link":"https:\/\/www.simepe.com.br\/novo\/pela-reabertura-do-hu-usp-movimento-em-defesa-do-hospital-fara-ato-amanha-2\/","title":{"rendered":"Pela reabertura do HU-USP, movimento em defesa do hospital far\u00e1 ato amanh\u00e3, 2"},"content":{"rendered":"<p style=\"text-align: justify;\">Foram coletadas 60 mil assinaturas em prol do pleno funcionamento do HU que ser\u00e3o entregues ao reitor durante a manifesta\u00e7\u00e3o<\/p>\n<p style=\"text-align: justify;\">O movimento em defesa do Hospital Universit\u00e1rio da Universidade de S\u00e3o Paulo (HU-USP) far\u00e1 a entrega de 60 mil assinaturas \u00e0 reitoria amanh\u00e3, 2 de mar\u00e7o, durante ato em prol do pleno funcionamento do HU. A concentra\u00e7\u00e3o ser\u00e1 \u00e0s 10h no Port\u00e3o 3 da USP (Av. Corifeu de Azevedo Marques, 3000, Butant\u00e3) e os manifestantes sair\u00e3o em passeata a partir das 10h45, passando pelo HU. O Ato de entrega das assinaturas est\u00e1 previsto para \u00e0s 12h30, na reitoria.<\/p>\n<p style=\"text-align: justify;\">A inten\u00e7\u00e3o dos manifestantes \u00e9 garantir que os R$ 48 milh\u00f5es, de uma emenda adicional ao or\u00e7amento de 2018, sejam realmente destinados a recomposi\u00e7\u00e3o do quadro funcional para que os servi\u00e7os voltem a funcionar como era antes da crise. \u201cCom essa emenda \u00e9 poss\u00edvel resolver a crise do HU. Precisamos continuar com a luta, at\u00e9 que a universidade d\u00ea os devidos encaminhamentos: contrate profissionais e reabra os servi\u00e7os\u201d, avalia Gerson Salvador, diretor do Sindicato dos M\u00e9dicos de S\u00e3o Paulo (Simesp) e m\u00e9dico do Hospital Universit\u00e1rio.<\/p>\n<p style=\"text-align: justify;\">A emenda adicional ao or\u00e7amento de 2018 do Estado de S\u00e3o Paulo, aprovada pela Assembleia Legislativa de S\u00e3o Paulo (Alesp), em 27 de dezembro, foi conquistada ap\u00f3s semanas de mobiliza\u00e7\u00f5es e press\u00e3o do movimento em defesa do HU, organizado pelo Coletivo Butant\u00e3 na Luta, por estudantes e residentes de medicina e enfermagem da USP, al\u00e9m dos profissionais que trabalham no hospital, com o apoio do Sindicato dos Trabalhadores da USP (Sintusp), Associa\u00e7\u00e3o de Docentes da USP (Adusp) e do Simesp.<\/p>\n<p style=\"text-align: justify;\">Ap\u00f3s reuni\u00f5es mediadas pelo Minist\u00e9rio P\u00fablico, o deputado Carlos Neder, membro da comiss\u00e3o de sa\u00fade da Alesp prop\u00f4s ao relator do or\u00e7amento, o deputado Marcos Vinholi, a destina\u00e7\u00e3o de verbas para o hospital. A emenda \u00e9 destinada \u00e0 contrata\u00e7\u00e3o de profissionais e sancionada pelo Governador Geraldo Alckmin.<\/p>\n<p style=\"text-align: justify;\"><strong>Crise do HU<\/strong><\/p>\n<p style=\"text-align: justify;\">\nDevido \u00e0 falta de m\u00e9dicos para completar a escala de plant\u00e3o, o pronto-socorro pedi\u00e1trico foi fechado no dia 21 de novembro do ano passado, mantendo os atendimentos apenas de urg\u00eancia e emerg\u00eancia. O pronto-socorro adulto est\u00e1 funcionando parcialmente pelo mesmo motivo. De acordo com dados levantados pelo Simesp, atualmente, o d\u00e9ficit de m\u00e9dicos \u00e9 de 17,5%, sendo que h\u00e1 248 profissionais ativos no HU. Para ter um quadro completo, como era em 2013, seriam 299.<\/p>\n<p style=\"text-align: justify;\">Reivindicando a reposi\u00e7\u00e3o do quadro de funcion\u00e1rios do HU, os estudantes de medicina e enfermagem iniciaram uma greve no dia 13 de novembro e realizaram diversos atos por novas contrata\u00e7\u00f5es e melhorias para o hospital. J\u00e1 no final de novembro, dia 28, os m\u00e9dicos residentes em pediatria e medicina de fam\u00edlia e comunidade decidiram aderir \u00e0 greve dos estudantes e a paralisa\u00e7\u00e3o teve in\u00edcio dia 4 de dezembro.<\/p>\n<p style=\"text-align: justify;\">\n<p style=\"text-align: justify;\">Fonte: Assessoria de Comunica\u00e7\u00e3o do Sindicato dos M\u00e9dicos de S\u00e3o Paulo (Simesp)<\/p>\n","protected":false},"excerpt":{"rendered":"<p>Foram coletadas 60 mil assinaturas em prol do pleno funcionamento do HU que ser\u00e3o entregues ao reitor durante a manifesta\u00e7\u00e3o O movimento em defesa do Hospital Universit\u00e1rio da Universidade de S\u00e3o Paulo (HU-USP) far\u00e1 a entrega de 60 mil assinaturas \u00e0 reitoria amanh\u00e3, 2 de mar\u00e7o, durante ato em prol do pleno funcionamento do HU. [&hellip;]<\/p>\n","protected":false},"author":1,"featured_media":44383,"comment_status":"open","ping_status":"open","sticky":false,"template":"","format":"standard","meta":{"ocean_post_layout":"","ocean_both_sidebars_style":"","ocean_both_sidebars_content_width":0,"ocean_both_sidebars_sidebars_width":0,"ocean_sidebar":"","ocean_second_sidebar":"","ocean_disable_margins":"enable","ocean_add_body_class":"","ocean_shortcode_before_top_bar":"","ocean_shortcode_after_top_bar":"","ocean_shortcode_before_header":"","ocean_shortcode_after_header":"","ocean_has_shortcode":"","ocean_shortcode_after_title":"","ocean_shortcode_before_footer_widgets":"","ocean_shortcode_after_footer_widgets":"","ocean_shortcode_before_footer_bottom":"","ocean_shortcode_after_footer_bottom":"","ocean_display_top_bar":"default","ocean_display_header":"default","ocean_header_style":"","ocean_center_header_left_menu":"","ocean_custom_header_template":"","ocean_custom_logo":0,"ocean_custom_retina_logo":0,"ocean_custom_logo_max_width":0,"ocean_custom_logo_tablet_max_width":0,"ocean_custom_logo_mobile_max_width":0,"ocean_custom_logo_max_height":0,"ocean_custom_logo_tablet_max_height":0,"ocean_custom_logo_mobile_max_height":0,"ocean_header_custom_menu":"","ocean_menu_typo_font_family":"","ocean_menu_typo_font_subset":"","ocean_menu_typo_font_size":0,"ocean_menu_typo_font_size_tablet":0,"ocean_menu_typo_font_size_mobile":0,"ocean_menu_typo_font_size_unit":"px","ocean_menu_typo_font_weight":"","ocean_menu_typo_font_weight_tablet":"","ocean_menu_typo_font_weight_mobile":"","ocean_menu_typo_transform":"","ocean_menu_typo_transform_tablet":"","ocean_menu_typo_transform_mobile":"","ocean_menu_typo_line_height":0,"ocean_menu_typo_line_height_tablet":0,"ocean_menu_typo_line_height_mobile":0,"ocean_menu_typo_line_height_unit":"","ocean_menu_typo_spacing":0,"ocean_menu_typo_spacing_tablet":0,"ocean_menu_typo_spacing_mobile":0,"ocean_menu_typo_spacing_unit":"","ocean_menu_link_color":"","ocean_menu_link_color_hover":"","ocean_menu_link_color_active":"","ocean_menu_link_background":"","ocean_menu_link_hover_background":"","ocean_menu_link_active_background":"","ocean_menu_social_links_bg":"","ocean_menu_social_hover_links_bg":"","ocean_menu_social_links_color":"","ocean_menu_social_hover_links_color":"","ocean_disable_title":"default","ocean_disable_heading":"default","ocean_post_title":"","ocean_post_subheading":"","ocean_post_title_style":"","ocean_post_title_background_color":"","ocean_post_title_background":0,"ocean_post_title_bg_image_position":"","ocean_post_title_bg_image_attachment":"","ocean_post_title_bg_image_repeat":"","ocean_post_title_bg_image_size":"","ocean_post_title_height":0,"ocean_post_title_bg_overlay":0.5,"ocean_post_title_bg_overlay_color":"","ocean_disable_breadcrumbs":"default","ocean_breadcrumbs_color":"","ocean_breadcrumbs_separator_color":"","ocean_breadcrumbs_links_color":"","ocean_breadcrumbs_links_hover_color":"","ocean_display_footer_widgets":"default","ocean_display_footer_bottom":"default","ocean_custom_footer_template":"","ocean_post_oembed":"","ocean_post_self_hosted_media":"","ocean_post_video_embed":"","ocean_link_format":"","ocean_link_format_target":"self","ocean_quote_format":"","ocean_quote_format_link":"post","ocean_gallery_link_images":"on","ocean_gallery_id":[]},"categories":[1],"tags":[],"acf":[],"_links":{"self":[{"href":"https:\/\/www.simepe.com.br\/novo\/wp-json\/wp\/v2\/posts\/44382"}],"collection":[{"href":"https:\/\/www.simepe.com.br\/novo\/wp-json\/wp\/v2\/posts"}],"about":[{"href":"https:\/\/www.simepe.com.br\/novo\/wp-json\/wp\/v2\/types\/post"}],"author":[{"embeddable":true,"href":"https:\/\/www.simepe.com.br\/novo\/wp-json\/wp\/v2\/users\/1"}],"replies":[{"embeddable":true,"href":"https:\/\/www.simepe.com.br\/novo\/wp-json\/wp\/v2\/comments?post=44382"}],"version-history":[{"count":1,"href":"https:\/\/www.simepe.com.br\/novo\/wp-json\/wp\/v2\/posts\/44382\/revisions"}],"predecessor-version":[{"id":44384,"href":"https:\/\/www.simepe.com.br\/novo\/wp-json\/wp\/v2\/posts\/44382\/revisions\/44384"}],"wp:featuredmedia":[{"embeddable":true,"href":"https:\/\/www.simepe.com.br\/novo\/wp-json\/wp\/v2\/media\/44383"}],"wp:attachment":[{"href":"https:\/\/www.simepe.com.br\/novo\/wp-json\/wp\/v2\/media?parent=44382"}],"wp:term":[{"taxonomy":"category","embeddable":true,"href":"https:\/\/www.simepe.com.br\/novo\/wp-json\/wp\/v2\/categories?post=44382"},{"taxonomy":"post_tag","embeddable":true,"href":"https:\/\/www.simepe.com.br\/novo\/wp-json\/wp\/v2\/tags?post=44382"}],"curies":[{"name":"wp","href":"https:\/\/api.w.org\/{rel}","templated":true}]}}