{"id":44396,"date":"2018-03-05T09:46:57","date_gmt":"2018-03-05T12:46:57","guid":{"rendered":"http:\/\/www.simepe.com.br\/novo\/?p=44396"},"modified":"2018-03-05T09:46:57","modified_gmt":"2018-03-05T12:46:57","slug":"pacientes-com-doencas-raras-pedem-liberacao-de-medicamentos","status":"publish","type":"post","link":"https:\/\/www.simepe.com.br\/novo\/pacientes-com-doencas-raras-pedem-liberacao-de-medicamentos\/","title":{"rendered":"Pacientes com doen\u00e7as raras pedem libera\u00e7\u00e3o de medicamentos"},"content":{"rendered":"<p style=\"text-align: justify;\">A caminhada ocorre em mais de 65 pa\u00edses em alus\u00e3o ao Dia Mundial das Doen\u00e7as Raras<\/p>\n<p style=\"text-align: justify;\">Pacientes com as chamadas doen\u00e7as raras fizeram neste domingo (4) a 4\u00aa Caminhada Minha Vida N\u00e3o Tem Pre\u00e7o, no Parque do Flamengo, zona sul do Rio de Janeiro. Eles protestaram contra a falta de medicamentos para essas enfermidades que trazem elevado risco de vida e s\u00e3o cronicamente debilitantes.<\/p>\n<p style=\"text-align: justify;\">A caminhada ocorre em mais de 65 pa\u00edses, em alus\u00e3o ao Dia Mundial das Doen\u00e7as Raras, comemorado no dia 28 de fevereiro. Uma das organizadoras do movimento, Geisa Luz, da Associa\u00e7\u00e3o dos Familiares, Amigos e Portadores de Doen\u00e7as Graves e Raras (Afag), disse que um dos objetivos \u00e9 sensibilizar e conscientizar a popula\u00e7\u00e3o, os profissionais de sa\u00fade, a sociedade em geral, sobre esse tipo de doen\u00e7a.<\/p>\n<p style=\"text-align: justify;\">De acordo com a entidade, as doen\u00e7as raras afetam at\u00e9 65 pessoas a cada 100 mil indiv\u00edduos. Atualmente, s\u00e3o conhecidas cerca de 8 mil tipos de doen\u00e7as raras, das quais 80% t\u00eam origem gen\u00e9tica. No Brasil, s\u00e3o 13 milh\u00f5es de doentes.<\/p>\n<p style=\"text-align: justify;\">\u201cEsta edi\u00e7\u00e3o [da caminhada] tem um car\u00e1ter especial porque desde agosto [de 2017], diversas pessoas n\u00e3o recebem seu medicamento de alto custo, que \u00e9 essencial para a vida delas. A partir da\u00ed, n\u00f3s j\u00e1 perdemos v\u00e1rios amigos raros e isso tem trazido um preju\u00edzo emocional para as fam\u00edlias, para toda a comunidade rara, e eles perdem a esperan\u00e7a\u201d, disse Geisa.<\/p>\n<p style=\"text-align: justify;\">Na \u00faltima segunda-feira, 26 de fevereiro, morreu uma das principais ativistas do movimento, Margareth Mendes, que lutava contra a doen\u00e7a. Ela foi diagnosticada em 2012 com HPN, mas a doen\u00e7a agravou e evoluiu para morte, em fun\u00e7\u00e3o da falta de medicamento.<\/p>\n<p style=\"text-align: justify;\"><strong>Custo elevado<\/strong><\/p>\n<p style=\"text-align: justify;\">Os rem\u00e9dios para os pacientes de doen\u00e7as raras s\u00e3o importados, t\u00eam custo elevado e s\u00e3o distribu\u00eddos pelo Minist\u00e9rio da Sa\u00fade. A lista dos medicamentos que tiveram a distribui\u00e7\u00e3o suspensa em agosto do ano passado inclui Laronidase, Elaprase, Vimizim, Galsulfase, Eculizumab, Ataluren, Alfa 1, Miglustat, Alfa-alglicosidase, Icatibanto\/ Inibidor de C1 Sterase, Beta Agalsidase Beta\/Alfagalsidase, e Omalizumabe.<\/p>\n<p style=\"text-align: justify;\">Segundo Geisa Luz, todos os rem\u00e9dios s\u00e3o judicializados. Afirmou que existe \u201cum n\u00f3 cr\u00edtico\u201d que est\u00e1 impedindo que esses medicamentos cheguem \u00e0s fam\u00edlias, aos pacientes. A Afag informou que a empresa selecionada pelo minist\u00e9rio para transportar os medicamentos n\u00e3o atenderia as normas da Ag\u00eancia Nacional de Vigil\u00e2ncia Sanit\u00e1ria (Anvisa), o que tem atrasado a distribui\u00e7\u00e3o dos rem\u00e9dios. Cerca de 15 pacientes de doen\u00e7as raras ligadas \u00e0 Afag morreram at\u00e9 agora devido \u00e0 interrup\u00e7\u00e3o dos medicamentos.<\/p>\n<p style=\"text-align: justify;\">Fl\u00e1via Pereira Medella pertence \u00e0 Associa\u00e7\u00e3o de Distrofia Carioca. H\u00e1 dois anos, ela entrou na Justi\u00e7a para que seu filho, que sofre de distrofia, tivesse acesso ao rem\u00e9dio Ataluren, sem sucesso. Foi comunicada que seu filho estava na fila, bem perto de receber o medicamento. \u201cMas at\u00e9 agora, n\u00e3o chegou. Como m\u00e3e, eu me sinto impotente\u201d, disse \u00e0 Ag\u00eancia Brasil.<\/p>\n<p style=\"text-align: justify;\"><strong>Sem pre\u00e7o<\/strong><\/p>\n<p style=\"text-align: justify;\">Cristiano Silveira \u00e9 coordenador do Movimento Minha Vida N\u00e3o Tem Pre\u00e7o, presidente da Associa\u00e7\u00e3o de Fibrose C\u00edstica do Rio de Janeiro e pai de um garoto com fibrose c\u00edstica. Desde setembro de 2016, o movimento acompanha o julgamento de a\u00e7\u00f5es no Supremo Tribunal Federal (STF) que tratam do fornecimento de medicamentos de alto custo para tratamento de v\u00e1rias doen\u00e7as, entre as quais algumas doen\u00e7as raras.<\/p>\n<p style=\"text-align: justify;\">\u201cA gente est\u00e1 acompanhando isso porque hoje esses pacientes recorrem \u00e0 Justi\u00e7a para tratamentos que ainda n\u00e3o s\u00e3o disponibilizados pelo Sistema \u00danico de Sa\u00fade (SUS). O que est\u00e1 em julgamento pelo Supremo \u00e9 se isso vai poder continuar ou se os pacientes v\u00e3o contar s\u00f3 com aquilo que j\u00e1 est\u00e1 em protocolos cl\u00ednicos, isto \u00e9, j\u00e1 est\u00e1 disponibilizado no SUS\u201d, disse Silveira. Ele ressaltou que v\u00e1rios desses tratamentos j\u00e1 s\u00e3o adotados em pa\u00edses em todo o mundo, salvando muitas vidas.<\/p>\n<p style=\"text-align: justify;\">\u201cN\u00f3s estamos falando de doen\u00e7as que t\u00eam uma progress\u00e3o \u00e0s vezes muito r\u00e1pida, cujo progn\u00f3stico \u00e9 de alguns meses ou poucos anos de vida. As pessoas n\u00e3o t\u00eam esse tempo para esperar pela burocracia do Estado, recorrem \u00e0 Justi\u00e7a. Isso era garantido at\u00e9 hoje. O que est\u00e1 em julgamento \u00e9 se as pessoas v\u00e3o continuar a poder recorrer \u00e0 Justi\u00e7a para esses tratamentos\u201d, acrescentou.<\/p>\n<p style=\"text-align: justify;\">\n<p style=\"text-align: justify;\">Fonte: Diario de Pernambuco<\/p>\n","protected":false},"excerpt":{"rendered":"<p>A caminhada ocorre em mais de 65 pa\u00edses em alus\u00e3o ao Dia Mundial das Doen\u00e7as Raras Pacientes com as chamadas doen\u00e7as raras fizeram neste domingo (4) a 4\u00aa Caminhada Minha Vida N\u00e3o Tem Pre\u00e7o, no Parque do Flamengo, zona sul do Rio de Janeiro. Eles protestaram contra a falta de medicamentos para essas enfermidades que [&hellip;]<\/p>\n","protected":false},"author":1,"featured_media":0,"comment_status":"open","ping_status":"open","sticky":false,"template":"","format":"standard","meta":{"ocean_post_layout":"","ocean_both_sidebars_style":"","ocean_both_sidebars_content_width":0,"ocean_both_sidebars_sidebars_width":0,"ocean_sidebar":"","ocean_second_sidebar":"","ocean_disable_margins":"enable","ocean_add_body_class":"","ocean_shortcode_before_top_bar":"","ocean_shortcode_after_top_bar":"","ocean_shortcode_before_header":"","ocean_shortcode_after_header":"","ocean_has_shortcode":"","ocean_shortcode_after_title":"","ocean_shortcode_before_footer_widgets":"","ocean_shortcode_after_footer_widgets":"","ocean_shortcode_before_footer_bottom":"","ocean_shortcode_after_footer_bottom":"","ocean_display_top_bar":"default","ocean_display_header":"default","ocean_header_style":"","ocean_center_header_left_menu":"","ocean_custom_header_template":"","ocean_custom_logo":0,"ocean_custom_retina_logo":0,"ocean_custom_logo_max_width":0,"ocean_custom_logo_tablet_max_width":0,"ocean_custom_logo_mobile_max_width":0,"ocean_custom_logo_max_height":0,"ocean_custom_logo_tablet_max_height":0,"ocean_custom_logo_mobile_max_height":0,"ocean_header_custom_menu":"","ocean_menu_typo_font_family":"","ocean_menu_typo_font_subset":"","ocean_menu_typo_font_size":0,"ocean_menu_typo_font_size_tablet":0,"ocean_menu_typo_font_size_mobile":0,"ocean_menu_typo_font_size_unit":"px","ocean_menu_typo_font_weight":"","ocean_menu_typo_font_weight_tablet":"","ocean_menu_typo_font_weight_mobile":"","ocean_menu_typo_transform":"","ocean_menu_typo_transform_tablet":"","ocean_menu_typo_transform_mobile":"","ocean_menu_typo_line_height":0,"ocean_menu_typo_line_height_tablet":0,"ocean_menu_typo_line_height_mobile":0,"ocean_menu_typo_line_height_unit":"","ocean_menu_typo_spacing":0,"ocean_menu_typo_spacing_tablet":0,"ocean_menu_typo_spacing_mobile":0,"ocean_menu_typo_spacing_unit":"","ocean_menu_link_color":"","ocean_menu_link_color_hover":"","ocean_menu_link_color_active":"","ocean_menu_link_background":"","ocean_menu_link_hover_background":"","ocean_menu_link_active_background":"","ocean_menu_social_links_bg":"","ocean_menu_social_hover_links_bg":"","ocean_menu_social_links_color":"","ocean_menu_social_hover_links_color":"","ocean_disable_title":"default","ocean_disable_heading":"default","ocean_post_title":"","ocean_post_subheading":"","ocean_post_title_style":"","ocean_post_title_background_color":"","ocean_post_title_background":0,"ocean_post_title_bg_image_position":"","ocean_post_title_bg_image_attachment":"","ocean_post_title_bg_image_repeat":"","ocean_post_title_bg_image_size":"","ocean_post_title_height":0,"ocean_post_title_bg_overlay":0.5,"ocean_post_title_bg_overlay_color":"","ocean_disable_breadcrumbs":"default","ocean_breadcrumbs_color":"","ocean_breadcrumbs_separator_color":"","ocean_breadcrumbs_links_color":"","ocean_breadcrumbs_links_hover_color":"","ocean_display_footer_widgets":"default","ocean_display_footer_bottom":"default","ocean_custom_footer_template":"","ocean_post_oembed":"","ocean_post_self_hosted_media":"","ocean_post_video_embed":"","ocean_link_format":"","ocean_link_format_target":"self","ocean_quote_format":"","ocean_quote_format_link":"post","ocean_gallery_link_images":"on","ocean_gallery_id":[]},"categories":[9],"tags":[],"acf":[],"_links":{"self":[{"href":"https:\/\/www.simepe.com.br\/novo\/wp-json\/wp\/v2\/posts\/44396"}],"collection":[{"href":"https:\/\/www.simepe.com.br\/novo\/wp-json\/wp\/v2\/posts"}],"about":[{"href":"https:\/\/www.simepe.com.br\/novo\/wp-json\/wp\/v2\/types\/post"}],"author":[{"embeddable":true,"href":"https:\/\/www.simepe.com.br\/novo\/wp-json\/wp\/v2\/users\/1"}],"replies":[{"embeddable":true,"href":"https:\/\/www.simepe.com.br\/novo\/wp-json\/wp\/v2\/comments?post=44396"}],"version-history":[{"count":1,"href":"https:\/\/www.simepe.com.br\/novo\/wp-json\/wp\/v2\/posts\/44396\/revisions"}],"predecessor-version":[{"id":44397,"href":"https:\/\/www.simepe.com.br\/novo\/wp-json\/wp\/v2\/posts\/44396\/revisions\/44397"}],"wp:attachment":[{"href":"https:\/\/www.simepe.com.br\/novo\/wp-json\/wp\/v2\/media?parent=44396"}],"wp:term":[{"taxonomy":"category","embeddable":true,"href":"https:\/\/www.simepe.com.br\/novo\/wp-json\/wp\/v2\/categories?post=44396"},{"taxonomy":"post_tag","embeddable":true,"href":"https:\/\/www.simepe.com.br\/novo\/wp-json\/wp\/v2\/tags?post=44396"}],"curies":[{"name":"wp","href":"https:\/\/api.w.org\/{rel}","templated":true}]}}