{"id":44408,"date":"2018-03-05T10:33:16","date_gmt":"2018-03-05T13:33:16","guid":{"rendered":"http:\/\/www.simepe.com.br\/novo\/?p=44408"},"modified":"2018-03-05T10:33:16","modified_gmt":"2018-03-05T13:33:16","slug":"brasil-passa-a-exportar-casos-de-febre-amarela-turistas-chileno-e-suico-morrem","status":"publish","type":"post","link":"https:\/\/www.simepe.com.br\/novo\/brasil-passa-a-exportar-casos-de-febre-amarela-turistas-chileno-e-suico-morrem\/","title":{"rendered":"Brasil passa a exportar casos de febre amarela; turistas chileno e su\u00ed\u00e7o morrem"},"content":{"rendered":"<p style=\"text-align: justify;\">Turistas que estiveram no Brasil este ano contra\u00edram a doen\u00e7a; su\u00ed\u00e7o que se negou a tomar a vacina morreu em hospital em Zurique no dia 28 de fevereiro.<\/p>\n<p style=\"text-align: justify;\">Cinco turistas que estiveram no Brasil entre janeiro e fevereiro deste ano adoeceram de febre amarela, informa a Sociedade Internacional de Medicina de Viagem, grupo que mant\u00e9m sistema de vigil\u00e2ncia sobre doen\u00e7as globais e concentra pesquisadores de todo o mundo. Tamb\u00e9m a imprensa argentina informa que dois residentes do pa\u00eds contra\u00edram a doen\u00e7a este ano no Brasil e voltaram para o pa\u00eds.<\/p>\n<p style=\"text-align: justify;\">Dentre os casos, a Sociedade Internacional de Medicina de Viagem relata duas mortes em 2018: a de um turista chileno, que morreu em hospital no Rio de Janeiro, e de turista su\u00ed\u00e7o, que morreu em Zurique no dia 28. Os outros casos, de turistas que se recuperam ou j\u00e1 foram liberados, s\u00e3o de residentes da Rom\u00eania, da Holanda e da Fran\u00e7a.<\/p>\n<p style=\"text-align: justify;\">A sociedade n\u00e3o divulgou se h\u00e1 casos em anos anteriores, mas disse que o primeiro relato recente de turista com cont\u00e1gio no Brasil foi de um holand\u00eas, liberado em janeiro.<\/p>\n<p style=\"text-align: justify;\">Sobre o turista chileno, o caso foi retatado \u00e0 sociedade por Cecilia Perret Perez, infectologista na Pontificia Universidad Cat\u00f3lica de Chile. Segundo o relato, o turista tinha 36 anos e esteve no Rio de Janeiro, onde morreu. O turista n\u00e3o tinha tomado o imunizante e tinha uma filosofia anti-vacina. Ele viajou para o Rio para o reveill\u00f3n e come\u00e7ou a apresentar sintomas no come\u00e7o de fevereiro.<\/p>\n<p style=\"text-align: justify;\">A outra morte foi de turista su\u00ed\u00e7o de 44 anos, que se recusou a tomar a vacina e esteve em Ilha Grande, no Rio de Janeiro, em fevereiro. Ao voltar para Zurique, na Su\u00ed\u00e7a, no dia 22 , o turista chegou em uma condi\u00e7\u00e3o cr\u00edtica e morreu na UTI no dia 28. O caso de febre amarela foi confirmado por teste molecular. O relato foi informado \u00e0 sociedade pela infectologista Patricia Schlagenhauf-Lawlor, professora e pesquisadora na Universidade de Zurique, na Su\u00ed\u00e7a.<\/p>\n<p style=\"text-align: justify;\">Um outro caso relatado \u00e0 sociedade foi da francesa Eric Caumes, de 42 anos. Segundo o boletim, ela foi diagnosticada primeiro no Brasil antes de voltar para Paris em fevereiro. Caumes apresentou sintomas consistentes com a febre e fez teste laboratorial, que deu positivo. A turista visitou Brumadinho, onde se localiza Inhotin, em Minas Gerais. Segundo a sociedade, trata-se do segundo caso reportado da doen\u00e7a na Europa.<\/p>\n<p style=\"text-align: justify;\">O primeiro caso, j\u00e1 divulgado, foi de um holand\u00eas de 46 anos que veio para o Brasil em trabalho humanit\u00e1rio em S\u00e3o Paulo em janeiro. Segundo o relato de infectologistas de Roterd\u00e3, na Holanda, o paciente foi liberado no dia 15 de janeiro e passa bem.<\/p>\n<p style=\"text-align: justify;\">Na Rom\u00eania, os pesquisadores Simin-Aysel Florescu e Corneliu Popescu, ambos infectologistas no Hospital de Doen\u00e7as Infecciosas e Tropicais &#8220;Victor Babes&#8221;, em Bucareste, informaram o caso de um turista romeno que tamb\u00e9m esteve em Ilha Grande, no Rio de Janeiro.<\/p>\n<p style=\"text-align: justify;\">O turista visitou o Brasil e a Argentina entre os dias 11 e 23 de fevereiro de 2018 e passou v\u00e1rios dias no Rio de Janeiro. Ao voltar para Bucareste no dia 23, foi hospitalizado com insufici\u00eancia hep\u00e1tica e renal, erup\u00e7\u00e3o cut\u00e2nea (altera\u00e7\u00e3o e inflama\u00e7\u00e3o na pele), mialgia (dor muscular) e febre. O visitante n\u00e3o tinha tomado a vacina e o caso foi confirmado por exame sorol\u00f3gico.<\/p>\n<p style=\"text-align: justify;\">&#8220;O paciente mant\u00e9m a consci\u00eancia e a fun\u00e7\u00e3o hep\u00e1tica e renal est\u00e1 melhorando gradualmente&#8221;, informaram os pesquisadores.<\/p>\n<p style=\"text-align: justify;\">Na argentina, o jornal &#8220;Clar\u00edn&#8221; relata que dois argentinos que vieram ao Brasil adoeceram. Uma mulher de 45 anos que viajou para Ilha Grande, no Rio de Janeiro, entre 29 de janeiro e 10 de fevereiro. O outro caso foi de um homem de 28 anos que passou as f\u00e9rias no Brasil entre 1 e 15 de fevereiro.<\/p>\n<p style=\"text-align: justify;\">Vacina n\u00e3o \u00e9 exigida para turistas<br \/>\nN\u00e3o \u00e9 pedido Certificado Internacional de Vacinas para quem entra no Brasil, diz o Minist\u00e9rio da Sa\u00fade. O certificado \u00e9 exigido apenas por alguns pa\u00edses, para residentes no Brasil que v\u00e3o viajar para fora.<\/p>\n<p style=\"text-align: justify;\">&#8220;O pa\u00eds recomenda que as pessoas que v\u00e3o se deslocar para \u00e1reas com circula\u00e7\u00e3o do v\u00edrus e para \u00e1reas com recomenda\u00e7\u00e3o de vacina\u00e7\u00e3o, que se vacinem&#8221;, disse a assessoria da pasta.<\/p>\n<p style=\"text-align: justify;\">&#8220;A quest\u00e3o de se pedir o certificado para quem entra aqui \u00e9 muito discutido. Mas eu n\u00e3o tenho d\u00favida de que, para a prote\u00e7\u00e3o individual do turista, ele \u00e9 necess\u00e1rio, principalmente para Rio, S\u00e3o Paulo e Minas, onde temos uma transmiss\u00e3o ativa&#8221;, diz Artur Timerman, m\u00e9dico infectologista e presidente da Sociedade Brasileira de Arboviroses.<br \/>\nA Organiza\u00e7\u00e3o Mundial da Sa\u00fade tamb\u00e9m tem uma recomenda\u00e7\u00e3o de vacinas para algumas regi\u00f5es de transmiss\u00e3o no Brasil, mas trata-se de uma recomenda\u00e7\u00e3o &#8212; e n\u00e3o uma exig\u00eancia.<\/p>\n<p style=\"text-align: justify;\">&#8220;A quest\u00e3o de uma exig\u00eancia de um certificado tem uma repercuss\u00e3o muito negativa&#8221;, diz Timerman.<\/p>\n<p style=\"text-align: justify;\">\n<p style=\"text-align: justify;\">Fonte: G1<\/p>\n","protected":false},"excerpt":{"rendered":"<p>Turistas que estiveram no Brasil este ano contra\u00edram a doen\u00e7a; su\u00ed\u00e7o que se negou a tomar a vacina morreu em hospital em Zurique no dia 28 de fevereiro. Cinco turistas que estiveram no Brasil entre janeiro e fevereiro deste ano adoeceram de febre amarela, informa a Sociedade Internacional de Medicina de Viagem, grupo que mant\u00e9m [&hellip;]<\/p>\n","protected":false},"author":1,"featured_media":44409,"comment_status":"open","ping_status":"open","sticky":false,"template":"","format":"standard","meta":{"ocean_post_layout":"","ocean_both_sidebars_style":"","ocean_both_sidebars_content_width":0,"ocean_both_sidebars_sidebars_width":0,"ocean_sidebar":"","ocean_second_sidebar":"","ocean_disable_margins":"enable","ocean_add_body_class":"","ocean_shortcode_before_top_bar":"","ocean_shortcode_after_top_bar":"","ocean_shortcode_before_header":"","ocean_shortcode_after_header":"","ocean_has_shortcode":"","ocean_shortcode_after_title":"","ocean_shortcode_before_footer_widgets":"","ocean_shortcode_after_footer_widgets":"","ocean_shortcode_before_footer_bottom":"","ocean_shortcode_after_footer_bottom":"","ocean_display_top_bar":"default","ocean_display_header":"default","ocean_header_style":"","ocean_center_header_left_menu":"","ocean_custom_header_template":"","ocean_custom_logo":0,"ocean_custom_retina_logo":0,"ocean_custom_logo_max_width":0,"ocean_custom_logo_tablet_max_width":0,"ocean_custom_logo_mobile_max_width":0,"ocean_custom_logo_max_height":0,"ocean_custom_logo_tablet_max_height":0,"ocean_custom_logo_mobile_max_height":0,"ocean_header_custom_menu":"","ocean_menu_typo_font_family":"","ocean_menu_typo_font_subset":"","ocean_menu_typo_font_size":0,"ocean_menu_typo_font_size_tablet":0,"ocean_menu_typo_font_size_mobile":0,"ocean_menu_typo_font_size_unit":"px","ocean_menu_typo_font_weight":"","ocean_menu_typo_font_weight_tablet":"","ocean_menu_typo_font_weight_mobile":"","ocean_menu_typo_transform":"","ocean_menu_typo_transform_tablet":"","ocean_menu_typo_transform_mobile":"","ocean_menu_typo_line_height":0,"ocean_menu_typo_line_height_tablet":0,"ocean_menu_typo_line_height_mobile":0,"ocean_menu_typo_line_height_unit":"","ocean_menu_typo_spacing":0,"ocean_menu_typo_spacing_tablet":0,"ocean_menu_typo_spacing_mobile":0,"ocean_menu_typo_spacing_unit":"","ocean_menu_link_color":"","ocean_menu_link_color_hover":"","ocean_menu_link_color_active":"","ocean_menu_link_background":"","ocean_menu_link_hover_background":"","ocean_menu_link_active_background":"","ocean_menu_social_links_bg":"","ocean_menu_social_hover_links_bg":"","ocean_menu_social_links_color":"","ocean_menu_social_hover_links_color":"","ocean_disable_title":"default","ocean_disable_heading":"default","ocean_post_title":"","ocean_post_subheading":"","ocean_post_title_style":"","ocean_post_title_background_color":"","ocean_post_title_background":0,"ocean_post_title_bg_image_position":"","ocean_post_title_bg_image_attachment":"","ocean_post_title_bg_image_repeat":"","ocean_post_title_bg_image_size":"","ocean_post_title_height":0,"ocean_post_title_bg_overlay":0.5,"ocean_post_title_bg_overlay_color":"","ocean_disable_breadcrumbs":"default","ocean_breadcrumbs_color":"","ocean_breadcrumbs_separator_color":"","ocean_breadcrumbs_links_color":"","ocean_breadcrumbs_links_hover_color":"","ocean_display_footer_widgets":"default","ocean_display_footer_bottom":"default","ocean_custom_footer_template":"","ocean_post_oembed":"","ocean_post_self_hosted_media":"","ocean_post_video_embed":"","ocean_link_format":"","ocean_link_format_target":"self","ocean_quote_format":"","ocean_quote_format_link":"post","ocean_gallery_link_images":"on","ocean_gallery_id":[]},"categories":[1],"tags":[1723,2557,2503],"acf":[],"_links":{"self":[{"href":"https:\/\/www.simepe.com.br\/novo\/wp-json\/wp\/v2\/posts\/44408"}],"collection":[{"href":"https:\/\/www.simepe.com.br\/novo\/wp-json\/wp\/v2\/posts"}],"about":[{"href":"https:\/\/www.simepe.com.br\/novo\/wp-json\/wp\/v2\/types\/post"}],"author":[{"embeddable":true,"href":"https:\/\/www.simepe.com.br\/novo\/wp-json\/wp\/v2\/users\/1"}],"replies":[{"embeddable":true,"href":"https:\/\/www.simepe.com.br\/novo\/wp-json\/wp\/v2\/comments?post=44408"}],"version-history":[{"count":1,"href":"https:\/\/www.simepe.com.br\/novo\/wp-json\/wp\/v2\/posts\/44408\/revisions"}],"predecessor-version":[{"id":44410,"href":"https:\/\/www.simepe.com.br\/novo\/wp-json\/wp\/v2\/posts\/44408\/revisions\/44410"}],"wp:featuredmedia":[{"embeddable":true,"href":"https:\/\/www.simepe.com.br\/novo\/wp-json\/wp\/v2\/media\/44409"}],"wp:attachment":[{"href":"https:\/\/www.simepe.com.br\/novo\/wp-json\/wp\/v2\/media?parent=44408"}],"wp:term":[{"taxonomy":"category","embeddable":true,"href":"https:\/\/www.simepe.com.br\/novo\/wp-json\/wp\/v2\/categories?post=44408"},{"taxonomy":"post_tag","embeddable":true,"href":"https:\/\/www.simepe.com.br\/novo\/wp-json\/wp\/v2\/tags?post=44408"}],"curies":[{"name":"wp","href":"https:\/\/api.w.org\/{rel}","templated":true}]}}