{"id":44411,"date":"2018-03-05T10:35:19","date_gmt":"2018-03-05T13:35:19","guid":{"rendered":"http:\/\/www.simepe.com.br\/novo\/?p=44411"},"modified":"2018-03-05T10:35:19","modified_gmt":"2018-03-05T13:35:19","slug":"643-mil-frascos-de-penicilina-serao-distribuidos-para-tratamento-da-sifilis-em-marco","status":"publish","type":"post","link":"https:\/\/www.simepe.com.br\/novo\/643-mil-frascos-de-penicilina-serao-distribuidos-para-tratamento-da-sifilis-em-marco\/","title":{"rendered":"643 mil frascos de penicilina ser\u00e3o distribu\u00eddos para tratamento da s\u00edfilis em mar\u00e7o"},"content":{"rendered":"<p style=\"text-align: justify;\">Montante faz parte da aquisi\u00e7\u00e3o de 2,85 milh\u00f5es de frascos-ampolas que ser\u00e3o entregues at\u00e9 o primeiro trimestre de 2019<\/p>\n<p style=\"text-align: justify;\">O Minist\u00e9rio da Sa\u00fade vai distribuir para todos os estados e o Distrito Federal em mar\u00e7o, 526 mil frascos-ampola de penicilina benzatina \u2013 para tratamento da s\u00edfilis adquirida e em gestantes mais parcerias \u2013 e 116 mil da penicilina cristalina ou pot\u00e1ssica \u2013 para tratamento da s\u00edfilis cong\u00eanita, em beb\u00eas. A confirma\u00e7\u00e3o da distribui\u00e7\u00e3o est\u00e1 na Nota Informativa N\u00ba 4, do Departamento de Vigil\u00e2ncia, Preven\u00e7\u00e3o e Controle das IST, do HIV\/Aids e das Hepatites Virais (DIAHV) do Minist\u00e9rio da Sa\u00fade, de 23 de fevereiro.<\/p>\n<p style=\"text-align: justify;\">A forma de distribui\u00e7\u00e3o foi elaborada com base na consulta nacional de necessidade de cada estado, realizada em contato direto com os gestores locais entre novembro de 2017 e janeiro de 2018.<\/p>\n<p style=\"text-align: justify;\">No total ser\u00e3o comprados, de forma centralizada pelo minist\u00e9rio, 2,85 milh\u00f5es da penicilina benzatina \u2013 sendo 2,4 milh\u00f5es da apresenta\u00e7\u00e3o 1.200.000 UI \u2013 e 450 mil da cristalina ou pot\u00e1ssica de 5.000.000 UI, para o abastecimento da rede p\u00fablica de sa\u00fade at\u00e9 o primeiro trimestre de 2019.<\/p>\n<p style=\"text-align: justify;\">Vale ressaltar que, em 2017, ambas as apresenta\u00e7\u00f5es da penicilina benzatina foram incorporadas ao Componente Estrat\u00e9gico da Assist\u00eancia Farmac\u00eautica (CESAF), o que remeteu ao Minist\u00e9rio da Sa\u00fade a responsabilidade pela aquisi\u00e7\u00e3o e distribui\u00e7\u00e3o centralizadas desses medicamentos aos estados e ao Distrito Federal. A medida est\u00e1 de acordo com a Rela\u00e7\u00e3o Nacional de Medicamentos Essenciais (Rename) de 2017, como garantia de acesso ao medicamento (Portaria n\u00ba 1.897, de 26 de julho de 2017). Entretanto, esses medicamentos continuam dispon\u00edveis no Componente B\u00e1sico da Assist\u00eancia Farmac\u00eautica (CBAF) para outras situa\u00e7\u00f5es cl\u00ednicas.<\/p>\n<p style=\"text-align: justify;\">\u201c\u00c9 uma compra dif\u00edcil de fazer, que segue log\u00edstica delicada, que requer o cumprimento de uma s\u00e9rie de exig\u00eancias t\u00e9cnicas, mas o Brasil conseguiu superar tudo isso, para atender \u00e0 demanda de todo o territ\u00f3rio nacional\u201d, afirmou a diretora do DIAHV, Adele Benzaken.<\/p>\n<p style=\"text-align: justify;\">A medida faz parte da Agenda de A\u00e7\u00f5es Estrat\u00e9gicas para Redu\u00e7\u00e3o da S\u00edfilis no Brasil, lan\u00e7ada ano passado. A agenda \u00e9 um esfor\u00e7o conjunto do Governo Federal, estados e munic\u00edpios para intensificar a\u00e7\u00f5es de preven\u00e7\u00e3o, diagn\u00f3stico e tratamento da doen\u00e7a, para conter o avan\u00e7o da s\u00edfilis no pa\u00eds.<\/p>\n<p style=\"text-align: justify;\">Na nota informativa n\u00ba 4, o DIAHV esclarece que a cobertura estimada poder\u00e1 ser reduzida em fun\u00e7\u00e3o da perspectiva de aumento do consumo com a amplia\u00e7\u00e3o da cobertura dos tratamentos para todos os casos de s\u00edfilis, incluindo a s\u00edfilis adquirida. Tamb\u00e9m solicita aos gestores e ado\u00e7\u00e3o de medidas que garantam o uso dos estoques dispon\u00edveis das duas apresenta\u00e7\u00f5es de penicilina dentro do prazo de validade.<\/p>\n<p style=\"text-align: justify;\"><strong>Gestantes<\/strong> \u2013 Com a compra desse quantitativo de penicilina para abastecimento dos estados fica revogada a Nota Informativa Conjunta n\u00ba 109 de 2015 que recomendava a prioriza\u00e7\u00e3o da penicilina benzatina para tratamento de s\u00edfilis em gestantes e suas parcerias sexuais, emitida em decorr\u00eancia do desabastecimento nacional e global do medicamento \u00e0 \u00e9poca. A Nota Informativa n\u00ba 2 publicada em 2 de fevereiro de 2018 revoga a prioriza\u00e7\u00e3o.<\/p>\n<p style=\"text-align: justify;\">\n<p style=\"text-align: justify;\">Fonte: Blog da Sa\u00fade (Minist\u00e9rio da Sa\u00fade)<\/p>\n","protected":false},"excerpt":{"rendered":"<p>Montante faz parte da aquisi\u00e7\u00e3o de 2,85 milh\u00f5es de frascos-ampolas que ser\u00e3o entregues at\u00e9 o primeiro trimestre de 2019 O Minist\u00e9rio da Sa\u00fade vai distribuir para todos os estados e o Distrito Federal em mar\u00e7o, 526 mil frascos-ampola de penicilina benzatina \u2013 para tratamento da s\u00edfilis adquirida e em gestantes mais parcerias \u2013 e 116 [&hellip;]<\/p>\n","protected":false},"author":1,"featured_media":0,"comment_status":"open","ping_status":"open","sticky":false,"template":"","format":"standard","meta":{"ocean_post_layout":"","ocean_both_sidebars_style":"","ocean_both_sidebars_content_width":0,"ocean_both_sidebars_sidebars_width":0,"ocean_sidebar":"","ocean_second_sidebar":"","ocean_disable_margins":"enable","ocean_add_body_class":"","ocean_shortcode_before_top_bar":"","ocean_shortcode_after_top_bar":"","ocean_shortcode_before_header":"","ocean_shortcode_after_header":"","ocean_has_shortcode":"","ocean_shortcode_after_title":"","ocean_shortcode_before_footer_widgets":"","ocean_shortcode_after_footer_widgets":"","ocean_shortcode_before_footer_bottom":"","ocean_shortcode_after_footer_bottom":"","ocean_display_top_bar":"default","ocean_display_header":"default","ocean_header_style":"","ocean_center_header_left_menu":"","ocean_custom_header_template":"","ocean_custom_logo":0,"ocean_custom_retina_logo":0,"ocean_custom_logo_max_width":0,"ocean_custom_logo_tablet_max_width":0,"ocean_custom_logo_mobile_max_width":0,"ocean_custom_logo_max_height":0,"ocean_custom_logo_tablet_max_height":0,"ocean_custom_logo_mobile_max_height":0,"ocean_header_custom_menu":"","ocean_menu_typo_font_family":"","ocean_menu_typo_font_subset":"","ocean_menu_typo_font_size":0,"ocean_menu_typo_font_size_tablet":0,"ocean_menu_typo_font_size_mobile":0,"ocean_menu_typo_font_size_unit":"px","ocean_menu_typo_font_weight":"","ocean_menu_typo_font_weight_tablet":"","ocean_menu_typo_font_weight_mobile":"","ocean_menu_typo_transform":"","ocean_menu_typo_transform_tablet":"","ocean_menu_typo_transform_mobile":"","ocean_menu_typo_line_height":0,"ocean_menu_typo_line_height_tablet":0,"ocean_menu_typo_line_height_mobile":0,"ocean_menu_typo_line_height_unit":"","ocean_menu_typo_spacing":0,"ocean_menu_typo_spacing_tablet":0,"ocean_menu_typo_spacing_mobile":0,"ocean_menu_typo_spacing_unit":"","ocean_menu_link_color":"","ocean_menu_link_color_hover":"","ocean_menu_link_color_active":"","ocean_menu_link_background":"","ocean_menu_link_hover_background":"","ocean_menu_link_active_background":"","ocean_menu_social_links_bg":"","ocean_menu_social_hover_links_bg":"","ocean_menu_social_links_color":"","ocean_menu_social_hover_links_color":"","ocean_disable_title":"default","ocean_disable_heading":"default","ocean_post_title":"","ocean_post_subheading":"","ocean_post_title_style":"","ocean_post_title_background_color":"","ocean_post_title_background":0,"ocean_post_title_bg_image_position":"","ocean_post_title_bg_image_attachment":"","ocean_post_title_bg_image_repeat":"","ocean_post_title_bg_image_size":"","ocean_post_title_height":0,"ocean_post_title_bg_overlay":0.5,"ocean_post_title_bg_overlay_color":"","ocean_disable_breadcrumbs":"default","ocean_breadcrumbs_color":"","ocean_breadcrumbs_separator_color":"","ocean_breadcrumbs_links_color":"","ocean_breadcrumbs_links_hover_color":"","ocean_display_footer_widgets":"default","ocean_display_footer_bottom":"default","ocean_custom_footer_template":"","ocean_post_oembed":"","ocean_post_self_hosted_media":"","ocean_post_video_embed":"","ocean_link_format":"","ocean_link_format_target":"self","ocean_quote_format":"","ocean_quote_format_link":"post","ocean_gallery_link_images":"on","ocean_gallery_id":[]},"categories":[9],"tags":[],"acf":[],"_links":{"self":[{"href":"https:\/\/www.simepe.com.br\/novo\/wp-json\/wp\/v2\/posts\/44411"}],"collection":[{"href":"https:\/\/www.simepe.com.br\/novo\/wp-json\/wp\/v2\/posts"}],"about":[{"href":"https:\/\/www.simepe.com.br\/novo\/wp-json\/wp\/v2\/types\/post"}],"author":[{"embeddable":true,"href":"https:\/\/www.simepe.com.br\/novo\/wp-json\/wp\/v2\/users\/1"}],"replies":[{"embeddable":true,"href":"https:\/\/www.simepe.com.br\/novo\/wp-json\/wp\/v2\/comments?post=44411"}],"version-history":[{"count":1,"href":"https:\/\/www.simepe.com.br\/novo\/wp-json\/wp\/v2\/posts\/44411\/revisions"}],"predecessor-version":[{"id":44412,"href":"https:\/\/www.simepe.com.br\/novo\/wp-json\/wp\/v2\/posts\/44411\/revisions\/44412"}],"wp:attachment":[{"href":"https:\/\/www.simepe.com.br\/novo\/wp-json\/wp\/v2\/media?parent=44411"}],"wp:term":[{"taxonomy":"category","embeddable":true,"href":"https:\/\/www.simepe.com.br\/novo\/wp-json\/wp\/v2\/categories?post=44411"},{"taxonomy":"post_tag","embeddable":true,"href":"https:\/\/www.simepe.com.br\/novo\/wp-json\/wp\/v2\/tags?post=44411"}],"curies":[{"name":"wp","href":"https:\/\/api.w.org\/{rel}","templated":true}]}}