{"id":44420,"date":"2018-03-05T10:53:32","date_gmt":"2018-03-05T13:53:32","guid":{"rendered":"http:\/\/www.simepe.com.br\/novo\/?p=44420"},"modified":"2018-03-05T10:55:44","modified_gmt":"2018-03-05T13:55:44","slug":"salario-regional-altera-minimo-profissional-dos-medicos","status":"publish","type":"post","link":"https:\/\/www.simepe.com.br\/novo\/salario-regional-altera-minimo-profissional-dos-medicos\/","title":{"rendered":"Sal\u00e1rio regional altera m\u00ednimo profissional dos m\u00e9dicos"},"content":{"rendered":"<p style=\"text-align: justify;\">Com a divulga\u00e7\u00e3o do novo valor do sal\u00e1rio m\u00ednimo regional de R$ 1.293,60 pelo Governo do Estado, o sal\u00e1rio m\u00ednimo profissional dos m\u00e9dicos que trabalham no setor privado tamb\u00e9m ter\u00e1 tamb\u00e9m altera\u00e7\u00e3o de 1,81%, a partir de 1\u00ba de mar\u00e7o, data da assinatura do decreto do governador do Paran\u00e1.<\/p>\n<p style=\"text-align: justify;\">De acordo com a lei n\u00ba 3.999\/1961, a categoria profissional tem direito a receber tr\u00eas sal\u00e1rios m\u00ednimos gerais (R$ 965,00) e mais um sal\u00e1rio m\u00ednimo regional (R$ 1.293,60) para a dura\u00e7\u00e3o de trabalho m\u00ednima de 10 horas semanais, no total de R$ 4.188,60.<\/p>\n<p style=\"text-align: justify;\">J\u00e1 para os m\u00e9dicos que cumprem uma carga hor\u00e1ria de 20 horas semanais, o sal\u00e1rio \u00e9 seis sal\u00e1rios m\u00ednimos gerais (R$ 965) e mais dois sal\u00e1rios m\u00ednimos regionais (R$ 1.293,60), o sal\u00e1rio passar\u00e1 para R$ 8.377,20.<\/p>\n<p style=\"text-align: justify;\">O reajuste do m\u00ednimo regional foi de 1,81%, o mesmo \u00edndice do m\u00ednimo nacional \u2013 o menor em 24 anos \u2013 e dever\u00e1 atingir mais de Um milh\u00e3o de trabalhadores do setor privado que n\u00e3o participam de conven\u00e7\u00f5es ou acordos coletivos de trabalho.<\/p>\n<p>&nbsp;<\/p>\n<p>Fonte: Assessoria de Comunica\u00e7\u00e3o do Sindicato dos M\u00e9dicos no Estado do Paran\u00e1 (Simepar)<\/p>\n","protected":false},"excerpt":{"rendered":"<p>Com a divulga\u00e7\u00e3o do novo valor do sal\u00e1rio m\u00ednimo regional de R$ 1.293,60 pelo Governo do Estado, o sal\u00e1rio m\u00ednimo profissional dos m\u00e9dicos que trabalham no setor privado tamb\u00e9m ter\u00e1 tamb\u00e9m altera\u00e7\u00e3o de 1,81%, a partir de 1\u00ba de mar\u00e7o, data da assinatura do decreto do governador do Paran\u00e1. De acordo com a lei n\u00ba [&hellip;]<\/p>\n","protected":false},"author":1,"featured_media":44424,"comment_status":"open","ping_status":"open","sticky":false,"template":"","format":"standard","meta":{"ocean_post_layout":"","ocean_both_sidebars_style":"","ocean_both_sidebars_content_width":0,"ocean_both_sidebars_sidebars_width":0,"ocean_sidebar":"","ocean_second_sidebar":"","ocean_disable_margins":"enable","ocean_add_body_class":"","ocean_shortcode_before_top_bar":"","ocean_shortcode_after_top_bar":"","ocean_shortcode_before_header":"","ocean_shortcode_after_header":"","ocean_has_shortcode":"","ocean_shortcode_after_title":"","ocean_shortcode_before_footer_widgets":"","ocean_shortcode_after_footer_widgets":"","ocean_shortcode_before_footer_bottom":"","ocean_shortcode_after_footer_bottom":"","ocean_display_top_bar":"default","ocean_display_header":"default","ocean_header_style":"","ocean_center_header_left_menu":"","ocean_custom_header_template":"","ocean_custom_logo":0,"ocean_custom_retina_logo":0,"ocean_custom_logo_max_width":0,"ocean_custom_logo_tablet_max_width":0,"ocean_custom_logo_mobile_max_width":0,"ocean_custom_logo_max_height":0,"ocean_custom_logo_tablet_max_height":0,"ocean_custom_logo_mobile_max_height":0,"ocean_header_custom_menu":"","ocean_menu_typo_font_family":"","ocean_menu_typo_font_subset":"","ocean_menu_typo_font_size":0,"ocean_menu_typo_font_size_tablet":0,"ocean_menu_typo_font_size_mobile":0,"ocean_menu_typo_font_size_unit":"px","ocean_menu_typo_font_weight":"","ocean_menu_typo_font_weight_tablet":"","ocean_menu_typo_font_weight_mobile":"","ocean_menu_typo_transform":"","ocean_menu_typo_transform_tablet":"","ocean_menu_typo_transform_mobile":"","ocean_menu_typo_line_height":0,"ocean_menu_typo_line_height_tablet":0,"ocean_menu_typo_line_height_mobile":0,"ocean_menu_typo_line_height_unit":"","ocean_menu_typo_spacing":0,"ocean_menu_typo_spacing_tablet":0,"ocean_menu_typo_spacing_mobile":0,"ocean_menu_typo_spacing_unit":"","ocean_menu_link_color":"","ocean_menu_link_color_hover":"","ocean_menu_link_color_active":"","ocean_menu_link_background":"","ocean_menu_link_hover_background":"","ocean_menu_link_active_background":"","ocean_menu_social_links_bg":"","ocean_menu_social_hover_links_bg":"","ocean_menu_social_links_color":"","ocean_menu_social_hover_links_color":"","ocean_disable_title":"default","ocean_disable_heading":"default","ocean_post_title":"","ocean_post_subheading":"","ocean_post_title_style":"","ocean_post_title_background_color":"","ocean_post_title_background":0,"ocean_post_title_bg_image_position":"","ocean_post_title_bg_image_attachment":"","ocean_post_title_bg_image_repeat":"","ocean_post_title_bg_image_size":"","ocean_post_title_height":0,"ocean_post_title_bg_overlay":0.5,"ocean_post_title_bg_overlay_color":"","ocean_disable_breadcrumbs":"default","ocean_breadcrumbs_color":"","ocean_breadcrumbs_separator_color":"","ocean_breadcrumbs_links_color":"","ocean_breadcrumbs_links_hover_color":"","ocean_display_footer_widgets":"default","ocean_display_footer_bottom":"default","ocean_custom_footer_template":"","ocean_post_oembed":"","ocean_post_self_hosted_media":"","ocean_post_video_embed":"","ocean_link_format":"","ocean_link_format_target":"self","ocean_quote_format":"","ocean_quote_format_link":"post","ocean_gallery_link_images":"on","ocean_gallery_id":[]},"categories":[1],"tags":[],"acf":[],"_links":{"self":[{"href":"https:\/\/www.simepe.com.br\/novo\/wp-json\/wp\/v2\/posts\/44420"}],"collection":[{"href":"https:\/\/www.simepe.com.br\/novo\/wp-json\/wp\/v2\/posts"}],"about":[{"href":"https:\/\/www.simepe.com.br\/novo\/wp-json\/wp\/v2\/types\/post"}],"author":[{"embeddable":true,"href":"https:\/\/www.simepe.com.br\/novo\/wp-json\/wp\/v2\/users\/1"}],"replies":[{"embeddable":true,"href":"https:\/\/www.simepe.com.br\/novo\/wp-json\/wp\/v2\/comments?post=44420"}],"version-history":[{"count":1,"href":"https:\/\/www.simepe.com.br\/novo\/wp-json\/wp\/v2\/posts\/44420\/revisions"}],"predecessor-version":[{"id":44422,"href":"https:\/\/www.simepe.com.br\/novo\/wp-json\/wp\/v2\/posts\/44420\/revisions\/44422"}],"wp:featuredmedia":[{"embeddable":true,"href":"https:\/\/www.simepe.com.br\/novo\/wp-json\/wp\/v2\/media\/44424"}],"wp:attachment":[{"href":"https:\/\/www.simepe.com.br\/novo\/wp-json\/wp\/v2\/media?parent=44420"}],"wp:term":[{"taxonomy":"category","embeddable":true,"href":"https:\/\/www.simepe.com.br\/novo\/wp-json\/wp\/v2\/categories?post=44420"},{"taxonomy":"post_tag","embeddable":true,"href":"https:\/\/www.simepe.com.br\/novo\/wp-json\/wp\/v2\/tags?post=44420"}],"curies":[{"name":"wp","href":"https:\/\/api.w.org\/{rel}","templated":true}]}}