{"id":44473,"date":"2018-03-07T08:58:35","date_gmt":"2018-03-07T11:58:35","guid":{"rendered":"http:\/\/www.simepe.com.br\/novo\/?p=44473"},"modified":"2018-03-07T08:58:35","modified_gmt":"2018-03-07T11:58:35","slug":"campanha-contra-sarampo-espera-vacinar-cerca-de-300-mil-brasileiros-e-100-mil-venezuelanos-em-roraima","status":"publish","type":"post","link":"https:\/\/www.simepe.com.br\/novo\/campanha-contra-sarampo-espera-vacinar-cerca-de-300-mil-brasileiros-e-100-mil-venezuelanos-em-roraima\/","title":{"rendered":"Campanha contra sarampo espera vacinar cerca de 300 mil brasileiros e 100 mil venezuelanos em Roraima"},"content":{"rendered":"<p style=\"text-align: justify;\">Imuniza\u00e7\u00e3o come\u00e7a no pr\u00f3ximo s\u00e1bado. Cartilhas publicit\u00e1rias ser\u00e3o veiculadas em portugu\u00eas e em espanhol.<\/p>\n<p style=\"text-align: justify;\">A campanha de vacina\u00e7\u00e3o contra o sarampo em Roraima, prevista o pr\u00f3ximo s\u00e1bado (10), deve imunizar cerca de 400 mil pessoas no estado, sendo que 100 mil devem ser imigrantes venezuelanos. Os m\u00e9todos de mobiliza\u00e7\u00e3o, divulgados nesta ter\u00e7a-feira (6) pelo Minist\u00e9rio da Sa\u00fade, preveem cartilhas publicit\u00e1rias sobre locais para tomar as doses, veiculadas em portugu\u00eas e em espanhol.<\/p>\n<p style=\"text-align: justify;\">O objetivo, segundo o governo federal, \u00e9 atingir todo o p\u00fablico-alvo da imuniza\u00e7\u00e3o e impedir que o v\u00edrus &#8220;volte a circular de forma sustentada no pa\u00eds&#8221;. No total, seis casos de contamina\u00e7\u00e3o pelo sarampo foram confirmados na regi\u00e3o. Apesar disso, o governo federal garante que a infec\u00e7\u00f5es n\u00e3o foram aut\u00f3ctones, ou seja, todos os casos foram registrados em crian\u00e7as imigrantes da Venezuela.<\/p>\n<p style=\"text-align: justify;\">At\u00e9 o \u00faltimo balan\u00e7o do minist\u00e9rio, uma crian\u00e7a contaminada pelo v\u00edrus morreu, e outros 24 casos est\u00e3o sendo investigados.<\/p>\n<p style=\"text-align: justify;\"><strong>Vacina\u00e7\u00e3o<\/strong><\/p>\n<p style=\"text-align: justify;\">\nDessa vez, o foco da imuniza\u00e7\u00e3o contra o sarampo s\u00e3o pessoas que nunca receberam doses da vacina tr\u00edplice viral, entre 6 meses e 49 anos de idade. Ao todo, 277 profissionais do estado e de Boa Vista est\u00e3o atuiando nas a\u00e7\u00f5es de vigil\u00e2ncia e controle da doen\u00e7a em Roraima.<\/p>\n<p style=\"text-align: justify;\">&#8220;A vigil\u00e2ncia sanit\u00e1ria no Brasil \u00e9 permanente. Por isso vacinaremos 400 mil pessoas no estado de Roraima, que tem 550 mil habitantes&#8221;, afirmou o ministro Ricardo Barros.<br \/>\nAl\u00e9m da intensifica\u00e7\u00e3o da vacina\u00e7\u00e3o, equipes do Minist\u00e9rio da Sa\u00fade tamb\u00e9m foram mandadas \u00e0 regi\u00e3o para acompanhar os casos. Os estrangeiros presentes em postos da Pol\u00edcia Federal no estado tamb\u00e9m receberam doses da tr\u00edplice viral.<\/p>\n<p style=\"text-align: justify;\"><strong>Refor\u00e7o profissional<\/strong><\/p>\n<p style=\"text-align: justify;\">\nQuestionado sobre a possibilidade de contratar m\u00e9dicos venezuelanos para auxiliar no combate ao sarampo no estado, Barros disse entender os &#8220;problemas que a migra\u00e7\u00e3o ampla traz \u00e0 popula\u00e7\u00e3o&#8221;, mas descartou a vinda desses profissionais para o pa\u00eds.<\/p>\n<p style=\"text-align: justify;\">&#8220;Contratamos 50 deles [venezuelanos] pelo Mais M\u00e9dicos. J\u00e1 est\u00e3o dispon\u00edveis para atuar em Roraima, mas ainda n\u00e3o h\u00e1 um preparo do estado e dos munic\u00edpios para receber esses outros profissionais.&#8221;<\/p>\n<p style=\"text-align: justify;\">Apesar da negativa sobre a vinda de profissionais estrangeiros para o apoio na regi\u00e3o, o ministro n\u00e3o descartou o envio de vacinas ao pa\u00eds vizinho, caso necess\u00e1rio.<\/p>\n<p style=\"text-align: justify;\">&#8220;O governo brasileiro sempre esteve disposto a cooperar com o governo venezuelano que, infelizmente n\u00e3o reconhece a crise e, portanto, n\u00e3o aceita ajuda externa&#8221;.<\/p>\n<p style=\"text-align: justify;\"><strong>Certificado<\/strong><\/p>\n<p style=\"text-align: justify;\">\nApesar dos casos confirmados da doen\u00e7a, o representante da Organiza\u00e7\u00e3o Mundial de Sa\u00fade (OMS) no Brasil, Joaquim Molina, afirmou que n\u00e3o h\u00e1 risco do pa\u00eds perder o certificado elimina\u00e7\u00e3o da doen\u00e7a. O documento foi emitido em 2016 pela pr\u00f3pria organiza\u00e7\u00e3o.<\/p>\n<p style=\"text-align: justify;\">&#8220;A certifica\u00e7\u00e3o se perde quando h\u00e1 evidencia contundente de contamina\u00e7\u00e3o aut\u00f3ctone. O caso do Brasil \u00e9 de contamina\u00e7\u00e3o por casos importados, n\u00e3o h\u00e1 nenhuma evidencia de cadeia de transmiss\u00e3o aut\u00f3ctone nativa do pa\u00eds&#8221;.<\/p>\n<p style=\"text-align: justify;\">Entre 2013 e 2015 ocorreram surtos relacionados \u00e0 importa\u00e7\u00e3o da doen\u00e7a, sendo que o maior n\u00famero de casos foi registrado nos estados de Pernambuco e Cear\u00e1. Ao todo, foram 1,3 mil casos confirmados na \u00e9poca.<\/p>\n<p style=\"text-align: justify;\">\n<p style=\"text-align: justify;\">Fonte: G1<\/p>\n","protected":false},"excerpt":{"rendered":"<p>Imuniza\u00e7\u00e3o come\u00e7a no pr\u00f3ximo s\u00e1bado. Cartilhas publicit\u00e1rias ser\u00e3o veiculadas em portugu\u00eas e em espanhol. A campanha de vacina\u00e7\u00e3o contra o sarampo em Roraima, prevista o pr\u00f3ximo s\u00e1bado (10), deve imunizar cerca de 400 mil pessoas no estado, sendo que 100 mil devem ser imigrantes venezuelanos. Os m\u00e9todos de mobiliza\u00e7\u00e3o, divulgados nesta ter\u00e7a-feira (6) pelo Minist\u00e9rio [&hellip;]<\/p>\n","protected":false},"author":1,"featured_media":44474,"comment_status":"open","ping_status":"open","sticky":false,"template":"","format":"standard","meta":{"ocean_post_layout":"","ocean_both_sidebars_style":"","ocean_both_sidebars_content_width":0,"ocean_both_sidebars_sidebars_width":0,"ocean_sidebar":"","ocean_second_sidebar":"","ocean_disable_margins":"enable","ocean_add_body_class":"","ocean_shortcode_before_top_bar":"","ocean_shortcode_after_top_bar":"","ocean_shortcode_before_header":"","ocean_shortcode_after_header":"","ocean_has_shortcode":"","ocean_shortcode_after_title":"","ocean_shortcode_before_footer_widgets":"","ocean_shortcode_after_footer_widgets":"","ocean_shortcode_before_footer_bottom":"","ocean_shortcode_after_footer_bottom":"","ocean_display_top_bar":"default","ocean_display_header":"default","ocean_header_style":"","ocean_center_header_left_menu":"","ocean_custom_header_template":"","ocean_custom_logo":0,"ocean_custom_retina_logo":0,"ocean_custom_logo_max_width":0,"ocean_custom_logo_tablet_max_width":0,"ocean_custom_logo_mobile_max_width":0,"ocean_custom_logo_max_height":0,"ocean_custom_logo_tablet_max_height":0,"ocean_custom_logo_mobile_max_height":0,"ocean_header_custom_menu":"","ocean_menu_typo_font_family":"","ocean_menu_typo_font_subset":"","ocean_menu_typo_font_size":0,"ocean_menu_typo_font_size_tablet":0,"ocean_menu_typo_font_size_mobile":0,"ocean_menu_typo_font_size_unit":"px","ocean_menu_typo_font_weight":"","ocean_menu_typo_font_weight_tablet":"","ocean_menu_typo_font_weight_mobile":"","ocean_menu_typo_transform":"","ocean_menu_typo_transform_tablet":"","ocean_menu_typo_transform_mobile":"","ocean_menu_typo_line_height":0,"ocean_menu_typo_line_height_tablet":0,"ocean_menu_typo_line_height_mobile":0,"ocean_menu_typo_line_height_unit":"","ocean_menu_typo_spacing":0,"ocean_menu_typo_spacing_tablet":0,"ocean_menu_typo_spacing_mobile":0,"ocean_menu_typo_spacing_unit":"","ocean_menu_link_color":"","ocean_menu_link_color_hover":"","ocean_menu_link_color_active":"","ocean_menu_link_background":"","ocean_menu_link_hover_background":"","ocean_menu_link_active_background":"","ocean_menu_social_links_bg":"","ocean_menu_social_hover_links_bg":"","ocean_menu_social_links_color":"","ocean_menu_social_hover_links_color":"","ocean_disable_title":"default","ocean_disable_heading":"default","ocean_post_title":"","ocean_post_subheading":"","ocean_post_title_style":"","ocean_post_title_background_color":"","ocean_post_title_background":0,"ocean_post_title_bg_image_position":"","ocean_post_title_bg_image_attachment":"","ocean_post_title_bg_image_repeat":"","ocean_post_title_bg_image_size":"","ocean_post_title_height":0,"ocean_post_title_bg_overlay":0.5,"ocean_post_title_bg_overlay_color":"","ocean_disable_breadcrumbs":"default","ocean_breadcrumbs_color":"","ocean_breadcrumbs_separator_color":"","ocean_breadcrumbs_links_color":"","ocean_breadcrumbs_links_hover_color":"","ocean_display_footer_widgets":"default","ocean_display_footer_bottom":"default","ocean_custom_footer_template":"","ocean_post_oembed":"","ocean_post_self_hosted_media":"","ocean_post_video_embed":"","ocean_link_format":"","ocean_link_format_target":"self","ocean_quote_format":"","ocean_quote_format_link":"post","ocean_gallery_link_images":"on","ocean_gallery_id":[]},"categories":[1],"tags":[147,1283,467],"acf":[],"_links":{"self":[{"href":"https:\/\/www.simepe.com.br\/novo\/wp-json\/wp\/v2\/posts\/44473"}],"collection":[{"href":"https:\/\/www.simepe.com.br\/novo\/wp-json\/wp\/v2\/posts"}],"about":[{"href":"https:\/\/www.simepe.com.br\/novo\/wp-json\/wp\/v2\/types\/post"}],"author":[{"embeddable":true,"href":"https:\/\/www.simepe.com.br\/novo\/wp-json\/wp\/v2\/users\/1"}],"replies":[{"embeddable":true,"href":"https:\/\/www.simepe.com.br\/novo\/wp-json\/wp\/v2\/comments?post=44473"}],"version-history":[{"count":1,"href":"https:\/\/www.simepe.com.br\/novo\/wp-json\/wp\/v2\/posts\/44473\/revisions"}],"predecessor-version":[{"id":44475,"href":"https:\/\/www.simepe.com.br\/novo\/wp-json\/wp\/v2\/posts\/44473\/revisions\/44475"}],"wp:featuredmedia":[{"embeddable":true,"href":"https:\/\/www.simepe.com.br\/novo\/wp-json\/wp\/v2\/media\/44474"}],"wp:attachment":[{"href":"https:\/\/www.simepe.com.br\/novo\/wp-json\/wp\/v2\/media?parent=44473"}],"wp:term":[{"taxonomy":"category","embeddable":true,"href":"https:\/\/www.simepe.com.br\/novo\/wp-json\/wp\/v2\/categories?post=44473"},{"taxonomy":"post_tag","embeddable":true,"href":"https:\/\/www.simepe.com.br\/novo\/wp-json\/wp\/v2\/tags?post=44473"}],"curies":[{"name":"wp","href":"https:\/\/api.w.org\/{rel}","templated":true}]}}