{"id":44527,"date":"2018-03-08T09:31:09","date_gmt":"2018-03-08T12:31:09","guid":{"rendered":"http:\/\/www.simepe.com.br\/novo\/?p=44527"},"modified":"2018-03-08T09:31:09","modified_gmt":"2018-03-08T12:31:09","slug":"cap-colabora-para-que-lei-que-regulamenta-esteticistas-nao-interfira-no-ato-medico","status":"publish","type":"post","link":"https:\/\/www.simepe.com.br\/novo\/cap-colabora-para-que-lei-que-regulamenta-esteticistas-nao-interfira-no-ato-medico\/","title":{"rendered":"CAP colabora para que lei que regulamenta esteticistas n\u00e3o interfira no ato m\u00e9dico"},"content":{"rendered":"<p style=\"text-align: justify;\">Representantes da Comiss\u00e3o de Assuntos Pol\u00edticos (CAP) se articularam nesta quarta-feira (07\/03), na C\u00e2mara dos Deputados, em Bras\u00edlia e chegarem a um consenso no texto do Projeto de Lei 2.332\/2015, que regulamenta a profiss\u00e3o de esteticista, cosmet\u00f3logo e t\u00e9cnico em est\u00e9tica. O projeto, pautado para vota\u00e7\u00e3o nesta quarta-feira, preocupava entidades m\u00e9dicas devido a poss\u00edvel invas\u00e3o das atividades que cabem somente aos m\u00e9dicos.<\/p>\n<p style=\"text-align: justify;\">\nAp\u00f3s discuss\u00e3o com a autora do projeto, deputada Soraya Santos (MDB\/RJ), o relator, deputado Adail Carneiro (PP\/CE), esteticistas, deputado Hiran Gon\u00e7alves (PP\/RR) e o deputado Lelo Coimbra (MDB\/ES) foi aprovada a inclus\u00e3o de um par\u00e1grafo \u00fanico no artigo 1\u00ba do PL retirado da Lei 12.242\/2013 (lei do ato m\u00e9dico): \u201cEsta lei n\u00e3o compreende atividades em est\u00e9tica m\u00e9dica, nos termos definidos no art. 4o da lei 12.842 \u201c(lei do Ato)\u201d.<\/p>\n<p style=\"text-align: justify;\">\nO presidente da Federa\u00e7\u00e3o M\u00e9dica Brasileira (FMB), Waldir Ara\u00fajo Cardoso e a secret\u00e1ria geral, Malu David, participaram dos debates e comemoram o resultado.<\/p>\n<p style=\"text-align: justify;\">\n\u201cA Comiss\u00e3o trabalhou intensamente para garantir o respeito \u00e0s prerrogativas privativas dos m\u00e9dicos, sem atrapalhar a justa regulamenta\u00e7\u00e3o da profiss\u00e3o dos esteticistas. Estamos muito satisfeitos\u201d, declara Waldir.<\/p>\n<p style=\"text-align: justify;\">\n\u201cA inclus\u00e3o deste par\u00e1grafo \u00e9 muito importante para os m\u00e9dicos, a fim de preservar os procedimentos que devem ser praticados apenas por m\u00e9dicos. Vit\u00f3ria da medicina!\u201d, acrescentou Malu David.<\/p>\n<p>&nbsp;<\/p>\n<p>Fonte: Assessoria de Comunica\u00e7\u00e3o da Federa\u00e7\u00e3o M\u00e9dica Brasileira (FMB)<\/p>\n","protected":false},"excerpt":{"rendered":"<p>Representantes da Comiss\u00e3o de Assuntos Pol\u00edticos (CAP) se articularam nesta quarta-feira (07\/03), na C\u00e2mara dos Deputados, em Bras\u00edlia e chegarem a um consenso no texto do Projeto de Lei 2.332\/2015, que regulamenta a profiss\u00e3o de esteticista, cosmet\u00f3logo e t\u00e9cnico em est\u00e9tica. O projeto, pautado para vota\u00e7\u00e3o nesta quarta-feira, preocupava entidades m\u00e9dicas devido a poss\u00edvel invas\u00e3o [&hellip;]<\/p>\n","protected":false},"author":1,"featured_media":0,"comment_status":"open","ping_status":"open","sticky":false,"template":"","format":"standard","meta":{"ocean_post_layout":"","ocean_both_sidebars_style":"","ocean_both_sidebars_content_width":0,"ocean_both_sidebars_sidebars_width":0,"ocean_sidebar":"","ocean_second_sidebar":"","ocean_disable_margins":"enable","ocean_add_body_class":"","ocean_shortcode_before_top_bar":"","ocean_shortcode_after_top_bar":"","ocean_shortcode_before_header":"","ocean_shortcode_after_header":"","ocean_has_shortcode":"","ocean_shortcode_after_title":"","ocean_shortcode_before_footer_widgets":"","ocean_shortcode_after_footer_widgets":"","ocean_shortcode_before_footer_bottom":"","ocean_shortcode_after_footer_bottom":"","ocean_display_top_bar":"default","ocean_display_header":"default","ocean_header_style":"","ocean_center_header_left_menu":"","ocean_custom_header_template":"","ocean_custom_logo":0,"ocean_custom_retina_logo":0,"ocean_custom_logo_max_width":0,"ocean_custom_logo_tablet_max_width":0,"ocean_custom_logo_mobile_max_width":0,"ocean_custom_logo_max_height":0,"ocean_custom_logo_tablet_max_height":0,"ocean_custom_logo_mobile_max_height":0,"ocean_header_custom_menu":"","ocean_menu_typo_font_family":"","ocean_menu_typo_font_subset":"","ocean_menu_typo_font_size":0,"ocean_menu_typo_font_size_tablet":0,"ocean_menu_typo_font_size_mobile":0,"ocean_menu_typo_font_size_unit":"px","ocean_menu_typo_font_weight":"","ocean_menu_typo_font_weight_tablet":"","ocean_menu_typo_font_weight_mobile":"","ocean_menu_typo_transform":"","ocean_menu_typo_transform_tablet":"","ocean_menu_typo_transform_mobile":"","ocean_menu_typo_line_height":0,"ocean_menu_typo_line_height_tablet":0,"ocean_menu_typo_line_height_mobile":0,"ocean_menu_typo_line_height_unit":"","ocean_menu_typo_spacing":0,"ocean_menu_typo_spacing_tablet":0,"ocean_menu_typo_spacing_mobile":0,"ocean_menu_typo_spacing_unit":"","ocean_menu_link_color":"","ocean_menu_link_color_hover":"","ocean_menu_link_color_active":"","ocean_menu_link_background":"","ocean_menu_link_hover_background":"","ocean_menu_link_active_background":"","ocean_menu_social_links_bg":"","ocean_menu_social_hover_links_bg":"","ocean_menu_social_links_color":"","ocean_menu_social_hover_links_color":"","ocean_disable_title":"default","ocean_disable_heading":"default","ocean_post_title":"","ocean_post_subheading":"","ocean_post_title_style":"","ocean_post_title_background_color":"","ocean_post_title_background":0,"ocean_post_title_bg_image_position":"","ocean_post_title_bg_image_attachment":"","ocean_post_title_bg_image_repeat":"","ocean_post_title_bg_image_size":"","ocean_post_title_height":0,"ocean_post_title_bg_overlay":0.5,"ocean_post_title_bg_overlay_color":"","ocean_disable_breadcrumbs":"default","ocean_breadcrumbs_color":"","ocean_breadcrumbs_separator_color":"","ocean_breadcrumbs_links_color":"","ocean_breadcrumbs_links_hover_color":"","ocean_display_footer_widgets":"default","ocean_display_footer_bottom":"default","ocean_custom_footer_template":"","ocean_post_oembed":"","ocean_post_self_hosted_media":"","ocean_post_video_embed":"","ocean_link_format":"","ocean_link_format_target":"self","ocean_quote_format":"","ocean_quote_format_link":"post","ocean_gallery_link_images":"on","ocean_gallery_id":[]},"categories":[9],"tags":[2563,2564,30],"acf":[],"_links":{"self":[{"href":"https:\/\/www.simepe.com.br\/novo\/wp-json\/wp\/v2\/posts\/44527"}],"collection":[{"href":"https:\/\/www.simepe.com.br\/novo\/wp-json\/wp\/v2\/posts"}],"about":[{"href":"https:\/\/www.simepe.com.br\/novo\/wp-json\/wp\/v2\/types\/post"}],"author":[{"embeddable":true,"href":"https:\/\/www.simepe.com.br\/novo\/wp-json\/wp\/v2\/users\/1"}],"replies":[{"embeddable":true,"href":"https:\/\/www.simepe.com.br\/novo\/wp-json\/wp\/v2\/comments?post=44527"}],"version-history":[{"count":1,"href":"https:\/\/www.simepe.com.br\/novo\/wp-json\/wp\/v2\/posts\/44527\/revisions"}],"predecessor-version":[{"id":44528,"href":"https:\/\/www.simepe.com.br\/novo\/wp-json\/wp\/v2\/posts\/44527\/revisions\/44528"}],"wp:attachment":[{"href":"https:\/\/www.simepe.com.br\/novo\/wp-json\/wp\/v2\/media?parent=44527"}],"wp:term":[{"taxonomy":"category","embeddable":true,"href":"https:\/\/www.simepe.com.br\/novo\/wp-json\/wp\/v2\/categories?post=44527"},{"taxonomy":"post_tag","embeddable":true,"href":"https:\/\/www.simepe.com.br\/novo\/wp-json\/wp\/v2\/tags?post=44527"}],"curies":[{"name":"wp","href":"https:\/\/api.w.org\/{rel}","templated":true}]}}