{"id":44540,"date":"2018-03-08T09:50:47","date_gmt":"2018-03-08T12:50:47","guid":{"rendered":"http:\/\/www.simepe.com.br\/novo\/?p=44540"},"modified":"2018-03-08T09:50:47","modified_gmt":"2018-03-08T12:50:47","slug":"eoria-de-que-vacinas-deixam-criancas-expostas-a-todo-tipo-de-infeccao-e-infundada-sugere-estudo","status":"publish","type":"post","link":"https:\/\/www.simepe.com.br\/novo\/eoria-de-que-vacinas-deixam-criancas-expostas-a-todo-tipo-de-infeccao-e-infundada-sugere-estudo\/","title":{"rendered":"eoria de que vacinas deixam crian\u00e7as expostas a todo tipo de infec\u00e7\u00e3o \u00e9 infundada, sugere estudo"},"content":{"rendered":"<p style=\"text-align: justify;\">Vacinas tomadas na inf\u00e2ncia n\u00e3o aumentam a chance da crian\u00e7a ter infec\u00e7\u00f5es em geral, diz pesquisa publicada no &#8216;JAMA&#8217;.<\/p>\n<p style=\"text-align: justify;\">Cientistas verificaram se faz sentido dizer que as v\u00e1rias vacinas tomadas na inf\u00e2ncia deixam as crian\u00e7as mais vulner\u00e1veis a infec\u00e7\u00f5es de modo geral.<\/p>\n<p style=\"text-align: justify;\">Segundo os pesquisadores, alguns pais t\u00eam levantado a hip\u00f3tese de que a variedade de vacinas enfraqueceria o sistema imune ao ponto que a crian\u00e7a ficaria exposta a todo tipo de infec\u00e7\u00e3o.<\/p>\n<p style=\"text-align: justify;\">Depois de an\u00e1lise, a resposta \u00e9 que n\u00e3o h\u00e1 rela\u00e7\u00e3o entre infec\u00e7\u00f5es em geral e os v\u00e1rios imunizantes da inf\u00e2ncia. O estudo foi publicado na ter\u00e7a-feira (6) no &#8220;JAMA&#8221; , publica\u00e7\u00e3o cient\u00edfica da associa\u00e7\u00e3o m\u00e9dica americana.<\/p>\n<p style=\"text-align: justify;\">&#8220;Alguns pais est\u00e3o preocupados com o fato de que v\u00e1rias vacinas na primeira inf\u00e2ncia podem prejudicar o sistema imunol\u00f3gico de seus filhos, tornando-os mais suscet\u00edveis a futuras infec\u00e7\u00f5es&#8221;, disse em nota Jason Glanz, pesquisador do Instituto de Pesquisa em Sa\u00fade &#8220;Kaiser Permanente&#8221;, nos Estados Unidos.<\/p>\n<p style=\"text-align: justify;\">&#8220;Este novo estudo sugere que a teoria de que vacinas sobrecarregam o sistema imunol\u00f3gico de um beb\u00ea \u00e9 altamente improv\u00e1vel&#8221;, completa Glanz.<\/p>\n<p style=\"text-align: justify;\">\nPreocupa\u00e7\u00f5es como essas t\u00eam sido uma das respons\u00e1veis por uma uma onda antivacina, principalmente na Europa.<\/p>\n<p style=\"text-align: justify;\">Por l\u00e1, o sarampo, que tem vacina eficaz dispon\u00edvel, teve aumento de 400% em 2017, situa\u00e7\u00e3o que a Organiza\u00e7\u00e3o Mundial da Sa\u00fade considerou como &#8220;tr\u00e1gica&#8221;.<\/p>\n<p style=\"text-align: justify;\"><strong>Estudo n\u00e3o viu rela\u00e7\u00e3o da vacina com infec\u00e7\u00f5es<\/strong><\/p>\n<p style=\"text-align: justify;\">\nPara chegar a essa conclus\u00e3o, cientistas fizeram estudo in\u00e9dito que relacionou o calend\u00e1rio vacinal nos Estados Unidos \u00e0 taxa de doen\u00e7as registradas em crian\u00e7as.<\/p>\n<p style=\"text-align: justify;\">Pesquisadores escolheram 193 crian\u00e7as que foram hospitalizadas com doen\u00e7as respirat\u00f3rias e outras infec\u00e7\u00f5es. Elas foram comparadas com um grupo de 751 crian\u00e7as que n\u00e3o tinham ficado doentes.<\/p>\n<p style=\"text-align: justify;\">As crian\u00e7as foram acompanhadas durante os 23 meses de vida. Como todas haviam tomado vacinas, uma maneira de verificar se a vacina \u00e9 a respons\u00e1vel pela infec\u00e7\u00e3o foi localizar uma prote\u00edna do sistema imune que \u00e9 desenvolvida ap\u00f3s a vacina\u00e7\u00e3o.<\/p>\n<p style=\"text-align: justify;\">Depois de localizada a prote\u00edna, pesquisadores verificaram se essa subst\u00e2ncia tinha rela\u00e7\u00e3o com as hospitaliza\u00e7\u00f5es &#8212; e a resposta foi negativa.<\/p>\n<p style=\"text-align: justify;\">&#8220;A vacina\u00e7\u00e3o n\u00e3o pareceu danificar o sistema imunol\u00f3gico de uma forma que fizesse com que as crian\u00e7as fossem mais propensas \u00e0s infec\u00e7\u00f5es&#8221;, disse o pediatra Matthew Daley, coautor do estudo, em nota.<\/p>\n<p style=\"text-align: justify;\">&#8220;Os pais que podem estar hesitantes em vacinar devem apresentar suas preocupa\u00e7\u00f5es com seu pediatra ou m\u00e9dico de fam\u00edlia. Estamos ansiosos para discutir os benef\u00edcios da vacina\u00e7\u00e3o&#8221;, acrescentou Daley.<\/p>\n<p style=\"text-align: justify;\">\n<p style=\"text-align: justify;\">Fonte: G1<\/p>\n","protected":false},"excerpt":{"rendered":"<p>Vacinas tomadas na inf\u00e2ncia n\u00e3o aumentam a chance da crian\u00e7a ter infec\u00e7\u00f5es em geral, diz pesquisa publicada no &#8216;JAMA&#8217;. Cientistas verificaram se faz sentido dizer que as v\u00e1rias vacinas tomadas na inf\u00e2ncia deixam as crian\u00e7as mais vulner\u00e1veis a infec\u00e7\u00f5es de modo geral. Segundo os pesquisadores, alguns pais t\u00eam levantado a hip\u00f3tese de que a variedade [&hellip;]<\/p>\n","protected":false},"author":1,"featured_media":44541,"comment_status":"open","ping_status":"open","sticky":false,"template":"","format":"standard","meta":{"ocean_post_layout":"","ocean_both_sidebars_style":"","ocean_both_sidebars_content_width":0,"ocean_both_sidebars_sidebars_width":0,"ocean_sidebar":"","ocean_second_sidebar":"","ocean_disable_margins":"enable","ocean_add_body_class":"","ocean_shortcode_before_top_bar":"","ocean_shortcode_after_top_bar":"","ocean_shortcode_before_header":"","ocean_shortcode_after_header":"","ocean_has_shortcode":"","ocean_shortcode_after_title":"","ocean_shortcode_before_footer_widgets":"","ocean_shortcode_after_footer_widgets":"","ocean_shortcode_before_footer_bottom":"","ocean_shortcode_after_footer_bottom":"","ocean_display_top_bar":"default","ocean_display_header":"default","ocean_header_style":"","ocean_center_header_left_menu":"","ocean_custom_header_template":"","ocean_custom_logo":0,"ocean_custom_retina_logo":0,"ocean_custom_logo_max_width":0,"ocean_custom_logo_tablet_max_width":0,"ocean_custom_logo_mobile_max_width":0,"ocean_custom_logo_max_height":0,"ocean_custom_logo_tablet_max_height":0,"ocean_custom_logo_mobile_max_height":0,"ocean_header_custom_menu":"","ocean_menu_typo_font_family":"","ocean_menu_typo_font_subset":"","ocean_menu_typo_font_size":0,"ocean_menu_typo_font_size_tablet":0,"ocean_menu_typo_font_size_mobile":0,"ocean_menu_typo_font_size_unit":"px","ocean_menu_typo_font_weight":"","ocean_menu_typo_font_weight_tablet":"","ocean_menu_typo_font_weight_mobile":"","ocean_menu_typo_transform":"","ocean_menu_typo_transform_tablet":"","ocean_menu_typo_transform_mobile":"","ocean_menu_typo_line_height":0,"ocean_menu_typo_line_height_tablet":0,"ocean_menu_typo_line_height_mobile":0,"ocean_menu_typo_line_height_unit":"","ocean_menu_typo_spacing":0,"ocean_menu_typo_spacing_tablet":0,"ocean_menu_typo_spacing_mobile":0,"ocean_menu_typo_spacing_unit":"","ocean_menu_link_color":"","ocean_menu_link_color_hover":"","ocean_menu_link_color_active":"","ocean_menu_link_background":"","ocean_menu_link_hover_background":"","ocean_menu_link_active_background":"","ocean_menu_social_links_bg":"","ocean_menu_social_hover_links_bg":"","ocean_menu_social_links_color":"","ocean_menu_social_hover_links_color":"","ocean_disable_title":"default","ocean_disable_heading":"default","ocean_post_title":"","ocean_post_subheading":"","ocean_post_title_style":"","ocean_post_title_background_color":"","ocean_post_title_background":0,"ocean_post_title_bg_image_position":"","ocean_post_title_bg_image_attachment":"","ocean_post_title_bg_image_repeat":"","ocean_post_title_bg_image_size":"","ocean_post_title_height":0,"ocean_post_title_bg_overlay":0.5,"ocean_post_title_bg_overlay_color":"","ocean_disable_breadcrumbs":"default","ocean_breadcrumbs_color":"","ocean_breadcrumbs_separator_color":"","ocean_breadcrumbs_links_color":"","ocean_breadcrumbs_links_hover_color":"","ocean_display_footer_widgets":"default","ocean_display_footer_bottom":"default","ocean_custom_footer_template":"","ocean_post_oembed":"","ocean_post_self_hosted_media":"","ocean_post_video_embed":"","ocean_link_format":"","ocean_link_format_target":"self","ocean_quote_format":"","ocean_quote_format_link":"post","ocean_gallery_link_images":"on","ocean_gallery_id":[]},"categories":[1],"tags":[275,1671,474],"acf":[],"_links":{"self":[{"href":"https:\/\/www.simepe.com.br\/novo\/wp-json\/wp\/v2\/posts\/44540"}],"collection":[{"href":"https:\/\/www.simepe.com.br\/novo\/wp-json\/wp\/v2\/posts"}],"about":[{"href":"https:\/\/www.simepe.com.br\/novo\/wp-json\/wp\/v2\/types\/post"}],"author":[{"embeddable":true,"href":"https:\/\/www.simepe.com.br\/novo\/wp-json\/wp\/v2\/users\/1"}],"replies":[{"embeddable":true,"href":"https:\/\/www.simepe.com.br\/novo\/wp-json\/wp\/v2\/comments?post=44540"}],"version-history":[{"count":1,"href":"https:\/\/www.simepe.com.br\/novo\/wp-json\/wp\/v2\/posts\/44540\/revisions"}],"predecessor-version":[{"id":44542,"href":"https:\/\/www.simepe.com.br\/novo\/wp-json\/wp\/v2\/posts\/44540\/revisions\/44542"}],"wp:featuredmedia":[{"embeddable":true,"href":"https:\/\/www.simepe.com.br\/novo\/wp-json\/wp\/v2\/media\/44541"}],"wp:attachment":[{"href":"https:\/\/www.simepe.com.br\/novo\/wp-json\/wp\/v2\/media?parent=44540"}],"wp:term":[{"taxonomy":"category","embeddable":true,"href":"https:\/\/www.simepe.com.br\/novo\/wp-json\/wp\/v2\/categories?post=44540"},{"taxonomy":"post_tag","embeddable":true,"href":"https:\/\/www.simepe.com.br\/novo\/wp-json\/wp\/v2\/tags?post=44540"}],"curies":[{"name":"wp","href":"https:\/\/api.w.org\/{rel}","templated":true}]}}