{"id":44577,"date":"2018-03-09T09:20:59","date_gmt":"2018-03-09T12:20:59","guid":{"rendered":"http:\/\/www.simepe.com.br\/novo\/?p=44577"},"modified":"2018-03-09T09:20:59","modified_gmt":"2018-03-09T12:20:59","slug":"quando-a-vacina-da-febre-amarela-pode-falhar-entenda","status":"publish","type":"post","link":"https:\/\/www.simepe.com.br\/novo\/quando-a-vacina-da-febre-amarela-pode-falhar-entenda\/","title":{"rendered":"Quando a vacina da febre amarela pode falhar? Entenda"},"content":{"rendered":"<p style=\"text-align: justify;\">Casos da doen\u00e7a em pessoas que tomaram a vacina acontecem, mas s\u00e3o incomuns. Problemas de imunidade e doen\u00e7as cr\u00f4nicas podem atrapalhar efic\u00e1cia.<\/p>\n<p style=\"text-align: justify;\">caso do garoto em Teres\u00f3polis (RJ), que morreu de febre amarela mesmo j\u00e1 tendo tomado a vacina h\u00e1 cinco anos, e o do vigilante no Distrito Federal, que morreu apesar de ter sido imunizado duas vezes (em 2000 e em 2011) s\u00e3o incomuns, garantem especialistas e a Fiocruz.<\/p>\n<p style=\"text-align: justify;\">Os casos caem na chamada &#8220;falha vacinal&#8221;, situa\u00e7\u00e3o especial que pode ocorrer em qualquer vacina, diz Biomanguinhos, laborat\u00f3rio p\u00fablico ligado \u00e0 Fiocruz que fabrica a vacina no Brasil.<\/p>\n<p style=\"text-align: justify;\"><strong>H\u00e1 dois tipos importantes de falhas vacinais:<\/strong><\/p>\n<p style=\"text-align: justify;\">quando a pessoa desenvolve uma rea\u00e7\u00e3o \u00e0 vacina, que pode ser uma forma da doen\u00e7a contra a qual ela deveria imunizar.<br \/>\nquando indiv\u00edduo contrai a infec\u00e7\u00e3o porque a vacina acabou n\u00e3o funcionando.<\/p>\n<p style=\"text-align: justify;\">\n<strong>Rea\u00e7\u00e3o<\/strong><\/p>\n<p style=\"text-align: justify;\">\nO primeiro tipo de falha tem ocorrido especialmente em idosos, que tomam a vacina de febre amarela sem saber que o imunizante \u00e9 contraindicado para pessoas acima de 59 anos. Indiv\u00edduos acima dessa idade e com comprometimento do sistema imune devem consultar o m\u00e9dico antes de tomar a vacina.<\/p>\n<p style=\"text-align: justify;\">Esse cuidado \u00e9 particularmente importante porque a vacina ativa o sistema imunol\u00f3gico com um v\u00edrus enfraquecido. O objetivo \u00e9 apenas &#8220;acordar&#8221; as defesas do organismo para o caso de uma infec\u00e7\u00e3o por um &#8220;v\u00edrus forte&#8221; acontecer depois.<\/p>\n<p style=\"text-align: justify;\">No entanto, uma pessoa saud\u00e1vel que tomou a vacina vai desenvolver defesas contra o cont\u00e1gio; mas indiv\u00edduos debilitados podem desenvolver um quadro semelhante ao da doen\u00e7a.<\/p>\n<p style=\"text-align: justify;\"><strong>Sem ativa\u00e7\u00e3o<\/strong><\/p>\n<p style=\"text-align: justify;\">\nJ\u00e1 no caso das duas mortes citadas acima, uma hip\u00f3tese \u00e9 que pode se tratar do segundo tipo de falha \u2013 quando, por algum motivo, a vacina n\u00e3o ativa o sistema imunol\u00f3gico.<\/p>\n<p style=\"text-align: justify;\">&#8220;O primeiro ponto a considerar \u00e9 que nenhuma vacina \u00e9 infal\u00edvel&#8221;, diz Renato Kfouri, vice-presidente da Sociedade Brasileira de Imuniza\u00e7\u00f5es. &#8220;No caso da febre amarela, a efic\u00e1cia \u00e9 de 95%, ou seja, em 5% podem ocorrer falhas&#8221;, diz.<br \/>\nKfouri pondera que v\u00e1rios fatores podem influenciar a efic\u00e1cia do imunizante \u2013 como a imunidade da pessoa na hora em que ela tomou a vacina e no momento da infec\u00e7\u00e3o.<\/p>\n<p style=\"text-align: justify;\">&#8220;H\u00e1 a possibilidade de a pessoa adquirir uma doen\u00e7a cr\u00f4nica, ter um c\u00e2ncer, por exemplo, e ser infectada nesse momento, quando a imunidade dela est\u00e1 muito baixa&#8221;, explica Kfouri. &#8220;Isso diminui a efic\u00e1cia da vacina.&#8221;<br \/>\nO laborat\u00f3rio da Fiocruz tamb\u00e9m aponta que \u00e9 poss\u00edvel que a resposta imunol\u00f3gica sofra interfer\u00eancia de outros v\u00edrus e de outras infec\u00e7\u00f5es.<\/p>\n<p style=\"text-align: justify;\">De qualquer modo, a literatura internacional, segundo Kfouri, registra 12 casos de febre amarela em vacinados. &#8220;Tamb\u00e9m foi com base nesse tipo de dado que se verificou que o refor\u00e7o para a vacina da febre amarela n\u00e3o seria necess\u00e1rio&#8221;, diz.<\/p>\n<p style=\"text-align: justify;\">&#8220;As pessoas devem tomar a vacina e \u00e9 a melhor forma de preven\u00e7\u00e3o. Esses casos ocorreram naquela pequena porcentagem em que podem ocorrer falhas&#8221;, diz Artur Timerman, presidente da Sociedade Brasileira de Arboviroses.<\/p>\n<p style=\"text-align: justify;\"><strong>Infec\u00e7\u00e3o anterior \u00e0 vacina<\/strong><\/p>\n<p style=\"text-align: justify;\">\nUm outro caso que gerou d\u00favidas foi o de uma mulher que morreu supostamente ap\u00f3s tomar a vacina em S\u00e3o Paulo. Ap\u00f3s a aut\u00f3psia feita em fevereiro, pesquisadores do Instituto de Ci\u00eancias Biom\u00e9dicas da USP descobriram que, na verdade, ela foi infectada pelo v\u00edrus um pouco antes de tomar o imunizante.<\/p>\n<p style=\"text-align: justify;\">&#8220;A vacina s\u00f3 vai fazer efeito 10 dias depois. Para uma resposta imune completa, \u00e9 necess\u00e1rio um m\u00eas&#8221;, explica Timerman.<br \/>\nDe fato, h\u00e1 a possibilidade de que a pessoa se infecte quando a vacina n\u00e3o fez efeito ou at\u00e9 mesmo antes de tomar a vacina \u2013 o caso tamb\u00e9m \u00e9 definido como um tipo espec\u00edfico de &#8220;falha&#8221;, mesmo que n\u00e3o esteja diretamente relacionado ao imunizante.<\/p>\n<p style=\"text-align: justify;\">Segundo o &#8220;Manual de Vigil\u00e2ncia Epidemiol\u00f3gica de Eventos Adversos P\u00f3s-Vacina\u00e7\u00e3o&#8221;, podem ocorrer falhas quando h\u00e1 &#8220;infec\u00e7\u00f5es preexistentes com o mesmo pat\u00f3geno presente na vacina&#8221; ou quando a &#8220;imuniza\u00e7\u00e3o ocorreu durante o per\u00eddo de incuba\u00e7\u00e3o de uma infec\u00e7\u00e3o&#8221; \u2013 como \u00e9 o caso da mulher em S\u00e3o Paulo.<\/p>\n<p style=\"text-align: justify;\">Os sintomas da febre amarela s\u00f3 come\u00e7am a surgir entre 3 e 6 dias ap\u00f3s a infec\u00e7\u00e3o. Pode ser que a pessoa procure a vacina sem saber que j\u00e1 est\u00e1 infectada. Como a vacina\u00e7\u00e3o est\u00e1 sendo feita em \u00e1reas de risco, onde j\u00e1 h\u00e1 a circula\u00e7\u00e3o do v\u00edrus, \u00e9 poss\u00edvel que alguns casos ocorram no Brasil.<\/p>\n<p style=\"text-align: justify;\"><strong>Exame para detectar a efic\u00e1cia \u00e9 falho<\/strong><\/p>\n<p style=\"text-align: justify;\">\nMas seria poss\u00edvel fazer um exame para saber se a vacina funcionou?<\/p>\n<p style=\"text-align: justify;\">De acordo com Kfouri, \u00e9 poss\u00edvel verificar a efic\u00e1cia da vacina por meio de um teste que analisa se foram desenvolvidos anticorpos contra o v\u00edrus.<\/p>\n<p style=\"text-align: justify;\">No entanto, o teste \u00e9 falho, pouco exato e n\u00e3o valeria a pena implement\u00e1-lo.<\/p>\n<p style=\"text-align: justify;\">&#8220;H\u00e1 quem possua a quantidade de anticorpos necess\u00e1ria, mas n\u00e3o fique totalmente protegido. Tamb\u00e9m pode ocorrer o contr\u00e1rio, de a pessoa ter quantidade insuficiente de anticorpos, e estar protegida&#8221;, continua.<br \/>\nO especialista explica que essa diferen\u00e7a pode ocorrer por in\u00fameras vari\u00e1veis, entre elas, a diferen\u00e7a de imunidade entre indiv\u00edduos. No entanto, vale lembrar que as chances de falha s\u00e3o infinitamente menores do que de a vacina funcionar.<\/p>\n<p style=\"text-align: justify;\">\n<p style=\"text-align: justify;\">Fonte: G1<\/p>\n","protected":false},"excerpt":{"rendered":"<p>Casos da doen\u00e7a em pessoas que tomaram a vacina acontecem, mas s\u00e3o incomuns. Problemas de imunidade e doen\u00e7as cr\u00f4nicas podem atrapalhar efic\u00e1cia. caso do garoto em Teres\u00f3polis (RJ), que morreu de febre amarela mesmo j\u00e1 tendo tomado a vacina h\u00e1 cinco anos, e o do vigilante no Distrito Federal, que morreu apesar de ter sido [&hellip;]<\/p>\n","protected":false},"author":1,"featured_media":44579,"comment_status":"open","ping_status":"open","sticky":false,"template":"","format":"standard","meta":{"ocean_post_layout":"","ocean_both_sidebars_style":"","ocean_both_sidebars_content_width":0,"ocean_both_sidebars_sidebars_width":0,"ocean_sidebar":"","ocean_second_sidebar":"","ocean_disable_margins":"enable","ocean_add_body_class":"","ocean_shortcode_before_top_bar":"","ocean_shortcode_after_top_bar":"","ocean_shortcode_before_header":"","ocean_shortcode_after_header":"","ocean_has_shortcode":"","ocean_shortcode_after_title":"","ocean_shortcode_before_footer_widgets":"","ocean_shortcode_after_footer_widgets":"","ocean_shortcode_before_footer_bottom":"","ocean_shortcode_after_footer_bottom":"","ocean_display_top_bar":"default","ocean_display_header":"default","ocean_header_style":"","ocean_center_header_left_menu":"","ocean_custom_header_template":"","ocean_custom_logo":0,"ocean_custom_retina_logo":0,"ocean_custom_logo_max_width":0,"ocean_custom_logo_tablet_max_width":0,"ocean_custom_logo_mobile_max_width":0,"ocean_custom_logo_max_height":0,"ocean_custom_logo_tablet_max_height":0,"ocean_custom_logo_mobile_max_height":0,"ocean_header_custom_menu":"","ocean_menu_typo_font_family":"","ocean_menu_typo_font_subset":"","ocean_menu_typo_font_size":0,"ocean_menu_typo_font_size_tablet":0,"ocean_menu_typo_font_size_mobile":0,"ocean_menu_typo_font_size_unit":"px","ocean_menu_typo_font_weight":"","ocean_menu_typo_font_weight_tablet":"","ocean_menu_typo_font_weight_mobile":"","ocean_menu_typo_transform":"","ocean_menu_typo_transform_tablet":"","ocean_menu_typo_transform_mobile":"","ocean_menu_typo_line_height":0,"ocean_menu_typo_line_height_tablet":0,"ocean_menu_typo_line_height_mobile":0,"ocean_menu_typo_line_height_unit":"","ocean_menu_typo_spacing":0,"ocean_menu_typo_spacing_tablet":0,"ocean_menu_typo_spacing_mobile":0,"ocean_menu_typo_spacing_unit":"","ocean_menu_link_color":"","ocean_menu_link_color_hover":"","ocean_menu_link_color_active":"","ocean_menu_link_background":"","ocean_menu_link_hover_background":"","ocean_menu_link_active_background":"","ocean_menu_social_links_bg":"","ocean_menu_social_hover_links_bg":"","ocean_menu_social_links_color":"","ocean_menu_social_hover_links_color":"","ocean_disable_title":"default","ocean_disable_heading":"default","ocean_post_title":"","ocean_post_subheading":"","ocean_post_title_style":"","ocean_post_title_background_color":"","ocean_post_title_background":0,"ocean_post_title_bg_image_position":"","ocean_post_title_bg_image_attachment":"","ocean_post_title_bg_image_repeat":"","ocean_post_title_bg_image_size":"","ocean_post_title_height":0,"ocean_post_title_bg_overlay":0.5,"ocean_post_title_bg_overlay_color":"","ocean_disable_breadcrumbs":"default","ocean_breadcrumbs_color":"","ocean_breadcrumbs_separator_color":"","ocean_breadcrumbs_links_color":"","ocean_breadcrumbs_links_hover_color":"","ocean_display_footer_widgets":"default","ocean_display_footer_bottom":"default","ocean_custom_footer_template":"","ocean_post_oembed":"","ocean_post_self_hosted_media":"","ocean_post_video_embed":"","ocean_link_format":"","ocean_link_format_target":"self","ocean_quote_format":"","ocean_quote_format_link":"post","ocean_gallery_link_images":"on","ocean_gallery_id":[]},"categories":[1],"tags":[2503,82,318],"acf":[],"_links":{"self":[{"href":"https:\/\/www.simepe.com.br\/novo\/wp-json\/wp\/v2\/posts\/44577"}],"collection":[{"href":"https:\/\/www.simepe.com.br\/novo\/wp-json\/wp\/v2\/posts"}],"about":[{"href":"https:\/\/www.simepe.com.br\/novo\/wp-json\/wp\/v2\/types\/post"}],"author":[{"embeddable":true,"href":"https:\/\/www.simepe.com.br\/novo\/wp-json\/wp\/v2\/users\/1"}],"replies":[{"embeddable":true,"href":"https:\/\/www.simepe.com.br\/novo\/wp-json\/wp\/v2\/comments?post=44577"}],"version-history":[{"count":1,"href":"https:\/\/www.simepe.com.br\/novo\/wp-json\/wp\/v2\/posts\/44577\/revisions"}],"predecessor-version":[{"id":44580,"href":"https:\/\/www.simepe.com.br\/novo\/wp-json\/wp\/v2\/posts\/44577\/revisions\/44580"}],"wp:featuredmedia":[{"embeddable":true,"href":"https:\/\/www.simepe.com.br\/novo\/wp-json\/wp\/v2\/media\/44579"}],"wp:attachment":[{"href":"https:\/\/www.simepe.com.br\/novo\/wp-json\/wp\/v2\/media?parent=44577"}],"wp:term":[{"taxonomy":"category","embeddable":true,"href":"https:\/\/www.simepe.com.br\/novo\/wp-json\/wp\/v2\/categories?post=44577"},{"taxonomy":"post_tag","embeddable":true,"href":"https:\/\/www.simepe.com.br\/novo\/wp-json\/wp\/v2\/tags?post=44577"}],"curies":[{"name":"wp","href":"https:\/\/api.w.org\/{rel}","templated":true}]}}