{"id":44620,"date":"2018-03-12T10:34:40","date_gmt":"2018-03-12T13:34:40","guid":{"rendered":"http:\/\/www.simepe.com.br\/novo\/?p=44620"},"modified":"2018-03-12T10:34:40","modified_gmt":"2018-03-12T13:34:40","slug":"ato-publico-dia-12-de-marco-as-9-horas-na-nova-sede-da-ses","status":"publish","type":"post","link":"https:\/\/www.simepe.com.br\/novo\/ato-publico-dia-12-de-marco-as-9-horas-na-nova-sede-da-ses\/","title":{"rendered":"ATO P\u00daBLICO DIA 12 DE MAR\u00c7O, \u00c0S 9 HORAS NA NOVA SEDE DA SES"},"content":{"rendered":"<p style=\"text-align: justify;\">*ATEN\u00c7\u00c3O M\u00c9DICOS DA FHS!**Convoca\u00e7\u00e3o aos M\u00e9dicos que trabalham na Funda\u00e7\u00e3o Hospitalar de Sa\u00fade &#8211; FHS*<\/p>\n<p style=\"text-align: justify;\">Todos os m\u00e9dicos Celetistas e Estatut\u00e1rios da FHS e SES est\u00e3o convocados para um Ato P\u00fablico com todos os Sindicatos da Sa\u00fade, as 9 horas do dia 12 de mar\u00e7o de 2018, segunda-feira no novo Centro Administrativo da Sa\u00fade Estadual(antigo Mist\u00e3o), localizado na avenida Augusto Franco(antiga Rio de Janeiro) com o objetivo de:<\/p>\n<p style=\"text-align: justify;\">Defender o emprego do concursado FHS (atrav\u00e9s da transforma\u00e7\u00e3o para estatut\u00e1rio)<\/p>\n<p style=\"text-align: justify;\">\nCobrar o edital do concurso p\u00fablico para a SES anunciado por Almeida Lima, que com isso daria a oportunidade aos atuais contratados a fazerem o concurso para concorrer, conforme a legisla\u00e7\u00e3o, a um emprego formal no servi\u00e7o p\u00fablico<\/p>\n<p style=\"text-align: justify;\">\nSindicato dos M\u00e9dicos do Estado de Sergipe<\/p>\n<p style=\"text-align: center;\">M\u00e9dico sua participa\u00e7\u00e3o \u00e9 fundamental!<\/p>\n<p style=\"text-align: center;\">M\u00c9DICO MOBILIZADO SINDIMED FORTE!<\/p>\n<p style=\"text-align: center;\">M\u00c9DICO MOBILIZADO DIREITO RESPEITADO!<\/p>\n<p>&nbsp;<br \/>\nFonte: Assessoria de Comunica\u00e7\u00e3o do Sindicato dos M\u00e9dicos do Estado de Sergipe\u00a0(Sindimed &#8211; SE)<\/p>\n","protected":false},"excerpt":{"rendered":"<p>*ATEN\u00c7\u00c3O M\u00c9DICOS DA FHS!**Convoca\u00e7\u00e3o aos M\u00e9dicos que trabalham na Funda\u00e7\u00e3o Hospitalar de Sa\u00fade &#8211; FHS* Todos os m\u00e9dicos Celetistas e Estatut\u00e1rios da FHS e SES est\u00e3o convocados para um Ato P\u00fablico com todos os Sindicatos da Sa\u00fade, as 9 horas do dia 12 de mar\u00e7o de 2018, segunda-feira no novo Centro Administrativo da Sa\u00fade Estadual(antigo [&hellip;]<\/p>\n","protected":false},"author":1,"featured_media":44621,"comment_status":"open","ping_status":"open","sticky":false,"template":"","format":"standard","meta":{"ocean_post_layout":"","ocean_both_sidebars_style":"","ocean_both_sidebars_content_width":0,"ocean_both_sidebars_sidebars_width":0,"ocean_sidebar":"","ocean_second_sidebar":"","ocean_disable_margins":"enable","ocean_add_body_class":"","ocean_shortcode_before_top_bar":"","ocean_shortcode_after_top_bar":"","ocean_shortcode_before_header":"","ocean_shortcode_after_header":"","ocean_has_shortcode":"","ocean_shortcode_after_title":"","ocean_shortcode_before_footer_widgets":"","ocean_shortcode_after_footer_widgets":"","ocean_shortcode_before_footer_bottom":"","ocean_shortcode_after_footer_bottom":"","ocean_display_top_bar":"default","ocean_display_header":"default","ocean_header_style":"","ocean_center_header_left_menu":"","ocean_custom_header_template":"","ocean_custom_logo":0,"ocean_custom_retina_logo":0,"ocean_custom_logo_max_width":0,"ocean_custom_logo_tablet_max_width":0,"ocean_custom_logo_mobile_max_width":0,"ocean_custom_logo_max_height":0,"ocean_custom_logo_tablet_max_height":0,"ocean_custom_logo_mobile_max_height":0,"ocean_header_custom_menu":"","ocean_menu_typo_font_family":"","ocean_menu_typo_font_subset":"","ocean_menu_typo_font_size":0,"ocean_menu_typo_font_size_tablet":0,"ocean_menu_typo_font_size_mobile":0,"ocean_menu_typo_font_size_unit":"px","ocean_menu_typo_font_weight":"","ocean_menu_typo_font_weight_tablet":"","ocean_menu_typo_font_weight_mobile":"","ocean_menu_typo_transform":"","ocean_menu_typo_transform_tablet":"","ocean_menu_typo_transform_mobile":"","ocean_menu_typo_line_height":0,"ocean_menu_typo_line_height_tablet":0,"ocean_menu_typo_line_height_mobile":0,"ocean_menu_typo_line_height_unit":"","ocean_menu_typo_spacing":0,"ocean_menu_typo_spacing_tablet":0,"ocean_menu_typo_spacing_mobile":0,"ocean_menu_typo_spacing_unit":"","ocean_menu_link_color":"","ocean_menu_link_color_hover":"","ocean_menu_link_color_active":"","ocean_menu_link_background":"","ocean_menu_link_hover_background":"","ocean_menu_link_active_background":"","ocean_menu_social_links_bg":"","ocean_menu_social_hover_links_bg":"","ocean_menu_social_links_color":"","ocean_menu_social_hover_links_color":"","ocean_disable_title":"default","ocean_disable_heading":"default","ocean_post_title":"","ocean_post_subheading":"","ocean_post_title_style":"","ocean_post_title_background_color":"","ocean_post_title_background":0,"ocean_post_title_bg_image_position":"","ocean_post_title_bg_image_attachment":"","ocean_post_title_bg_image_repeat":"","ocean_post_title_bg_image_size":"","ocean_post_title_height":0,"ocean_post_title_bg_overlay":0.5,"ocean_post_title_bg_overlay_color":"","ocean_disable_breadcrumbs":"default","ocean_breadcrumbs_color":"","ocean_breadcrumbs_separator_color":"","ocean_breadcrumbs_links_color":"","ocean_breadcrumbs_links_hover_color":"","ocean_display_footer_widgets":"default","ocean_display_footer_bottom":"default","ocean_custom_footer_template":"","ocean_post_oembed":"","ocean_post_self_hosted_media":"","ocean_post_video_embed":"","ocean_link_format":"","ocean_link_format_target":"self","ocean_quote_format":"","ocean_quote_format_link":"post","ocean_gallery_link_images":"on","ocean_gallery_id":[]},"categories":[1],"tags":[],"acf":[],"_links":{"self":[{"href":"https:\/\/www.simepe.com.br\/novo\/wp-json\/wp\/v2\/posts\/44620"}],"collection":[{"href":"https:\/\/www.simepe.com.br\/novo\/wp-json\/wp\/v2\/posts"}],"about":[{"href":"https:\/\/www.simepe.com.br\/novo\/wp-json\/wp\/v2\/types\/post"}],"author":[{"embeddable":true,"href":"https:\/\/www.simepe.com.br\/novo\/wp-json\/wp\/v2\/users\/1"}],"replies":[{"embeddable":true,"href":"https:\/\/www.simepe.com.br\/novo\/wp-json\/wp\/v2\/comments?post=44620"}],"version-history":[{"count":1,"href":"https:\/\/www.simepe.com.br\/novo\/wp-json\/wp\/v2\/posts\/44620\/revisions"}],"predecessor-version":[{"id":44622,"href":"https:\/\/www.simepe.com.br\/novo\/wp-json\/wp\/v2\/posts\/44620\/revisions\/44622"}],"wp:featuredmedia":[{"embeddable":true,"href":"https:\/\/www.simepe.com.br\/novo\/wp-json\/wp\/v2\/media\/44621"}],"wp:attachment":[{"href":"https:\/\/www.simepe.com.br\/novo\/wp-json\/wp\/v2\/media?parent=44620"}],"wp:term":[{"taxonomy":"category","embeddable":true,"href":"https:\/\/www.simepe.com.br\/novo\/wp-json\/wp\/v2\/categories?post=44620"},{"taxonomy":"post_tag","embeddable":true,"href":"https:\/\/www.simepe.com.br\/novo\/wp-json\/wp\/v2\/tags?post=44620"}],"curies":[{"name":"wp","href":"https:\/\/api.w.org\/{rel}","templated":true}]}}