{"id":44646,"date":"2018-03-13T08:48:19","date_gmt":"2018-03-13T11:48:19","guid":{"rendered":"http:\/\/www.simepe.com.br\/novo\/?p=44646"},"modified":"2018-03-13T08:48:19","modified_gmt":"2018-03-13T11:48:19","slug":"ministerio-da-saude-inclui-10-novas-praticas-integrativas-no-sus","status":"publish","type":"post","link":"https:\/\/www.simepe.com.br\/novo\/ministerio-da-saude-inclui-10-novas-praticas-integrativas-no-sus\/","title":{"rendered":"Minist\u00e9rio da Sa\u00fade inclui 10 novas pr\u00e1ticas integrativas no SUS"},"content":{"rendered":"<p style=\"text-align: justify;\">Pacientes do Sistema \u00danico de Sa\u00fade (SUS) ser\u00e3o beneficiados com 10 novas Pr\u00e1ticas Integrativas e Complementares (PICS). Os tratamentos utilizam recursos terap\u00eauticos, baseados em conhecimentos tradicionais, voltados para curar e prevenir diversas doen\u00e7as, como depress\u00e3o e hipertens\u00e3o. S\u00e3o elas: apiterapia, aromaterapia, bioenerg\u00e9tica, constela\u00e7\u00e3o familiar, cromoterapia, geoterapia, hipnoterapia, imposi\u00e7\u00e3o de m\u00e3os, ozonioterapia e terapia de florais. Com as novas atividades, ao todo, o SUS passa a ofertar 29 procedimentos \u00e0 popula\u00e7\u00e3o.<\/p>\n<p style=\"text-align: justify;\">\u201cO Brasil passa a contar com 29 pr\u00e1ticas integrativas pelo SUS. Com isso, somos o pa\u00eds l\u00edder na oferta dessa modalidade na aten\u00e7\u00e3o b\u00e1sica. Essas pr\u00e1ticas s\u00e3o investimento em preven\u00e7\u00e3o \u00e0 sa\u00fade para evitar que as pessoas fiquem doentes. Precisamos continuar caminhando em dire\u00e7\u00e3o \u00e0 promo\u00e7\u00e3o da sa\u00fade em vez de cuidar apenas de quem fica doente\u201d, ressaltou o ministro Ricardo Barros.<\/p>\n<p style=\"text-align: justify;\">A inclus\u00e3o foi anunciada nesta segunda-feira (12), no Rio de Janeiro (RJ), durante a abertura do 1\u00ba Congresso Internacional de Pr\u00e1ticas Integrativas e Sa\u00fade P\u00fablica (INTERCONGREPICS).Al\u00e9m das 10 novas inclus\u00f5es, tamb\u00e9m ser\u00e1 publicada uma portaria que definir\u00e1 as diretrizes e modo de implanta\u00e7\u00e3o dos procedimentos termalismo\/crenoterapia e medicina antropos\u00f3fica, que j\u00e1 eram oferecidas no SUS de forma experimental.<\/p>\n<p style=\"text-align: justify;\">Em 2006, quando foi criada a Pol\u00edtica Nacional de Pr\u00e1ticas Integrativas e Complementares (PNPIC) eram ofertados apenas cinco procedimentos. Ap\u00f3s 10 anos, em 2017, foram incorporadas 14 atividades, chegando as 19 pr\u00e1ticas dispon\u00edveis atualmente \u00e0 popula\u00e7\u00e3o: ayurveda, homeopatia, medicina tradicional chinesa, medicina antropos\u00f3fica, plantas medicinais\/fitoterapia, arteterapia, biodan\u00e7a, dan\u00e7a circular, medita\u00e7\u00e3o, musicoterapia, naturopatia, osteopatia, quiropraxia, reflexoterapia, reiki, shantala, terapia comunit\u00e1ria integrativa, termalismo social\/crenoterapia e yoga.<\/p>\n<p style=\"text-align: justify;\">As terapias est\u00e3o presentes em 9.350 estabelecimentos em 3.173 munic\u00edpios, sendo que 88% s\u00e3o oferecidas na Aten\u00e7\u00e3o B\u00e1sica. Em 2017, foram registrados 1,4 milh\u00e3o de atendimentos individuais em pr\u00e1ticas integrativas e complementares. Somando as atividades coletivas, a estimativa \u00e9 que cerca de 5 milh\u00f5es de pessoas por ano participem dessas pr\u00e1ticas no SUS.<\/p>\n<p style=\"text-align: justify;\">Atualmente, a acupuntura \u00e9 a mais difundida com 707 mil atendimentos e 277 mil consultas individuais. Em segundo lugar, est\u00e3o as pr\u00e1ticas de Medicina Tradicional Chinesa com 151 mil sess\u00f5es, como taichi-chuan e liangong. Em seguida aparece a auriculoterapia com 142 mil procedimentos. Tamb\u00e9m foram registradas 35 mil sess\u00f5es de yoga, 23 mil de dan\u00e7a circular\/biodan\u00e7a e 23 mil de terapia comunit\u00e1ria, entre outras.<\/p>\n<p style=\"text-align: justify;\">Evid\u00eancias cient\u00edficas t\u00eam mostrado os benef\u00edcios do tratamento integrado entre medicina convencional e pr\u00e1ticas integrativas e complementares. Al\u00e9m disso, h\u00e1 crescente n\u00famero de profissionais capacitados e habilitados e maior valoriza\u00e7\u00e3o dos conhecimentos tradicionais de onde se originam grande parte dessas pr\u00e1ticas. No ano passado foram capacitados mais de 30 mil profissionais.<\/p>\n<p style=\"text-align: justify;\"><strong>CONGRESSO<\/strong><\/p>\n<p style=\"text-align: justify;\">\nO Brasil \u00e9 refer\u00eancia na \u00e1rea e para tratar desse assunto, o Minist\u00e9rio da Sa\u00fade promove entre os dias 12 e 15 de mar\u00e7o o 1\u00ba Congresso Internacional de Pr\u00e1ticas Integrativas e Sa\u00fade P\u00fablica (INTERCONGREPICS), e o 3\u00ba Congresso Internacional de Ayurveda. Os dois eventos ser\u00e3o realizados no Rio de Janeiro, no Centro de Conven\u00e7\u00f5es Riocentro, com programa\u00e7\u00e3o integrada. S\u00e3o esperados cerca de quatro mil pesquisadores do assunto.<\/p>\n<p style=\"text-align: justify;\">O encontro vai promover debates com pesquisadores internacionais e do Brasil, e troca de experi\u00eancias entre os profissionais, gestores e pesquisadores das diversas pr\u00e1ticas integrativas. Ser\u00e3o apresentados durante o evento mais de 900 trabalhos cient\u00edficos e relatos de experi\u00eancias no SUS, de todas as regi\u00f5es do pa\u00eds e de outros pa\u00edses tamb\u00e9m.<\/p>\n<p style=\"text-align: justify;\">Durante a abertura do congresso, nesta segunda-feira (12), foi lan\u00e7ado um gloss\u00e1rio tem\u00e1tico de pr\u00e1ticas integrativas. O manual re\u00fane os principais voc\u00e1bulos utilizados na linguagem do campo de atua\u00e7\u00e3o dessa \u00e1rea t\u00e9cnica. Entre os objetivos est\u00e3o fornecer refer\u00eancias para a compreens\u00e3o de termos e conceitos, al\u00e9m de proporcionar a exatid\u00e3o conceitual e definir a atua\u00e7\u00e3o de cada termo em seus diferentes contextos institucionais.<\/p>\n<p style=\"text-align: justify;\"><strong>IMPLANTA\u00c7\u00c3O<\/strong><\/p>\n<p style=\"text-align: justify;\">\nA Pol\u00edtica Nacional de Pr\u00e1ticas Integrativas e Complementares (PNPIC), publicada em 2006, instituiu no SUS abordagens de cuidado integral \u00e0 popula\u00e7\u00e3o por meio de outras pr\u00e1ticas que envolvem recursos terap\u00eauticos diversos. Desde a implanta\u00e7\u00e3o, o acesso dos usu\u00e1rios tem crescido.<\/p>\n<p style=\"text-align: justify;\">A pol\u00edtica traz diretrizes gerais para a incorpora\u00e7\u00e3o das pr\u00e1ticas nos servi\u00e7os e compete ao gestor municipal elaborar normas para inser\u00e7\u00e3o da PNPIC na rede municipal de sa\u00fade. Os recursos para as PICS integram o Piso da Aten\u00e7\u00e3o B\u00e1sica (PAB) de cada munic\u00edpio, podendo o gestor local aplic\u00e1-los de acordo com sua prioridade. Alguns tratamentos espec\u00edficos, como acupuntura recebem outro tipo de financiamento, que comp\u00f5e o bloco de m\u00e9dia e alta complexidade. Estados e munic\u00edpios tamb\u00e9m podem instituir sua pr\u00f3pria pol\u00edtica, considerando suas necessidades locais, sua rede e processos de trabalho.<\/p>\n<p style=\"text-align: justify;\"><strong>Confira cada uma das dez novas pr\u00e1ticas:<\/strong><\/p>\n<p style=\"text-align: justify;\"><em>Apiterapia<\/em> \u2013 m\u00e9todo que utiliza produtos produzidos pelas abelhas nas colmeias como a apitoxina, gel\u00e9ia real, p\u00f3len, pr\u00f3polis, mel e outros.<\/p>\n<p style=\"text-align: justify;\"><em>Aromaterapia<\/em> \u2013 uso de concentrados vol\u00e1teis extra\u00eddos de vegetais, os \u00f3leos essenciais promovem bem estar e sa\u00fade.<\/p>\n<p style=\"text-align: justify;\"><em>Bioenerg\u00e9tica<\/em> \u2013 vis\u00e3o diagn\u00f3stica aliada \u00e0 compreens\u00e3o do sofrimento\/adoecimento, adota a psicoterapia corporal e exerc\u00edcios terap\u00eauticos. Ajuda a liberar as tens\u00f5es do corpo e facilita a express\u00e3o de sentimentos.<\/p>\n<p style=\"text-align: justify;\"><em>Constela\u00e7\u00e3o familiar<\/em> \u2013 t\u00e9cnica de representa\u00e7\u00e3o espacial das rela\u00e7\u00f5es familiares que permite identificar bloqueios emocionais de gera\u00e7\u00f5es ou membros da fam\u00edlia.<\/p>\n<p style=\"text-align: justify;\"><em>Cromoterapia<\/em> \u2013 utiliza as cores nos tratamentos das doen\u00e7as com o objetivo de harmonizar o corpo.<\/p>\n<p style=\"text-align: justify;\"><em>Geoterapia<\/em> \u2013 uso da argila com \u00e1gua que pode ser aplicada no corpo. Usado em ferimentos, cicatriza\u00e7\u00e3o, les\u00f5es, doen\u00e7as osteomusuculares.<\/p>\n<p style=\"text-align: justify;\"><em>Hipnoterapia<\/em> \u2013 conjunto de t\u00e9cnicas que pelo relaxamento, concentra\u00e7\u00e3o induz a pessoa a alcan\u00e7ar um estado de consci\u00eancia aumentado que permite alterar comportamentos indesejados.<\/p>\n<p style=\"text-align: justify;\"><em>Imposi\u00e7\u00e3o de m\u00e3os<\/em> \u2013 cura pela imposi\u00e7\u00e3o das m\u00e3os pr\u00f3ximo ao corpo da pessoa para transfer\u00eancia de energia para o paciente. Promove bem estar, diminui estresse e ansiedade.<\/p>\n<p style=\"text-align: justify;\"><em>Ozonioterapia<\/em> \u2013 mistura dos gases oxig\u00eanio e oz\u00f4nio por diversas vias de administra\u00e7\u00e3o com finalidade terap\u00eautica e promove melhoria de diversas doen\u00e7as. Usado na odontologia, neurologia e oncologia.<\/p>\n<p style=\"text-align: justify;\"><em>Terapia de Florais<\/em> \u2013 uso de ess\u00eancias florais que modifica certos estados vibrat\u00f3rios. Auxilia no equil\u00edbrio e harmoniza\u00e7\u00e3o do indiv\u00edduo<\/p>\n<p style=\"text-align: justify;\">\n<p style=\"text-align: justify;\">Fonte: Assessoria de Comunica\u00e7\u00e3o do Minist\u00e9rio da Sa\u00fade<\/p>\n","protected":false},"excerpt":{"rendered":"<p>Pacientes do Sistema \u00danico de Sa\u00fade (SUS) ser\u00e3o beneficiados com 10 novas Pr\u00e1ticas Integrativas e Complementares (PICS). Os tratamentos utilizam recursos terap\u00eauticos, baseados em conhecimentos tradicionais, voltados para curar e prevenir diversas doen\u00e7as, como depress\u00e3o e hipertens\u00e3o. S\u00e3o elas: apiterapia, aromaterapia, bioenerg\u00e9tica, constela\u00e7\u00e3o familiar, cromoterapia, geoterapia, hipnoterapia, imposi\u00e7\u00e3o de m\u00e3os, ozonioterapia e terapia de florais. [&hellip;]<\/p>\n","protected":false},"author":1,"featured_media":0,"comment_status":"open","ping_status":"open","sticky":false,"template":"","format":"standard","meta":{"ocean_post_layout":"","ocean_both_sidebars_style":"","ocean_both_sidebars_content_width":0,"ocean_both_sidebars_sidebars_width":0,"ocean_sidebar":"","ocean_second_sidebar":"","ocean_disable_margins":"enable","ocean_add_body_class":"","ocean_shortcode_before_top_bar":"","ocean_shortcode_after_top_bar":"","ocean_shortcode_before_header":"","ocean_shortcode_after_header":"","ocean_has_shortcode":"","ocean_shortcode_after_title":"","ocean_shortcode_before_footer_widgets":"","ocean_shortcode_after_footer_widgets":"","ocean_shortcode_before_footer_bottom":"","ocean_shortcode_after_footer_bottom":"","ocean_display_top_bar":"default","ocean_display_header":"default","ocean_header_style":"","ocean_center_header_left_menu":"","ocean_custom_header_template":"","ocean_custom_logo":0,"ocean_custom_retina_logo":0,"ocean_custom_logo_max_width":0,"ocean_custom_logo_tablet_max_width":0,"ocean_custom_logo_mobile_max_width":0,"ocean_custom_logo_max_height":0,"ocean_custom_logo_tablet_max_height":0,"ocean_custom_logo_mobile_max_height":0,"ocean_header_custom_menu":"","ocean_menu_typo_font_family":"","ocean_menu_typo_font_subset":"","ocean_menu_typo_font_size":0,"ocean_menu_typo_font_size_tablet":0,"ocean_menu_typo_font_size_mobile":0,"ocean_menu_typo_font_size_unit":"px","ocean_menu_typo_font_weight":"","ocean_menu_typo_font_weight_tablet":"","ocean_menu_typo_font_weight_mobile":"","ocean_menu_typo_transform":"","ocean_menu_typo_transform_tablet":"","ocean_menu_typo_transform_mobile":"","ocean_menu_typo_line_height":0,"ocean_menu_typo_line_height_tablet":0,"ocean_menu_typo_line_height_mobile":0,"ocean_menu_typo_line_height_unit":"","ocean_menu_typo_spacing":0,"ocean_menu_typo_spacing_tablet":0,"ocean_menu_typo_spacing_mobile":0,"ocean_menu_typo_spacing_unit":"","ocean_menu_link_color":"","ocean_menu_link_color_hover":"","ocean_menu_link_color_active":"","ocean_menu_link_background":"","ocean_menu_link_hover_background":"","ocean_menu_link_active_background":"","ocean_menu_social_links_bg":"","ocean_menu_social_hover_links_bg":"","ocean_menu_social_links_color":"","ocean_menu_social_hover_links_color":"","ocean_disable_title":"default","ocean_disable_heading":"default","ocean_post_title":"","ocean_post_subheading":"","ocean_post_title_style":"","ocean_post_title_background_color":"","ocean_post_title_background":0,"ocean_post_title_bg_image_position":"","ocean_post_title_bg_image_attachment":"","ocean_post_title_bg_image_repeat":"","ocean_post_title_bg_image_size":"","ocean_post_title_height":0,"ocean_post_title_bg_overlay":0.5,"ocean_post_title_bg_overlay_color":"","ocean_disable_breadcrumbs":"default","ocean_breadcrumbs_color":"","ocean_breadcrumbs_separator_color":"","ocean_breadcrumbs_links_color":"","ocean_breadcrumbs_links_hover_color":"","ocean_display_footer_widgets":"default","ocean_display_footer_bottom":"default","ocean_custom_footer_template":"","ocean_post_oembed":"","ocean_post_self_hosted_media":"","ocean_post_video_embed":"","ocean_link_format":"","ocean_link_format_target":"self","ocean_quote_format":"","ocean_quote_format_link":"post","ocean_gallery_link_images":"on","ocean_gallery_id":[]},"categories":[9],"tags":[82,34,424],"acf":[],"_links":{"self":[{"href":"https:\/\/www.simepe.com.br\/novo\/wp-json\/wp\/v2\/posts\/44646"}],"collection":[{"href":"https:\/\/www.simepe.com.br\/novo\/wp-json\/wp\/v2\/posts"}],"about":[{"href":"https:\/\/www.simepe.com.br\/novo\/wp-json\/wp\/v2\/types\/post"}],"author":[{"embeddable":true,"href":"https:\/\/www.simepe.com.br\/novo\/wp-json\/wp\/v2\/users\/1"}],"replies":[{"embeddable":true,"href":"https:\/\/www.simepe.com.br\/novo\/wp-json\/wp\/v2\/comments?post=44646"}],"version-history":[{"count":1,"href":"https:\/\/www.simepe.com.br\/novo\/wp-json\/wp\/v2\/posts\/44646\/revisions"}],"predecessor-version":[{"id":44647,"href":"https:\/\/www.simepe.com.br\/novo\/wp-json\/wp\/v2\/posts\/44646\/revisions\/44647"}],"wp:attachment":[{"href":"https:\/\/www.simepe.com.br\/novo\/wp-json\/wp\/v2\/media?parent=44646"}],"wp:term":[{"taxonomy":"category","embeddable":true,"href":"https:\/\/www.simepe.com.br\/novo\/wp-json\/wp\/v2\/categories?post=44646"},{"taxonomy":"post_tag","embeddable":true,"href":"https:\/\/www.simepe.com.br\/novo\/wp-json\/wp\/v2\/tags?post=44646"}],"curies":[{"name":"wp","href":"https:\/\/api.w.org\/{rel}","templated":true}]}}