{"id":44725,"date":"2018-03-16T09:08:47","date_gmt":"2018-03-16T12:08:47","guid":{"rendered":"http:\/\/www.simepe.com.br\/novo\/?p=44725"},"modified":"2018-03-16T09:08:47","modified_gmt":"2018-03-16T12:08:47","slug":"brasil-confronto-terapeutico-quem-vai-ser-o-responsavel-pela-saude-do-brasileiro","status":"publish","type":"post","link":"https:\/\/www.simepe.com.br\/novo\/brasil-confronto-terapeutico-quem-vai-ser-o-responsavel-pela-saude-do-brasileiro\/","title":{"rendered":"Brasil: Confronto terap\u00eautico \u2013 quem vai ser o respons\u00e1vel pela sa\u00fade do brasileiro?"},"content":{"rendered":"<p style=\"text-align: justify;\">O Sistema \u00danico de Sa\u00fade (SUS) agora oferece dez novas terapias alternativas para os seus usu\u00e1rios. O an\u00fancio da medida foi feito pelo ministro da Sa\u00fade, Ricardo Barros, nesta segunda-feira (12), na abertura do Primeiro Congresso Internacional de Pr\u00e1ticas Integrativas e Complementares e Sa\u00fade P\u00fablica.<\/p>\n<p style=\"text-align: justify;\">A medida faz com que o Brasil se torne, segundo o pr\u00f3prio ministro, o pa\u00eds que mais oferece terapias alternativas gratuitas. O an\u00fancio, no entanto, abriu um debate entre os profissionais de medicina e especialistas em sa\u00fade p\u00fablica sobre quais deveriam ser as pol\u00edticas implantadas pelo SUS.<\/p>\n<p style=\"text-align: justify;\">Para tentar esclarecer essas quest\u00f5es, a Sputnik Brasil entrou em contato com profissionais da \u00e1rea e perguntamos se terapias alternativas devem ou n\u00e3o ser prioridades de uma gest\u00e3o de sa\u00fade p\u00fablica.<\/p>\n<p style=\"text-align: justify;\">Desde 2006, j\u00e1 eram oferecidos pelo SUS os tratamentos de acupuntura, homeopatia, fitoterapia, antroposofia e termalismo. No ano passado, foram inclu\u00eddas 14 pr\u00e1ticas: arteterapia, ayurveda, biodan\u00e7a, dan\u00e7a circular, medita\u00e7\u00e3o, musicoterapia, naturoterapia, osteopatia, quiropraxia, reflexoterapia, reiki, shantala, terapia comunit\u00e1ria integrativa e ioga.<\/p>\n<p style=\"text-align: justify;\">Agora, somam-se \u00e0 lista a apiterapia, aromaterapia, bioenerg\u00e9tica, constela\u00e7\u00e3o familiar, cromoterapia, geoterapia, hipnoterapia, imposi\u00e7\u00e3o de m\u00e3os, ozonioterapia e terapia de florais.<\/p>\n<p style=\"text-align: justify;\">Para Paulo Capel Narvai, professor da Faculdade de Sa\u00fade P\u00fablica (FSP), da Universidade de S\u00e3o Paulo, a medida foi tomada sem ser discutida com os profissionais de sa\u00fade.<\/p>\n<p style=\"text-align: justify;\">\u201cN\u00e3o se pode fazer de qualquer jeito, como populismo, uma coisa que vem e n\u00e3o se sabe exatamente a prop\u00f3sito do que, partindo inclusive de um ministro que est\u00e1 prestes a deixar o minist\u00e9rio\u201d, disse se referindo ao fato de Ricardo Barros (PP-PR) ter anunciado que vai deixar o cargo no dia 7 de abril para tentar se reeleger deputado federal.<\/p>\n<p style=\"text-align: justify;\">Paulo Capel Narvai entende que a principal preocupa\u00e7\u00e3o do Minist\u00e9rio da Sa\u00fade deveria ser com o que chama de \u201csub-financiamento cr\u00f4nico do SUS\u201d, que \u00e9 nada mais do que a falta de repasses do governo federal para sa\u00fade.<\/p>\n<p style=\"text-align: justify;\">Segundo Narvai, a situa\u00e7\u00e3o tende a se agravar ap\u00f3s a aprova\u00e7\u00e3o da Proposta de Emenda Constitucional (PEC) 55, que congela os investimentos em \u00e1reas sociais pelas pr\u00f3ximas duas d\u00e9cadas, afetando o or\u00e7amento do Minist\u00e9rio da Sa\u00fade.<\/p>\n<p style=\"text-align: justify;\">\u201cProje\u00e7\u00f5es d\u00e3o conta que a participa\u00e7\u00e3o do governo federal na quest\u00e3o do financiamento da sa\u00fade caia dos atuais 3,5% para algo em torno de 1,5%. Isso \u00e9 um esc\u00e2ndalo, \u00e9 um desprop\u00f3sito. \u00c9 uma propor\u00e7\u00e3o de participa\u00e7\u00e3o do estado no financiamento de sa\u00fade p\u00fablica que n\u00e3o tem nenhum paralelo em nenhum pa\u00eds ocidental. Esses s\u00e3o os problemas reais com os quais o ministro deveria estar se ocupando\u201d, argumentou.<\/p>\n<p style=\"text-align: justify;\">Uma pesquisa do Minist\u00e9rio da Sa\u00fade, realizada em parceria com o Instituto Brasileiro de Geografia e Estat\u00edstica (IBGE), mostrou que 71,1% da popula\u00e7\u00e3o brasileira, aproximadamente 147 milh\u00f5es de pessoas, foi a estabelecimentos p\u00fablicos de sa\u00fade para ser atendida.<\/p>\n<p style=\"text-align: justify;\">Desse total, Ricardo Barros disse que no ano passado foram 1,4 milh\u00e3o de atendimentos individuais em pr\u00e1ticas de terapias alternativas.<\/p>\n<p style=\"text-align: justify;\">A maioria foi de acupuntura, com 707 mil atendimentos. Depois, vieram medicina tradicional chinesa, com 151 mil sess\u00f5es de tai chi chan e liangong, auriculoteriapia, com 142 mil procedimentos, e ioga, com 35 mil sess\u00f5es.<\/p>\n<p style=\"text-align: justify;\">Alexander Navarro, integrante da Associa\u00e7\u00e3o Paulista de Sa\u00fade P\u00fablica, questiona o fato do Minist\u00e9rio da S\u00e1ude n\u00e3o ter explicado como ser\u00e3o gerados os recursos para se implantar essas pr\u00e1ticas.<\/p>\n<p style=\"text-align: justify;\">\u201cA pergunta que deve ser respondida \u00e9 de onde que vai vir o dinheiro, de que forma que elas ser\u00e3o implantadas, quem vai ser o respons\u00e1vel por essa implanta\u00e7\u00e3o. \u00c9 o governo federal? O governo municipal? Tem o ato ben\u00e9fico que \u00e9 o reconhecimento de outras pr\u00e1ticas n\u00e3o medicalizantes, que v\u00e3o na contram\u00e3o da medicina tradicional, agora a quest\u00e3o \u00e9 se isso vai ficar no papel, ou se vai ter uma efetividade, porque a gente j\u00e1 tem outras 19 pr\u00e1ticas que j\u00e1 s\u00e3o reconhecidas pelo SUS, que deveriam ser garantidas, mas n\u00e3o \u00e9 em todo lugar que tem\u201d, justificou.<\/p>\n<p style=\"text-align: justify;\">O ministro Ricardo Barros disse que as medidas servem de \u201cpreven\u00e7\u00e3o\u201d para evitar futuras doen\u00e7as.<\/p>\n<p style=\"text-align: justify;\">\u201cEssas pr\u00e1ticas s\u00e3o investimento em preven\u00e7\u00e3o \u00e0 sa\u00fade para evitar que as pessoas fiquem doentes. Precisamos continuar caminhando em dire\u00e7\u00e3o \u00e0 promo\u00e7\u00e3o da sa\u00fade em vez de cuidar apenas de quem fica doente\u201d, afirmou.<\/p>\n<p style=\"text-align: justify;\">O Conselho Federal de Medicina (CFM) repudiou a declara\u00e7\u00e3o de Ricardo Barros em um v\u00eddeo divulgado nas redes sociais. Na publica\u00e7\u00e3o, o presidente do Conselho, Carlos Vital, comentou que um dos maiores problemas do SUS \u00e9 a falta de \u201cum financiamento adequado\u201d.<\/p>\n<p style=\"text-align: justify;\">\u201cSe n\u00e3o h\u00e1 um or\u00e7amento adequado ao SUS, a aplica\u00e7\u00e3o de verbas do SUS nessa \u00e1rea \u00e9 um desperd\u00edcio e agrava ainda mais o contexto or\u00e7ament\u00e1rio do pr\u00f3prio SUS\u201d, disse.<\/p>\n<p style=\"text-align: justify;\">Na ter\u00e7a-feira da mesma semana, o servi\u00e7o nacional de sa\u00fade brit\u00e2nico anunciou uma medida que vai na dire\u00e7\u00e3o oposta ao governo brasileiro. Em um comunicado, a pasta declarou o fim do subs\u00eddio p\u00fablico para a pr\u00e1tica de homeopatia no Royal London Hospital for Integrated Medicine.<\/p>\n<p style=\"text-align: justify;\">\u201cN\u00e3o h\u00e1 evid\u00eancias de qualidade de que a homeopatia \u00e9 eficiente como um tratamento para qualquer condi\u00e7\u00e3o de sa\u00fade\u201d, escreveram.<\/p>\n<p style=\"text-align: justify;\">Um levantamento feito pela Confedera\u00e7\u00e3o Nacional das Ind\u00fastrias (CNI) mostrou que 55% dos brasileiros acham que a sa\u00fade p\u00fablica tem que ser prioridade dos governos.<\/p>\n<p style=\"text-align: justify;\">\nFonte: Assessoria de Comunica\u00e7\u00e3o da Federa\u00e7\u00e3o M\u00e9dica Brasileira (FMB)<\/p>\n","protected":false},"excerpt":{"rendered":"<p>O Sistema \u00danico de Sa\u00fade (SUS) agora oferece dez novas terapias alternativas para os seus usu\u00e1rios. O an\u00fancio da medida foi feito pelo ministro da Sa\u00fade, Ricardo Barros, nesta segunda-feira (12), na abertura do Primeiro Congresso Internacional de Pr\u00e1ticas Integrativas e Complementares e Sa\u00fade P\u00fablica. A medida faz com que o Brasil se torne, segundo [&hellip;]<\/p>\n","protected":false},"author":1,"featured_media":0,"comment_status":"open","ping_status":"open","sticky":false,"template":"","format":"standard","meta":{"ocean_post_layout":"","ocean_both_sidebars_style":"","ocean_both_sidebars_content_width":0,"ocean_both_sidebars_sidebars_width":0,"ocean_sidebar":"","ocean_second_sidebar":"","ocean_disable_margins":"enable","ocean_add_body_class":"","ocean_shortcode_before_top_bar":"","ocean_shortcode_after_top_bar":"","ocean_shortcode_before_header":"","ocean_shortcode_after_header":"","ocean_has_shortcode":"","ocean_shortcode_after_title":"","ocean_shortcode_before_footer_widgets":"","ocean_shortcode_after_footer_widgets":"","ocean_shortcode_before_footer_bottom":"","ocean_shortcode_after_footer_bottom":"","ocean_display_top_bar":"default","ocean_display_header":"default","ocean_header_style":"","ocean_center_header_left_menu":"","ocean_custom_header_template":"","ocean_custom_logo":0,"ocean_custom_retina_logo":0,"ocean_custom_logo_max_width":0,"ocean_custom_logo_tablet_max_width":0,"ocean_custom_logo_mobile_max_width":0,"ocean_custom_logo_max_height":0,"ocean_custom_logo_tablet_max_height":0,"ocean_custom_logo_mobile_max_height":0,"ocean_header_custom_menu":"","ocean_menu_typo_font_family":"","ocean_menu_typo_font_subset":"","ocean_menu_typo_font_size":0,"ocean_menu_typo_font_size_tablet":0,"ocean_menu_typo_font_size_mobile":0,"ocean_menu_typo_font_size_unit":"px","ocean_menu_typo_font_weight":"","ocean_menu_typo_font_weight_tablet":"","ocean_menu_typo_font_weight_mobile":"","ocean_menu_typo_transform":"","ocean_menu_typo_transform_tablet":"","ocean_menu_typo_transform_mobile":"","ocean_menu_typo_line_height":0,"ocean_menu_typo_line_height_tablet":0,"ocean_menu_typo_line_height_mobile":0,"ocean_menu_typo_line_height_unit":"","ocean_menu_typo_spacing":0,"ocean_menu_typo_spacing_tablet":0,"ocean_menu_typo_spacing_mobile":0,"ocean_menu_typo_spacing_unit":"","ocean_menu_link_color":"","ocean_menu_link_color_hover":"","ocean_menu_link_color_active":"","ocean_menu_link_background":"","ocean_menu_link_hover_background":"","ocean_menu_link_active_background":"","ocean_menu_social_links_bg":"","ocean_menu_social_hover_links_bg":"","ocean_menu_social_links_color":"","ocean_menu_social_hover_links_color":"","ocean_disable_title":"default","ocean_disable_heading":"default","ocean_post_title":"","ocean_post_subheading":"","ocean_post_title_style":"","ocean_post_title_background_color":"","ocean_post_title_background":0,"ocean_post_title_bg_image_position":"","ocean_post_title_bg_image_attachment":"","ocean_post_title_bg_image_repeat":"","ocean_post_title_bg_image_size":"","ocean_post_title_height":0,"ocean_post_title_bg_overlay":0.5,"ocean_post_title_bg_overlay_color":"","ocean_disable_breadcrumbs":"default","ocean_breadcrumbs_color":"","ocean_breadcrumbs_separator_color":"","ocean_breadcrumbs_links_color":"","ocean_breadcrumbs_links_hover_color":"","ocean_display_footer_widgets":"default","ocean_display_footer_bottom":"default","ocean_custom_footer_template":"","ocean_post_oembed":"","ocean_post_self_hosted_media":"","ocean_post_video_embed":"","ocean_link_format":"","ocean_link_format_target":"self","ocean_quote_format":"","ocean_quote_format_link":"post","ocean_gallery_link_images":"on","ocean_gallery_id":[]},"categories":[9],"tags":[2033,2591,2538],"acf":[],"_links":{"self":[{"href":"https:\/\/www.simepe.com.br\/novo\/wp-json\/wp\/v2\/posts\/44725"}],"collection":[{"href":"https:\/\/www.simepe.com.br\/novo\/wp-json\/wp\/v2\/posts"}],"about":[{"href":"https:\/\/www.simepe.com.br\/novo\/wp-json\/wp\/v2\/types\/post"}],"author":[{"embeddable":true,"href":"https:\/\/www.simepe.com.br\/novo\/wp-json\/wp\/v2\/users\/1"}],"replies":[{"embeddable":true,"href":"https:\/\/www.simepe.com.br\/novo\/wp-json\/wp\/v2\/comments?post=44725"}],"version-history":[{"count":1,"href":"https:\/\/www.simepe.com.br\/novo\/wp-json\/wp\/v2\/posts\/44725\/revisions"}],"predecessor-version":[{"id":44726,"href":"https:\/\/www.simepe.com.br\/novo\/wp-json\/wp\/v2\/posts\/44725\/revisions\/44726"}],"wp:attachment":[{"href":"https:\/\/www.simepe.com.br\/novo\/wp-json\/wp\/v2\/media?parent=44725"}],"wp:term":[{"taxonomy":"category","embeddable":true,"href":"https:\/\/www.simepe.com.br\/novo\/wp-json\/wp\/v2\/categories?post=44725"},{"taxonomy":"post_tag","embeddable":true,"href":"https:\/\/www.simepe.com.br\/novo\/wp-json\/wp\/v2\/tags?post=44725"}],"curies":[{"name":"wp","href":"https:\/\/api.w.org\/{rel}","templated":true}]}}