{"id":44951,"date":"2018-03-22T08:48:11","date_gmt":"2018-03-22T11:48:11","guid":{"rendered":"http:\/\/www.simepe.com.br\/novo\/?p=44951"},"modified":"2018-03-22T08:48:46","modified_gmt":"2018-03-22T11:48:46","slug":"down-um-cromossomo-a-mais-nao-te-faz-ser-menos","status":"publish","type":"post","link":"https:\/\/www.simepe.com.br\/novo\/down-um-cromossomo-a-mais-nao-te-faz-ser-menos\/","title":{"rendered":"Down: um cromossomo a mais n\u00e3o te faz ser menos"},"content":{"rendered":"<p style=\"text-align: justify;\">O Dia Internacional da S\u00edndrome de Down, celebrado nesta quarta-feira (21), lembra a import\u00e2ncia de vencer desafios esteri\u00f3tipos e preconceito encarados por quem possui a altera\u00e7\u00e3o gen\u00e9tica<\/p>\n<p style=\"text-align: justify;\">Extra! Extra! Hoje \u00e9 dia de circo!<\/p>\n<p style=\"text-align: justify;\">Antes do espet\u00e1culo come\u00e7ar, Fernando Henrique, de 26 anos, separa a roupa no dia anterior da apresenta\u00e7\u00e3o, faz a barba e veste a fantasia diante do espelho apertando e fazendo \u201cpom-pom\u201d no seu nariz de palha\u00e7o. Tudo certo! E eis que chega a hora de abrir as cortinas.<\/p>\n<p style=\"text-align: justify;\">Com ele, essa rotina se repete h\u00e1 5 anos. Esse foi o caminho que encontrou para mostrar ao p\u00fablico sua maneira leve e divertida de ver o mundo. Entre uma acrobacia e outra, Fernando faz quest\u00e3o de exibir o quanto \u00e9 capaz de vencer o preconceito do mundo, diariamente.<\/p>\n<p style=\"text-align: justify;\">Henrique, como \u00e9 chamado carinhosamente pelos familiares, nasceu com S\u00edndrome de Down, uma defici\u00eancia intelectual e motora, e desde cedo, teve de encarar desafios na sociedade, ao lado de dona Maria Regina, sua m\u00e3e, de 71 anos. Conhe\u00e7a um pouco de sua hist\u00f3ria:\u00a0<a href=\"http:\/\/www.leiaja.com\/noticias\/2018\/03\/21\/down-um-cromossomo-mais-nao-te-faz-ser-menos\/\">http:\/\/www.leiaja.com\/noticias\/2018\/03\/21\/down-um-cromossomo-mais-nao-te-faz-ser-menos\/<\/a>.<\/p>\n<p style=\"text-align: justify;\">Assim como Fernando, outras 29 pessoas com essa mesma condi\u00e7\u00e3o gen\u00e9tica participam do projeto Circo Social, da UNINASSAU, levando ao p\u00fablico toda a irrever\u00eancia, ousadia de acrobacias em solo, equil\u00edbrio e malabares. Criada desde 2014, a a\u00e7\u00e3o surge diante da preocupa\u00e7\u00e3o da institui\u00e7\u00e3o em lidar com os desafios das pessoas com defici\u00eancia ou necessidades espec\u00edficas enfrentam.<\/p>\n<p style=\"text-align: justify;\">De acordo com S\u00e9rgio Murilo, coordenador de Responsabilidade Social do Grupo Ser Educacional, a idealiza\u00e7\u00e3o do projeto reflete diretamente em boas pr\u00e1ticas inclusivas.<\/p>\n<p style=\"text-align: justify;\">\u201cConviver com os participantes da a\u00e7\u00e3o nos faz ser humanos melhores. V\u00ea-los desenvolver habilidades e superar desafios, nos motiva cada vez mais a trabalhar pela inclus\u00e3o destas pessoas na sociedade. Por tudo isso, iniciar mais uma turma do Projeto Circo Social UNINASSAU no Dia Internacional da S\u00edndrome de Down \u00e9 muito significativo para os participantes, seus familiares e todos n\u00f3s que fazemos parte do Grupo Ser Educacional&#8221;, salienta.<\/p>\n<p style=\"text-align: justify;\">A iniciativa consiste em reunir esses alunos para ensinar modalidades circenses, de modo que eles se sintam cada vez mais inclu\u00eddos. Preparo do corpo, aulas de bal\u00e9, malabares com bolas, chaves e afins, s\u00e3o algumas das modalidades praticadas.<\/p>\n<p style=\"text-align: justify;\">O projeto visa ainda contemplar familiares dos participantes, atrav\u00e9s de encontros de grupo, que t\u00eam como objetivo proporcionar um espa\u00e7o de acolhida e escuta para as m\u00e3es e pais, a fim de compartilharem suas experi\u00eancias.<\/p>\n<p style=\"text-align: justify;\"><strong>Trissomia n\u00e3o \u00e9 doen\u00e7a<\/strong><\/p>\n<p style=\"text-align: justify;\">A s\u00edndrome de Down ou trissomia do Cromossomo 21 \u00e9 uma ocorr\u00eancia gen\u00e9tica que se d\u00e1 no in\u00edcio da gesta\u00e7\u00e3o e \u00e9 caracterizada pela presen\u00e7a de tr\u00eas cromossomos 21, no lugar dos dois usuais, em todas ou na maioria das c\u00e9lulas do corpo. Dessa forma, ao inv\u00e9s de nascer com 46 cromossomos, o beb\u00ea nasce com 47.<\/p>\n<p style=\"text-align: justify;\">Essa altera\u00e7\u00e3o faz com que as pessoas com Down tenham caracter\u00edsticas espec\u00edficas como hipotonia (t\u00f4nus muscular diminu\u00eddo) e o d\u00e9ficit cognitivo (dificuldade de aprendizagem). Na parte f\u00edsica, as caracter\u00edsticas s\u00e3o face um pouco mais achatada, olhos arredondados, dedos das m\u00e3os menores, pesco\u00e7o curto e baixa estatura.<\/p>\n<p style=\"text-align: justify;\">Apesar da peculiaridade, cada indiv\u00edduo com s\u00edndrome de Down \u00e9 \u00fanico e tem sua pr\u00f3pria personalidade e potencial.<\/p>\n<p style=\"text-align: justify;\"><strong>Dia Internacional da S\u00edndrome de Down<\/strong><\/p>\n<p style=\"text-align: justify;\">Nesta quarta-feira (21), \u00e9 celebrado o Dia Internacional da S\u00edndrome de Down. A data serve como forma de reflex\u00e3o sobre a import\u00e2ncia da inclus\u00e3o de pessoas com trissomia em meios como escolas, mercado de trabalho e rela\u00e7\u00f5es sociais em geral.<\/p>\n<p style=\"text-align: justify;\">Diante da data, alguns avan\u00e7os j\u00e1 podem ser percept\u00edveis, em prol dessas pessoas. De acordo com dados do Censo Escolar, do ano de 2015, houve um progresso expressivo em prol dos direitos sociais igualit\u00e1rios. O n\u00famero de pessoas com defici\u00eancia matriculadas na educa\u00e7\u00e3o b\u00e1sica regular subiu de 79% para 93%, em rela\u00e7\u00e3o ao ano anterior da pesquisa.<\/p>\n<p style=\"text-align: justify;\">A Lei Brasileira de Inclus\u00e3o (LBI) tamb\u00e9m foi um importante fator para essa e outras conquistas. Entrou em vigor no dia 2 de janeiro de 2016 e j\u00e1 trouxe alguns avan\u00e7os como:<\/p>\n<p style=\"text-align: justify;\">-Proibi\u00e7\u00e3o de cobran\u00e7as a mais em escolas de alunos com defici\u00eancia;<\/p>\n<p style=\"text-align: justify;\">-Ratifica\u00e7\u00e3o de acesso \u00e0 escola regular;<\/p>\n<p style=\"text-align: justify;\">-Penas maiores para crimes de preconceito e discrimina\u00e7\u00e3o;<\/p>\n<p style=\"text-align: justify;\">-Proibi\u00e7\u00e3o de planos de sa\u00fade de cobrarem valores a mais ou de n\u00e3o aceitarem pacientes por causa de sua defici\u00eancia.<\/p>\n<p style=\"text-align: justify;\"><strong>N\u00e3o existe grau da S\u00edndrome de Down<\/strong><\/p>\n<p style=\"text-align: justify;\">Ainda \u00e9 muito comum que haja a confus\u00e3o acerca da semelhan\u00e7a entre a evolu\u00e7\u00e3o cognitiva de pessoas com Down. Muitos ainda associam que a aprendizagem lenta ou avan\u00e7ada \u00e9 determinada pelo exame cari\u00f3tipo (que analisa os cromossomos celulares). No entanto, toda essa ideia \u00e9 errada.<\/p>\n<p style=\"text-align: justify;\">N\u00e3o existem \u201dgraus\u201d variantes de uma pessoa \u00e0 outra com trissomia. As caracter\u00edsticas f\u00edsicas, bem como seu desenvolvimento f\u00edsico e mental dependem das diferen\u00e7as que existem entre as pessoas e tamb\u00e9m dos est\u00edmulos que essas venham a receber, no decorrer da vida.<\/p>\n<p style=\"text-align: justify;\">As caracter\u00edsticas f\u00edsicas, desenvolvimento e evolu\u00e7\u00e3o de uma pessoa com a SD dependem de fatores como: situa\u00e7\u00f5es cl\u00ednicas com a presen\u00e7a ou n\u00e3o de problemas card\u00edacos ou outras complica\u00e7\u00f5es, fatores gen\u00e9ticos, est\u00edmulos adequados, educa\u00e7\u00e3o, disciplina e outros mais.<\/p>\n<p style=\"text-align: justify;\">Embora j\u00e1 existam muitos avan\u00e7os, quem tem S\u00edndrome de Down, assim como outros adultos e crian\u00e7as com necessidades espec\u00edficas, ainda enfrentam preconceito social. Para ajudar a enfrentar esse dilema, separamos uma lista com as maneiras corretas que toda pessoa com essa altera\u00e7\u00e3o gen\u00e9tica merece ser tratada. Confira!<\/p>\n<p style=\"text-align: justify;\"><img src=\"http:\/\/www.leiaja.com\/sites\/default\/files\/imagens\/2018\/infografico_rebeca.jpg\" alt=\"\" \/><\/p>\n<p style=\"text-align: justify;\">Fonte: Leia J\u00e1<\/p>\n","protected":false},"excerpt":{"rendered":"<p>O Dia Internacional da S\u00edndrome de Down, celebrado nesta quarta-feira (21), lembra a import\u00e2ncia de vencer desafios esteri\u00f3tipos e preconceito encarados por quem possui a altera\u00e7\u00e3o gen\u00e9tica Extra! Extra! Hoje \u00e9 dia de circo! Antes do espet\u00e1culo come\u00e7ar, Fernando Henrique, de 26 anos, separa a roupa no dia anterior da apresenta\u00e7\u00e3o, faz a barba e [&hellip;]<\/p>\n","protected":false},"author":1,"featured_media":44953,"comment_status":"open","ping_status":"open","sticky":false,"template":"","format":"standard","meta":{"ocean_post_layout":"","ocean_both_sidebars_style":"","ocean_both_sidebars_content_width":0,"ocean_both_sidebars_sidebars_width":0,"ocean_sidebar":"","ocean_second_sidebar":"","ocean_disable_margins":"enable","ocean_add_body_class":"","ocean_shortcode_before_top_bar":"","ocean_shortcode_after_top_bar":"","ocean_shortcode_before_header":"","ocean_shortcode_after_header":"","ocean_has_shortcode":"","ocean_shortcode_after_title":"","ocean_shortcode_before_footer_widgets":"","ocean_shortcode_after_footer_widgets":"","ocean_shortcode_before_footer_bottom":"","ocean_shortcode_after_footer_bottom":"","ocean_display_top_bar":"default","ocean_display_header":"default","ocean_header_style":"","ocean_center_header_left_menu":"","ocean_custom_header_template":"","ocean_custom_logo":0,"ocean_custom_retina_logo":0,"ocean_custom_logo_max_width":0,"ocean_custom_logo_tablet_max_width":0,"ocean_custom_logo_mobile_max_width":0,"ocean_custom_logo_max_height":0,"ocean_custom_logo_tablet_max_height":0,"ocean_custom_logo_mobile_max_height":0,"ocean_header_custom_menu":"","ocean_menu_typo_font_family":"","ocean_menu_typo_font_subset":"","ocean_menu_typo_font_size":0,"ocean_menu_typo_font_size_tablet":0,"ocean_menu_typo_font_size_mobile":0,"ocean_menu_typo_font_size_unit":"px","ocean_menu_typo_font_weight":"","ocean_menu_typo_font_weight_tablet":"","ocean_menu_typo_font_weight_mobile":"","ocean_menu_typo_transform":"","ocean_menu_typo_transform_tablet":"","ocean_menu_typo_transform_mobile":"","ocean_menu_typo_line_height":0,"ocean_menu_typo_line_height_tablet":0,"ocean_menu_typo_line_height_mobile":0,"ocean_menu_typo_line_height_unit":"","ocean_menu_typo_spacing":0,"ocean_menu_typo_spacing_tablet":0,"ocean_menu_typo_spacing_mobile":0,"ocean_menu_typo_spacing_unit":"","ocean_menu_link_color":"","ocean_menu_link_color_hover":"","ocean_menu_link_color_active":"","ocean_menu_link_background":"","ocean_menu_link_hover_background":"","ocean_menu_link_active_background":"","ocean_menu_social_links_bg":"","ocean_menu_social_hover_links_bg":"","ocean_menu_social_links_color":"","ocean_menu_social_hover_links_color":"","ocean_disable_title":"default","ocean_disable_heading":"default","ocean_post_title":"","ocean_post_subheading":"","ocean_post_title_style":"","ocean_post_title_background_color":"","ocean_post_title_background":0,"ocean_post_title_bg_image_position":"","ocean_post_title_bg_image_attachment":"","ocean_post_title_bg_image_repeat":"","ocean_post_title_bg_image_size":"","ocean_post_title_height":0,"ocean_post_title_bg_overlay":0.5,"ocean_post_title_bg_overlay_color":"","ocean_disable_breadcrumbs":"default","ocean_breadcrumbs_color":"","ocean_breadcrumbs_separator_color":"","ocean_breadcrumbs_links_color":"","ocean_breadcrumbs_links_hover_color":"","ocean_display_footer_widgets":"default","ocean_display_footer_bottom":"default","ocean_custom_footer_template":"","ocean_post_oembed":"","ocean_post_self_hosted_media":"","ocean_post_video_embed":"","ocean_link_format":"","ocean_link_format_target":"self","ocean_quote_format":"","ocean_quote_format_link":"post","ocean_gallery_link_images":"on","ocean_gallery_id":[]},"categories":[1],"tags":[2619,2618,49],"acf":[],"_links":{"self":[{"href":"https:\/\/www.simepe.com.br\/novo\/wp-json\/wp\/v2\/posts\/44951"}],"collection":[{"href":"https:\/\/www.simepe.com.br\/novo\/wp-json\/wp\/v2\/posts"}],"about":[{"href":"https:\/\/www.simepe.com.br\/novo\/wp-json\/wp\/v2\/types\/post"}],"author":[{"embeddable":true,"href":"https:\/\/www.simepe.com.br\/novo\/wp-json\/wp\/v2\/users\/1"}],"replies":[{"embeddable":true,"href":"https:\/\/www.simepe.com.br\/novo\/wp-json\/wp\/v2\/comments?post=44951"}],"version-history":[{"count":2,"href":"https:\/\/www.simepe.com.br\/novo\/wp-json\/wp\/v2\/posts\/44951\/revisions"}],"predecessor-version":[{"id":44954,"href":"https:\/\/www.simepe.com.br\/novo\/wp-json\/wp\/v2\/posts\/44951\/revisions\/44954"}],"wp:featuredmedia":[{"embeddable":true,"href":"https:\/\/www.simepe.com.br\/novo\/wp-json\/wp\/v2\/media\/44953"}],"wp:attachment":[{"href":"https:\/\/www.simepe.com.br\/novo\/wp-json\/wp\/v2\/media?parent=44951"}],"wp:term":[{"taxonomy":"category","embeddable":true,"href":"https:\/\/www.simepe.com.br\/novo\/wp-json\/wp\/v2\/categories?post=44951"},{"taxonomy":"post_tag","embeddable":true,"href":"https:\/\/www.simepe.com.br\/novo\/wp-json\/wp\/v2\/tags?post=44951"}],"curies":[{"name":"wp","href":"https:\/\/api.w.org\/{rel}","templated":true}]}}