{"id":44957,"date":"2018-03-22T09:03:57","date_gmt":"2018-03-22T12:03:57","guid":{"rendered":"http:\/\/www.simepe.com.br\/novo\/?p=44957"},"modified":"2018-03-22T09:03:57","modified_gmt":"2018-03-22T12:03:57","slug":"maioria-dos-pacientes-com-dor-na-lombar-recebe-tratamento-errado-dizem-estudos","status":"publish","type":"post","link":"https:\/\/www.simepe.com.br\/novo\/maioria-dos-pacientes-com-dor-na-lombar-recebe-tratamento-errado-dizem-estudos\/","title":{"rendered":"Maioria dos pacientes com dor na lombar recebe tratamento errado, dizem estudos"},"content":{"rendered":"<p style=\"text-align: justify;\">Condi\u00e7\u00e3o afeta 540 milh\u00f5es de pessoas em todo o mundo, concluem pesquisas publicadas no &#8216;The Lancet&#8217;. A avalia\u00e7\u00e3o \u00e9 de que medicamentos n\u00e3o deveriam ser a primeira op\u00e7\u00e3o.<\/p>\n<p style=\"text-align: justify;\">dor na lombar \u00e9 a principal causa de incapacita\u00e7\u00e3o no trabalho e afeta em m\u00e9dia 540 milh\u00f5es de pessoas em todo o mundo, avaliam estudos publicados nesta quarta-feira (21) no &#8220;The Lancet&#8221;. Ainda, a maioria dos pacientes com dores recebem o tratamento errado quando procuram um especialista.<\/p>\n<p style=\"text-align: justify;\">Para chegar a essas conclus\u00f5es, pesquisadores fizeram uma revis\u00e3o sistem\u00e1tica de estudos publicados entre 1990 e 2016 em 195 pa\u00edses. A partir desses dados, foram publicados dois estudos cient\u00edficos no &#8220;The Lancet &#8221; e um artigo de opini\u00e3o de especialistas.<\/p>\n<p style=\"text-align: justify;\">Na avalia\u00e7\u00e3o dos pesquisadores do estudo, a primeira op\u00e7\u00e3o de tratamento para a condi\u00e7\u00e3o deveria ser feito na aten\u00e7\u00e3o prim\u00e1ria, com a indica\u00e7\u00e3o de reeduca\u00e7\u00e3o postural e a manuten\u00e7\u00e3o da rotina di\u00e1ria.<\/p>\n<p style=\"text-align: justify;\">O que acaba acontecendo, entretanto, \u00e9 que a maioria dos pacientes volta para a casa com medicamentos e a indica\u00e7\u00e3o de pararem de trabalhar &#8212; embora diretrizes mais recentes demonstrem que fisioterapia e manuten\u00e7\u00e3o da atividade f\u00edsica e de uma vida ativa seriam mais eficazes.<\/p>\n<p style=\"text-align: justify;\">Ainda, em pa\u00edses como os Estados Unidos, h\u00e1 a recomenda\u00e7\u00e3o do uso de medicamentos muito fortes para a condi\u00e7\u00e3o &#8212; como os opioides.<\/p>\n<p style=\"text-align: justify;\">De acordo com as pesquisas, a dor lombar agora se consolidou como a principal causa de incapacidade no mundo &#8212; com o crescimento da condi\u00e7\u00e3o em algumas regi\u00f5es da \u00c1frica e Oriente M\u00e9dio e em partes da Am\u00e9rica Latina, al\u00e9m dos altos \u00edndices j\u00e1 registrados em pa\u00edses de alta renda.<\/p>\n<p style=\"text-align: justify;\">\nNo Reino Unido, por exemplo, se juntarmos todos os dias de trabalho perdidos por trabalhadores brit\u00e2nicos, um total de 1 milh\u00e3o de anos de vida produtiva \u00e9 perdido por causa da defici\u00eancia de dor lombar. Nos Estados Unidos, esse num\u00e9ro \u00e9 de 3 milh\u00f5es e, na Austr\u00e1lia, 300.000.<\/p>\n<p style=\"text-align: justify;\"><strong>Sobre a dor<\/strong><\/p>\n<p style=\"text-align: justify;\">\nA dor lombar \u00e9 um sintoma muito comum e ocorre em todas as faixas et\u00e1rias. Para a maioria das pessoas, n\u00e3o h\u00e1 uma causa espec\u00edfica, como uma fratura vertebral.<\/p>\n<p style=\"text-align: justify;\">Indiv\u00edduos com empregos com maior exig\u00eancia f\u00edsica, pessoas com comorbidades mentais e obesos est\u00e3o mais propensas \u00e0 dor.<\/p>\n<p style=\"text-align: justify;\">As pesquisas estimam que a dor lombar aumente nas pr\u00f3ximas d\u00e9cadas, em particular em pa\u00edses de baixa e m\u00e9dia renda, em que os sistemas de sa\u00fade s\u00e3o fr\u00e1geis para lidar com a condi\u00e7\u00e3o.<\/p>\n<p style=\"text-align: justify;\"><strong>Os tratamentos recomendados<\/strong><\/p>\n<p style=\"text-align: justify;\">\nO tratamento inicial deve ser n\u00e3o medicamentoso com a educa\u00e7\u00e3o para a retomada das atividades normais. Uma indica\u00e7\u00e3o de um psic\u00f3logo pode ser dada para sintomas persistentes.<\/p>\n<p style=\"text-align: justify;\">No entanto, avaliam os pesquisadores, h\u00e1 um uso excessivo de exames de imagem, opioides, inje\u00e7\u00f5es e cirurgia.<\/p>\n<p style=\"text-align: justify;\">&#8220;Globalmente, existem lacunas entre a evid\u00eancia e pr\u00e1tica, com um uso limitado da primeira indica\u00e7\u00e3o de tratamento&#8221;, escreveram os pesquisadores.<\/p>\n<p style=\"text-align: justify;\"><img src=\"https:\/\/s2.glbimg.com\/NtRS7q2nW8BNfSI8R5B153bAOFo=\/0x0:620x660\/984x0\/smart\/filters:strip_icc()\/s.glbimg.com\/jo\/g1\/f\/original\/2011\/07\/15\/620x660_dorlombar.jpg\" alt=\"Reeduca\u00e7\u00e3o postural \u00e9 a orienta\u00e7\u00e3o mais indicada e evita reincid\u00eancias (Foto: Arte\/ G1)\" \/><\/p>\n<p style=\"text-align: justify;\"><strong>Iniciativa global<\/strong><\/p>\n<p style=\"text-align: justify;\">\nO estudo faz parte da iniciativa &#8220;Global Burden Disease&#8221; (algo como o fardo global de doen\u00e7as). A ideia da medida \u00e9 que, como as pessoas est\u00e3o vivendo mais, \u00e9 necess\u00e1rio ter um olhar mais voltado para como elas vivem, bem como para as incapacidades que v\u00e3o se acumulando com as diversas doen\u00e7as e tratamentos que surgem ao longo do tempo.<\/p>\n<p style=\"text-align: justify;\">Nesse sentido, a sa\u00fade p\u00fablica come\u00e7ou a avaliar os &#8220;anos vividos com incapacidade&#8221; como uma vari\u00e1vel para indicar a qualidade de vida. Exemplos de doen\u00e7as comuns que levam \u00e0 incapacidade, segundo a iniciativa, s\u00e3o defici\u00eancia de ferro, enxaqueca, dores na lombar e depress\u00e3o.<\/p>\n<p style=\"text-align: justify;\">Os anos vividos com incapacidade que tiveram por causa a dor na lombar aumentaram 54% desde 1990 &#8212; o que elevou a condi\u00e7ao ao patamar de principal causadora de incapacidade.<\/p>\n<p style=\"text-align: justify;\">\n<p style=\"text-align: justify;\">Fonte: G1<\/p>\n","protected":false},"excerpt":{"rendered":"<p>Condi\u00e7\u00e3o afeta 540 milh\u00f5es de pessoas em todo o mundo, concluem pesquisas publicadas no &#8216;The Lancet&#8217;. A avalia\u00e7\u00e3o \u00e9 de que medicamentos n\u00e3o deveriam ser a primeira op\u00e7\u00e3o. dor na lombar \u00e9 a principal causa de incapacita\u00e7\u00e3o no trabalho e afeta em m\u00e9dia 540 milh\u00f5es de pessoas em todo o mundo, avaliam estudos publicados nesta [&hellip;]<\/p>\n","protected":false},"author":1,"featured_media":44958,"comment_status":"open","ping_status":"open","sticky":false,"template":"","format":"standard","meta":{"ocean_post_layout":"","ocean_both_sidebars_style":"","ocean_both_sidebars_content_width":0,"ocean_both_sidebars_sidebars_width":0,"ocean_sidebar":"","ocean_second_sidebar":"","ocean_disable_margins":"enable","ocean_add_body_class":"","ocean_shortcode_before_top_bar":"","ocean_shortcode_after_top_bar":"","ocean_shortcode_before_header":"","ocean_shortcode_after_header":"","ocean_has_shortcode":"","ocean_shortcode_after_title":"","ocean_shortcode_before_footer_widgets":"","ocean_shortcode_after_footer_widgets":"","ocean_shortcode_before_footer_bottom":"","ocean_shortcode_after_footer_bottom":"","ocean_display_top_bar":"default","ocean_display_header":"default","ocean_header_style":"","ocean_center_header_left_menu":"","ocean_custom_header_template":"","ocean_custom_logo":0,"ocean_custom_retina_logo":0,"ocean_custom_logo_max_width":0,"ocean_custom_logo_tablet_max_width":0,"ocean_custom_logo_mobile_max_width":0,"ocean_custom_logo_max_height":0,"ocean_custom_logo_tablet_max_height":0,"ocean_custom_logo_mobile_max_height":0,"ocean_header_custom_menu":"","ocean_menu_typo_font_family":"","ocean_menu_typo_font_subset":"","ocean_menu_typo_font_size":0,"ocean_menu_typo_font_size_tablet":0,"ocean_menu_typo_font_size_mobile":0,"ocean_menu_typo_font_size_unit":"px","ocean_menu_typo_font_weight":"","ocean_menu_typo_font_weight_tablet":"","ocean_menu_typo_font_weight_mobile":"","ocean_menu_typo_transform":"","ocean_menu_typo_transform_tablet":"","ocean_menu_typo_transform_mobile":"","ocean_menu_typo_line_height":0,"ocean_menu_typo_line_height_tablet":0,"ocean_menu_typo_line_height_mobile":0,"ocean_menu_typo_line_height_unit":"","ocean_menu_typo_spacing":0,"ocean_menu_typo_spacing_tablet":0,"ocean_menu_typo_spacing_mobile":0,"ocean_menu_typo_spacing_unit":"","ocean_menu_link_color":"","ocean_menu_link_color_hover":"","ocean_menu_link_color_active":"","ocean_menu_link_background":"","ocean_menu_link_hover_background":"","ocean_menu_link_active_background":"","ocean_menu_social_links_bg":"","ocean_menu_social_hover_links_bg":"","ocean_menu_social_links_color":"","ocean_menu_social_hover_links_color":"","ocean_disable_title":"default","ocean_disable_heading":"default","ocean_post_title":"","ocean_post_subheading":"","ocean_post_title_style":"","ocean_post_title_background_color":"","ocean_post_title_background":0,"ocean_post_title_bg_image_position":"","ocean_post_title_bg_image_attachment":"","ocean_post_title_bg_image_repeat":"","ocean_post_title_bg_image_size":"","ocean_post_title_height":0,"ocean_post_title_bg_overlay":0.5,"ocean_post_title_bg_overlay_color":"","ocean_disable_breadcrumbs":"default","ocean_breadcrumbs_color":"","ocean_breadcrumbs_separator_color":"","ocean_breadcrumbs_links_color":"","ocean_breadcrumbs_links_hover_color":"","ocean_display_footer_widgets":"default","ocean_display_footer_bottom":"default","ocean_custom_footer_template":"","ocean_post_oembed":"","ocean_post_self_hosted_media":"","ocean_post_video_embed":"","ocean_link_format":"","ocean_link_format_target":"self","ocean_quote_format":"","ocean_quote_format_link":"post","ocean_gallery_link_images":"on","ocean_gallery_id":[]},"categories":[1],"tags":[2620,484,424],"acf":[],"_links":{"self":[{"href":"https:\/\/www.simepe.com.br\/novo\/wp-json\/wp\/v2\/posts\/44957"}],"collection":[{"href":"https:\/\/www.simepe.com.br\/novo\/wp-json\/wp\/v2\/posts"}],"about":[{"href":"https:\/\/www.simepe.com.br\/novo\/wp-json\/wp\/v2\/types\/post"}],"author":[{"embeddable":true,"href":"https:\/\/www.simepe.com.br\/novo\/wp-json\/wp\/v2\/users\/1"}],"replies":[{"embeddable":true,"href":"https:\/\/www.simepe.com.br\/novo\/wp-json\/wp\/v2\/comments?post=44957"}],"version-history":[{"count":1,"href":"https:\/\/www.simepe.com.br\/novo\/wp-json\/wp\/v2\/posts\/44957\/revisions"}],"predecessor-version":[{"id":44959,"href":"https:\/\/www.simepe.com.br\/novo\/wp-json\/wp\/v2\/posts\/44957\/revisions\/44959"}],"wp:featuredmedia":[{"embeddable":true,"href":"https:\/\/www.simepe.com.br\/novo\/wp-json\/wp\/v2\/media\/44958"}],"wp:attachment":[{"href":"https:\/\/www.simepe.com.br\/novo\/wp-json\/wp\/v2\/media?parent=44957"}],"wp:term":[{"taxonomy":"category","embeddable":true,"href":"https:\/\/www.simepe.com.br\/novo\/wp-json\/wp\/v2\/categories?post=44957"},{"taxonomy":"post_tag","embeddable":true,"href":"https:\/\/www.simepe.com.br\/novo\/wp-json\/wp\/v2\/tags?post=44957"}],"curies":[{"name":"wp","href":"https:\/\/api.w.org\/{rel}","templated":true}]}}