{"id":45019,"date":"2018-03-26T12:26:03","date_gmt":"2018-03-26T15:26:03","guid":{"rendered":"http:\/\/www.simepe.com.br\/novo\/?p=45019"},"modified":"2018-03-26T12:26:03","modified_gmt":"2018-03-26T15:26:03","slug":"febre-amarela-sete-milhoes-de-pessoas-para-vacinar-no-estado","status":"publish","type":"post","link":"https:\/\/www.simepe.com.br\/novo\/febre-amarela-sete-milhoes-de-pessoas-para-vacinar-no-estado\/","title":{"rendered":"Febre amarela: sete milh\u00f5es de pessoas para vacinar no estado"},"content":{"rendered":"<p style=\"text-align: justify;\">De cada dez habitantes do estado, dois s\u00e3o imunizados contra a febre amarela. Preven\u00e7\u00e3o ser\u00e1 desafio<\/p>\n<p style=\"text-align: justify;\">De cada 10 habitantes de Pernambuco, s\u00f3 dois s\u00e3o vacinados contra a febre amarela. Na semana em que divulgou que um cronograma de amplia\u00e7\u00e3o da cobertura para a doen\u00e7a, o Minist\u00e9rio da Sa\u00fade revelou que mais de sete milh\u00f5es de residentes do estado n\u00e3o est\u00e3o protegidos. O dado mostra o desafio que haver\u00e1 a partir de mar\u00e7o de 2019, quando o estado passar\u00e1 a ser \u00e1rea de recomenda\u00e7\u00e3o para vacina. At\u00e9 l\u00e1, contudo, n\u00e3o mudam as regras de quem poder\u00e1 se vacinar.<\/p>\n<p style=\"text-align: justify;\">A meta do minist\u00e9rio \u00e9 transformar todo o territ\u00f3rio nacional em \u00e1rea de recomenda\u00e7\u00e3o para a vacina, mudando assim a estrat\u00e9gia adotada at\u00e9 ent\u00e3o. O Brasil passaria, dessa forma, de uma atua\u00e7\u00e3o de emerg\u00eancia para uma de preven\u00e7\u00e3o. Para tanto, precisa imunizar 77,4 milh\u00f5es de pessoas, das quais quase 10% est\u00e3o em Pernambuco. Dos 13 estados presentes no cronograma, Pernambuco ser\u00e1 o 11\u00ba onde a medida passar\u00e1 a vigorar. Em nota, a Secretaria Estadual de Sa\u00fade (SES-PE) afirmou que ir\u00e1 atender a recomenda\u00e7\u00e3o a partir do calend\u00e1rio estabelecido.<\/p>\n<p style=\"text-align: justify;\">A expectativa, de acordo com a SES, \u00e9 que, at\u00e9 l\u00e1, o estado receba as doses necess\u00e1rias para atender essa nova demanda. Somente nos tr\u00eas primeiros meses deste ano, j\u00e1 foram enviadas para Pernambuco 80 mil doses, tr\u00eas mil a mais do que o recebido durante todo o ano de 2017. Enquanto n\u00e3o houver a mudan\u00e7a, a vacina continua sendo indicada apenas para aqueles que viajar\u00e3o para as \u00e1reas com recomenda\u00e7\u00e3o &#8211; at\u00e9 ent\u00e3o 23 estados, dos quais nove com \u00e1reas parciais de recomenda\u00e7\u00e3o.<\/p>\n<p style=\"text-align: justify;\">Por isso, quem vai viajar antes de mar\u00e7o de 2019 para esses lugares precisar\u00e1 ir a uma unidade de sa\u00fade onde h\u00e1 o imunizante levando algum comprovante da viagem, como fez o bombeiro Carlos de Souza, 47 anos. \u201cVamos para os Estados Unidos, mas precisaremos parar no Panam\u00e1. Por isso, viemos tomar a vacina, ainda que a viagem seja s\u00f3 em abril\u201d, contou ele, que esteve na Policl\u00ednica Lessa de Andrade. A unidade de sa\u00fade, que chegou a ter o estoque de doses zerado no in\u00edcio de mar\u00e7o, teve a m\u00e9dia de demanda di\u00e1ria reduzida, mas a procura ainda \u00e9 alta.<\/p>\n<p style=\"text-align: justify;\">Durante 40 minutos em que a equipe do Diario esteve na policl\u00ednica, cerca de 20 pessoas foram imunizadas. \u201cEstamos a trabalho em uma embarca\u00e7\u00e3o. Vamos para Fernando de Noronha e depois \u00e0 \u00c1frica. E nos recomendaram tomar a vacina\u201d, comentou o franc\u00eas Medhi Taffahi, 32. \u201cVou para um casamento em S\u00e3o Paulo e sou a \u00fanica da minha fam\u00edlia que ainda n\u00e3o havia tomado a vacina. A gente fica com medo, pois sabe que pode entrar em contato com o v\u00edrus\u201d, disse a t\u00e9cnica de enfermagem aposentada Maria do Amparo Silva, 63.<\/p>\n<p style=\"text-align: justify;\">A SES ressaltou que, antes de se vacinar, tamb\u00e9m \u00e9 preciso verificar as contraindica\u00e7\u00f5es e grupos de risco. A imuniza\u00e7\u00e3o deve acontecer no m\u00ednimo dez dias antes da viagem. Quanto \u00e0 distribui\u00e7\u00e3o de doses, o \u00f3rg\u00e3o afirmou que est\u00e1 ocorrendo de acordo com a necessidade de cada cidade. Recife e Caruaru s\u00e3o as localidades com maior demanda. Tanto Igarassu quanto Olinda e Jaboat\u00e3o dos Guararapes est\u00e3o com vacina\u00e7\u00e3o dispon\u00edvel. J\u00e1 no servi\u00e7o privado, a expectativa \u00e9 de que chegada do imunizante em maio.<\/p>\n<p style=\"text-align: justify;\">At\u00e9 o momento, Pernambuco tem quatro casos notificados de febre amarela, sendo tr\u00eas descartados e um confirmado. Todas as ocorr\u00eancias foram importadas, ou seja, de indiv\u00edduos que estiveram em \u00e1reas de risco. A confirma\u00e7\u00e3o n\u00e3o caracteriza a entrada do v\u00edrus da febre amarela no estado.<\/p>\n<p style=\"text-align: justify;\">\n<p style=\"text-align: justify;\">Fonte: Diario de Pernambuco<\/p>\n","protected":false},"excerpt":{"rendered":"<p>De cada dez habitantes do estado, dois s\u00e3o imunizados contra a febre amarela. Preven\u00e7\u00e3o ser\u00e1 desafio De cada 10 habitantes de Pernambuco, s\u00f3 dois s\u00e3o vacinados contra a febre amarela. Na semana em que divulgou que um cronograma de amplia\u00e7\u00e3o da cobertura para a doen\u00e7a, o Minist\u00e9rio da Sa\u00fade revelou que mais de sete milh\u00f5es [&hellip;]<\/p>\n","protected":false},"author":1,"featured_media":0,"comment_status":"open","ping_status":"open","sticky":false,"template":"","format":"standard","meta":{"ocean_post_layout":"","ocean_both_sidebars_style":"","ocean_both_sidebars_content_width":0,"ocean_both_sidebars_sidebars_width":0,"ocean_sidebar":"","ocean_second_sidebar":"","ocean_disable_margins":"enable","ocean_add_body_class":"","ocean_shortcode_before_top_bar":"","ocean_shortcode_after_top_bar":"","ocean_shortcode_before_header":"","ocean_shortcode_after_header":"","ocean_has_shortcode":"","ocean_shortcode_after_title":"","ocean_shortcode_before_footer_widgets":"","ocean_shortcode_after_footer_widgets":"","ocean_shortcode_before_footer_bottom":"","ocean_shortcode_after_footer_bottom":"","ocean_display_top_bar":"default","ocean_display_header":"default","ocean_header_style":"","ocean_center_header_left_menu":"","ocean_custom_header_template":"","ocean_custom_logo":0,"ocean_custom_retina_logo":0,"ocean_custom_logo_max_width":0,"ocean_custom_logo_tablet_max_width":0,"ocean_custom_logo_mobile_max_width":0,"ocean_custom_logo_max_height":0,"ocean_custom_logo_tablet_max_height":0,"ocean_custom_logo_mobile_max_height":0,"ocean_header_custom_menu":"","ocean_menu_typo_font_family":"","ocean_menu_typo_font_subset":"","ocean_menu_typo_font_size":0,"ocean_menu_typo_font_size_tablet":0,"ocean_menu_typo_font_size_mobile":0,"ocean_menu_typo_font_size_unit":"px","ocean_menu_typo_font_weight":"","ocean_menu_typo_font_weight_tablet":"","ocean_menu_typo_font_weight_mobile":"","ocean_menu_typo_transform":"","ocean_menu_typo_transform_tablet":"","ocean_menu_typo_transform_mobile":"","ocean_menu_typo_line_height":0,"ocean_menu_typo_line_height_tablet":0,"ocean_menu_typo_line_height_mobile":0,"ocean_menu_typo_line_height_unit":"","ocean_menu_typo_spacing":0,"ocean_menu_typo_spacing_tablet":0,"ocean_menu_typo_spacing_mobile":0,"ocean_menu_typo_spacing_unit":"","ocean_menu_link_color":"","ocean_menu_link_color_hover":"","ocean_menu_link_color_active":"","ocean_menu_link_background":"","ocean_menu_link_hover_background":"","ocean_menu_link_active_background":"","ocean_menu_social_links_bg":"","ocean_menu_social_hover_links_bg":"","ocean_menu_social_links_color":"","ocean_menu_social_hover_links_color":"","ocean_disable_title":"default","ocean_disable_heading":"default","ocean_post_title":"","ocean_post_subheading":"","ocean_post_title_style":"","ocean_post_title_background_color":"","ocean_post_title_background":0,"ocean_post_title_bg_image_position":"","ocean_post_title_bg_image_attachment":"","ocean_post_title_bg_image_repeat":"","ocean_post_title_bg_image_size":"","ocean_post_title_height":0,"ocean_post_title_bg_overlay":0.5,"ocean_post_title_bg_overlay_color":"","ocean_disable_breadcrumbs":"default","ocean_breadcrumbs_color":"","ocean_breadcrumbs_separator_color":"","ocean_breadcrumbs_links_color":"","ocean_breadcrumbs_links_hover_color":"","ocean_display_footer_widgets":"default","ocean_display_footer_bottom":"default","ocean_custom_footer_template":"","ocean_post_oembed":"","ocean_post_self_hosted_media":"","ocean_post_video_embed":"","ocean_link_format":"","ocean_link_format_target":"self","ocean_quote_format":"","ocean_quote_format_link":"post","ocean_gallery_link_images":"on","ocean_gallery_id":[]},"categories":[9],"tags":[],"acf":[],"_links":{"self":[{"href":"https:\/\/www.simepe.com.br\/novo\/wp-json\/wp\/v2\/posts\/45019"}],"collection":[{"href":"https:\/\/www.simepe.com.br\/novo\/wp-json\/wp\/v2\/posts"}],"about":[{"href":"https:\/\/www.simepe.com.br\/novo\/wp-json\/wp\/v2\/types\/post"}],"author":[{"embeddable":true,"href":"https:\/\/www.simepe.com.br\/novo\/wp-json\/wp\/v2\/users\/1"}],"replies":[{"embeddable":true,"href":"https:\/\/www.simepe.com.br\/novo\/wp-json\/wp\/v2\/comments?post=45019"}],"version-history":[{"count":1,"href":"https:\/\/www.simepe.com.br\/novo\/wp-json\/wp\/v2\/posts\/45019\/revisions"}],"predecessor-version":[{"id":45020,"href":"https:\/\/www.simepe.com.br\/novo\/wp-json\/wp\/v2\/posts\/45019\/revisions\/45020"}],"wp:attachment":[{"href":"https:\/\/www.simepe.com.br\/novo\/wp-json\/wp\/v2\/media?parent=45019"}],"wp:term":[{"taxonomy":"category","embeddable":true,"href":"https:\/\/www.simepe.com.br\/novo\/wp-json\/wp\/v2\/categories?post=45019"},{"taxonomy":"post_tag","embeddable":true,"href":"https:\/\/www.simepe.com.br\/novo\/wp-json\/wp\/v2\/tags?post=45019"}],"curies":[{"name":"wp","href":"https:\/\/api.w.org\/{rel}","templated":true}]}}